{"id":79521,"date":"2017-04-15T01:03:50","date_gmt":"2017-04-14T23:03:50","guid":{"rendered":"http:\/\/www.24zabrze.pl\/wiadomosci\/?p=79521"},"modified":"2017-04-15T01:03:50","modified_gmt":"2017-04-14T23:03:50","slug":"zabrze-w-skladzie-zwiazku-metropolitalnego-zaglosuj-w-konsultacjach","status":"publish","type":"post","link":"https:\/\/www.24zabrze.pl\/wiadomosci\/zabrze-w-skladzie-zwiazku-metropolitalnego-zaglosuj-w-konsultacjach\/","title":{"rendered":"Zabrze w sk\u0142adzie zwi\u0105zku metropolitalnego? Zag\u0142osuj w konsultacjach"},"content":{"rendered":"<div class=\"zabrz-a6-z-nad-leadem-artykulow zabrz-entity-placement\" id=\"zabrz-3244126553\"><div class=\"zabrz-adlabel\"><span style=\"font-size: 9px\">REKLAMA<\/span><\/div><div id=\"zabrz-299790800\" style=\"margin-bottom: 30px;margin-left: auto;margin-right: auto;text-align: center;\"><a data-no-instant=\"1\" href=\"https:\/\/dom100.eu\/\" rel=\"noopener\" class=\"a2t-link\" target=\"_blank\" aria-label=\"20260415 DOM100 D\"><img loading=\"lazy\" decoding=\"async\" src=\"https:\/\/www.24zabrze.pl\/wiadomosci\/wp-content\/uploads\/2026\/02\/20260415-DOM100-D.jpg\" alt=\"\"  srcset=\"https:\/\/www.24zabrze.pl\/wiadomosci\/wp-content\/uploads\/2026\/02\/20260415-DOM100-D.jpg 750w, https:\/\/www.24zabrze.pl\/wiadomosci\/wp-content\/uploads\/2026\/02\/20260415-DOM100-D-410x109.jpg 410w\" sizes=\"(max-width: 750px) 100vw, 750px\" class=\"no-lazyload\" width=\"750\" height=\"200\"  style=\"display: inline-block; max-width: 100%; height: auto;\" \/><\/a><\/div><\/div><h4>W Zabrzu rozpocz\u0119\u0142y si\u0119 konsultacje spo\u0142eczne w sprawie wej\u015bcia Miasta Zabrze w sk\u0142ad tworzonego na terenie wojew\u00f3dztwa \u015bl\u0105skiego zwi\u0105zku metropolitalnego. Potrwaj\u0105 dwa tygodnie \u2013 do 26 kwietnia.<\/h4>\n<p>W zwi\u0105zku z wej\u015bciem w \u017cycie ustawy o zwi\u0105zku metropolitalnym w wojew\u00f3dztwie \u015bl\u0105skim, ka\u017cda gmina, maj\u0105ca wej\u015b\u0107 w sk\u0142ad zwi\u0105zku, jest zobowi\u0105zana do przeprowadzenia konsultacji spo\u0142ecznych w\u015br\u00f3d swoich mieszka\u0144c\u00f3w. <\/p><div class=\"zabrz-a3-z-w-tresci-artykulow zabrz-entity-placement\" id=\"zabrz-4205592189\"><div class=\"zabrz-adlabel\"><span style=\"font-size: 9px\">REKLAMA<\/span><\/div><div id=\"zabrz-581859195\" style=\"margin-bottom: 40px;margin-left: auto;margin-right: auto;text-align: center;\"><a data-no-instant=\"1\" href=\"https:\/\/ogrodyandersa.pl\/\" rel=\"noopener\" class=\"a2t-link\" target=\"_blank\" aria-label=\"20260415 Ogrody Andersa WYBIERZ MIESZKANIE D\"><img loading=\"lazy\" decoding=\"async\" src=\"https:\/\/www.24zabrze.pl\/wiadomosci\/wp-content\/uploads\/2026\/02\/20260415-Ogrody-Andersa-WYBIERZ-MIESZKANIE-D.jpg\" alt=\"\"  srcset=\"https:\/\/www.24zabrze.pl\/wiadomosci\/wp-content\/uploads\/2026\/02\/20260415-Ogrody-Andersa-WYBIERZ-MIESZKANIE-D.jpg 750w, https:\/\/www.24zabrze.pl\/wiadomosci\/wp-content\/uploads\/2026\/02\/20260415-Ogrody-Andersa-WYBIERZ-MIESZKANIE-D-410x109.jpg 410w\" sizes=\"(max-width: 750px) 100vw, 750px\" class=\"no-lazyload\" width=\"750\" height=\"200\"  style=\"display: inline-block; max-width: 100%; height: auto;\" \/><\/a><\/div><\/div>\n<blockquote><p>\u2013 Celem tych konsultacji jest poznanie opinii mieszka\u0144c\u00f3w na temat przyst\u0105pienia Zabrza do zwi\u0105zku metropolitalnego. Jestem przekonana, \u017ce dzi\u0119ki zwi\u0105zkowi metropolitalnemu, kt\u00f3ry w\u0142a\u015bnie powstaje, zyskamy m.in. w sferze gospodarczej, naukowej, kulturalnej czy turystycznej i rekreacyjnej, znacz\u0105co przy\u015bpieszaj\u0105c upowszechnianie innowacji i wprowadzanie korzystnych zmian<\/p><\/blockquote>\n<p> \u2013 stwierdza <strong>Ma\u0142gorzata Ma\u0144ka-Szulik<\/strong>, prezydent Zabrza.<\/p>\n<p>Rada Miasta Zabrze 10 kwietnia przyj\u0119\u0142a uchwa\u0142\u0119 w sprawie zasad i trybu przeprowadzenia konsultacji z mieszka\u0144cami Miasta Zabrze, dotycz\u0105cych wej\u015bcia Miasta Zabrze do tworzonego zwi\u0105zku metropolitalnego. Zgodnie z tre\u015bci\u0105 uchwa\u0142y konsultacje na terenie naszego miasta potrwaj\u0105 dwa tygodnie \u2013 do 26 kwietnia br.<\/p>\n<p>Ka\u017cdy mieszkaniec b\u0119dzie m\u00f3g\u0142 odpowiedzie\u0107 na nast\u0119puj\u0105ce pytanie:<\/p>\n<h5 style=\"padding-left: 60px;\"><em>\u201eCzy jest Pani\/Pan za wej\u015bciem Miasta Zabrze w sk\u0142ad tworzonego na terenie wojew\u00f3dztwa \u015bl\u0105skiego zwi\u0105zku metropolitalnego, o kt\u00f3rym mowa w art. 1 ust.2 i 3 ustawy z dnia 9 marca 2017 roku o zwi\u0105zku metropolitalnym w wojew\u00f3dztwie \u015bl\u0105skim?\u201d<\/em><\/h5>\n<p>Formularze konsultacyjne mo\u017cna pobra\u0107 od 13 kwietnia w Punktach Obs\u0142ugi Klienta Urz\u0119du Miejskiego w Zabrzu przy ul. Szkubacza 1 (Centrum Handlowe M1) oraz ul. Powsta\u0144c\u00f3w \u015al\u0105skich 5-7 (parter, przy wej\u015bciu g\u0142\u00f3wnym do budynku Urz\u0119du Miejskiego), a tak\u017ce w Biuletynie Informacji Publicznej (www.bip.zabrze.pl).<\/p>\n<p>Wi\u0119cej informacji nt. konsultacji znajduje si\u0119 na stronach: <a href=\"http:\/\/www.um.zabrze.pl\" target=\"_blank\">www.um.zabrze.pl<\/a> oraz <a href=\"http:\/\/www.gzm.org.pl\" target=\"_blank\">www.gzm.org.pl<\/a><\/p>\n","protected":false},"excerpt":{"rendered":"<p>W Zabrzu rozpocz\u0119\u0142y si\u0119 konsultacje spo\u0142eczne w sprawie wej\u015bcia Miasta Zabrze w sk\u0142ad tworzonego na terenie wojew\u00f3dztwa \u015bl\u0105skiego zwi\u0105zku metropolitalnego. Potrwaj\u0105 dwa tygodnie \u2013 do 26 kwietnia. W zwi\u0105zku z wej\u015bciem w \u017cycie ustawy o zwi\u0105zku metropolitalnym w wojew\u00f3dztwie \u015bl\u0105skim, ka\u017cda gmina, maj\u0105ca wej\u015b\u0107 w sk\u0142ad zwi\u0105zku, jest zobowi\u0105zana do przeprowadzenia konsultacji spo\u0142ecznych w\u015br\u00f3d swoich [&hellip;]<\/p>\n","protected":false},"author":4,"featured_media":79526,"comment_status":"closed","ping_status":"closed","sticky":false,"template":"","format":"standard","meta":{"_monsterinsights_skip_tracking":false,"_monsterinsights_sitenote_active":false,"_monsterinsights_sitenote_note":"","_monsterinsights_sitenote_category":0,"footnotes":"","_links_to":"","_links_to_target":""},"categories":[8,9,1],"tags":[],"class_list":["post-79521","post","type-post","status-publish","format-standard","has-post-thumbnail","hentry","category-referendum","category-stronaglowna","category-wszystko"],"_links":{"self":[{"href":"https:\/\/www.24zabrze.pl\/wiadomosci\/wp-json\/wp\/v2\/posts\/79521","targetHints":{"allow":["GET"]}}],"collection":[{"href":"https:\/\/www.24zabrze.pl\/wiadomosci\/wp-json\/wp\/v2\/posts"}],"about":[{"href":"https:\/\/www.24zabrze.pl\/wiadomosci\/wp-json\/wp\/v2\/types\/post"}],"author":[{"embeddable":true,"href":"https:\/\/www.24zabrze.pl\/wiadomosci\/wp-json\/wp\/v2\/users\/4"}],"replies":[{"embeddable":true,"href":"https:\/\/www.24zabrze.pl\/wiadomosci\/wp-json\/wp\/v2\/comments?post=79521"}],"version-history":[{"count":7,"href":"https:\/\/www.24zabrze.pl\/wiadomosci\/wp-json\/wp\/v2\/posts\/79521\/revisions"}],"predecessor-version":[{"id":79529,"href":"https:\/\/www.24zabrze.pl\/wiadomosci\/wp-json\/wp\/v2\/posts\/79521\/revisions\/79529"}],"wp:featuredmedia":[{"embeddable":true,"href":"https:\/\/www.24zabrze.pl\/wiadomosci\/wp-json\/wp\/v2\/media\/79526"}],"wp:attachment":[{"href":"https:\/\/www.24zabrze.pl\/wiadomosci\/wp-json\/wp\/v2\/media?parent=79521"}],"wp:term":[{"taxonomy":"category","embeddable":true,"href":"https:\/\/www.24zabrze.pl\/wiadomosci\/wp-json\/wp\/v2\/categories?post=79521"},{"taxonomy":"post_tag","embeddable":true,"href":"https:\/\/www.24zabrze.pl\/wiadomosci\/wp-json\/wp\/v2\/tags?post=79521"}],"curies":[{"name":"wp","href":"https:\/\/api.w.org\/{rel}","templated":true}]}}