{"id":79120,"date":"2016-12-18T04:02:44","date_gmt":"2016-12-18T02:02:44","guid":{"rendered":"http:\/\/www.24zabrze.pl\/wiadomosci\/?p=79120"},"modified":"2016-12-18T04:02:44","modified_gmt":"2016-12-18T02:02:44","slug":"dts-zostanie-wydluzona-zwracamy-sie-o-przekazanie-srodkow-na-sfinalizowanie-tej-inwestycji","status":"publish","type":"post","link":"https:\/\/www.24zabrze.pl\/wiadomosci\/dts-zostanie-wydluzona-zwracamy-sie-o-przekazanie-srodkow-na-sfinalizowanie-tej-inwestycji\/","title":{"rendered":"DT\u015a zostanie wyd\u0142u\u017cona? ?Zwracamy si\u0119 o przekazanie \u015brodk\u00f3w na sfinalizowanie tej inwestycji&#8221;"},"content":{"rendered":"<div class=\"zabrz-a6-z-nad-leadem-artykulow zabrz-entity-placement\" id=\"zabrz-3127468723\"><div class=\"zabrz-adlabel\"><span style=\"font-size: 9px\">REKLAMA<\/span><\/div><div id=\"zabrz-2203716449\" style=\"margin-bottom: 30px;margin-left: auto;margin-right: auto;text-align: center;\"><a data-no-instant=\"1\" href=\"https:\/\/dom100.eu\/\" rel=\"noopener\" class=\"a2t-link\" target=\"_blank\" aria-label=\"20260415 DOM100 D\"><img loading=\"lazy\" decoding=\"async\" src=\"https:\/\/www.24zabrze.pl\/wiadomosci\/wp-content\/uploads\/2026\/02\/20260415-DOM100-D.jpg\" alt=\"\"  srcset=\"https:\/\/www.24zabrze.pl\/wiadomosci\/wp-content\/uploads\/2026\/02\/20260415-DOM100-D.jpg 750w, https:\/\/www.24zabrze.pl\/wiadomosci\/wp-content\/uploads\/2026\/02\/20260415-DOM100-D-410x109.jpg 410w\" sizes=\"(max-width: 750px) 100vw, 750px\" class=\"no-lazyload\" width=\"750\" height=\"200\"  style=\"display: inline-block; max-width: 100%; height: auto;\" \/><\/a><\/div><\/div><h4>Z Gliwic, przez Zabrze \u015brednic\u00f3wk\u0105 a\u017c do Jaworzna? Projekt przed\u0142u\u017cenia DT\u015a na wsch\u00f3d od Katowic wci\u0105\u017c jest \u017cywy. O zabezpieczenie \u015brodk\u00f3w pieni\u0119\u017cnych na ten cel wyst\u0105pili do rz\u0105du \u015bl\u0105scy pos\u0142owie PO.<\/h4>\n<p>&#8211; Budowa wschodniego odcinka DT\u015a to strategiczna inwestycja dla naszego regionu. Komunikacyjna klamra, kt\u00f3ra zepnie ca\u0142\u0105 aglomeracj\u0119 \u015bl\u0105sk\u0105 jest warunkiem naszego dalszego rozwoju. \u015arodki, kt\u00f3re na ten cel mo\u017ce zaplanowa\u0107 i przeznaczy\u0107 wojew\u00f3dztwo s\u0105 niewystarczaj\u0105ce, konieczna jest finansowa pomoc ze strony pa\u0144stwa, by zrealizowa\u0107 ten cel &#8211; argumentuj\u0105 pos\u0142owie <strong>Pawe\u0142 Ba\u0144kowski<\/strong> i <strong>Wojciech Kr\u00f3l<\/strong> w pi\u015bmie do <strong>premier Beaty Szyd\u0142o<\/strong>.<\/p><div class=\"zabrz-a3-z-w-tresci-artykulow zabrz-entity-placement\" id=\"zabrz-616451975\"><div class=\"zabrz-adlabel\"><span style=\"font-size: 9px\">REKLAMA<\/span><\/div><div id=\"zabrz-1163999547\" style=\"margin-bottom: 40px;margin-left: auto;margin-right: auto;text-align: center;\"><a data-no-instant=\"1\" href=\"https:\/\/ogrodyandersa.pl\/\" rel=\"noopener\" class=\"a2t-link\" target=\"_blank\" aria-label=\"20260415 Ogrody Andersa WYBIERZ MIESZKANIE D\"><img loading=\"lazy\" decoding=\"async\" src=\"https:\/\/www.24zabrze.pl\/wiadomosci\/wp-content\/uploads\/2026\/02\/20260415-Ogrody-Andersa-WYBIERZ-MIESZKANIE-D.jpg\" alt=\"\"  srcset=\"https:\/\/www.24zabrze.pl\/wiadomosci\/wp-content\/uploads\/2026\/02\/20260415-Ogrody-Andersa-WYBIERZ-MIESZKANIE-D.jpg 750w, https:\/\/www.24zabrze.pl\/wiadomosci\/wp-content\/uploads\/2026\/02\/20260415-Ogrody-Andersa-WYBIERZ-MIESZKANIE-D-410x109.jpg 410w\" sizes=\"(max-width: 750px) 100vw, 750px\" class=\"no-lazyload\" width=\"750\" height=\"200\"  style=\"display: inline-block; max-width: 100%; height: auto;\" \/><\/a><\/div><\/div>\n[perfectpullquote align=&#8221;full&#8221; cite=&#8221;&#8221; link=&#8221;&#8221; color=&#8221;&#8221; class=&#8221;&#8221; size=&#8221;&#8221;]Pomys\u0142 wyd\u0142u\u017cenia DT\u015a, od wyj\u015bcia z tunelu w Katowicach do po\u0142\u0105czenia z tras\u0105 S1 w Jaworznie i Sosnowcu, nie jest nowy. [\/perfectpullquote]\n<p>O planowanej rozbudowie du\u017co m\u00f3wi\u0142o si\u0119 przy okazji oddawania do u\u017cytku gliwickich odcink\u00f3w trasy. Natomiast pod koniec kwietnia marsza\u0142ek wojew\u00f3dztwa \u015bl\u0105skiego sygnalizowa\u0142, \u017ce na realizacj\u0119 projektu brakuje pieni\u0119dzy.<\/p>\n<p>&#8211; To co planujemy przerasta dzisiaj mo\u017cliwo\u015bci finansowe wojew\u00f3dztwa. To jest projekt, kt\u00f3ry by\u0107 mo\u017ce b\u0119dziemy realizowali latami, tak jak realizowali\u015bmy DT\u015a w kierunku Gliwic &#8211; m\u00f3wi\u0142 <strong>Wojciech Sa\u0142uga<\/strong> na \u0142amach &#8220;Gazety Wyborczej&#8221;.<\/p>\n[perfectpullquote align=&#8221;full&#8221; cite=&#8221;&#8221; link=&#8221;&#8221; color=&#8221;&#8221; class=&#8221;&#8221; size=&#8221;&#8221;]Szacuje si\u0119, \u017ce w obecnej perspektywie, ze \u015brodk\u00f3w Unii Europejskiej na realizacj\u0119 DT\u015a Wsch\u00f3d mo\u017ce trafi\u0107 255 mln z\u0142 (tylko na jedn\u0105 odnog\u0119 planowanej trasy &#8211; tzw. odcinek jaworznicki). To jednak zdecydowanie za ma\u0142o.[\/perfectpullquote]\n<p>&#8211; Zwracamy si\u0119 z wnioskiem do Pani Premier o wsparcie dla regionu \u015bl\u0105skiego i przekazanie do bud\u017cetu na 2017 rok \u015brodk\u00f3w na sfinalizowanie tej wa\u017cnej inwestycji drogowej &#8211; pisz\u0105 Ba\u0144kowski i Kr\u00f3l.<\/p>\n<p>&#8211; Oczywi\u015bcie interesujemy si\u0119 tym tematem. Kieruj\u0105c si\u0119 ocen\u0105 funkcjonowania istniej\u0105cej sieci drogowej tej cz\u0119\u015bci wojew\u00f3dztwa, w tym bardzo wysokim nat\u0119\u017ceniem ruchu oraz korzy\u015bci jakie wybudowane odcinki trasy ju\u017c przysporzy\u0142y aglomeracji, nie ma w\u0105tpliwo\u015bci, \u017ce inwestycja ta powinna by\u0107 kontynuowana na wsch\u00f3d od Katowic. A w\u00f3wczas Sp\u00f3\u0142ka DT\u015a S.A. jest gotowa uczestniczy\u0107 w tym procesie &#8211; m\u00f3wi nam <strong>Danuta \u017bak<\/strong>, rzecznik prasowy DT\u015a S.A, sp\u00f3\u0142ki, kt\u00f3ra w imieniu Urz\u0119du Marsza\u0142kowskiego by\u0142a inwestorem zast\u0119pczym DT\u015a Katowice-Gliwice.<br \/>\n(msz)<\/p>\n<p>*****<br \/>\nDrogowa Trasa \u015arednicowa \u0142\u0105czy sze\u015b\u0107 miast aglomeracji g\u00f3rno\u015bl\u0105skiej (Katowice, Chorz\u00f3w, \u015awi\u0119toch\u0142owice, Rud\u0119 \u015al\u0105sk\u0105, Zabrze i Gliwice). Budowa pierwszego, katowickiego odcinka trasy rozpocz\u0119\u0142a si\u0119 w 1979 roku. Prace przerwano dwa lata p\u00f3\u017aniej, by nast\u0119pnie wznowi\u0107 je w 1986 roku. Po otwarciu ostatniego gliwickiego odcinka trasy, w marcu tego roku, d\u0142ugo\u015b\u0107 \u015brednic\u00f3wki wynosi 31 kilometr\u00f3w.<\/p>\n","protected":false},"excerpt":{"rendered":"<p>Z Gliwic, przez Zabrze \u015brednic\u00f3wk\u0105 a\u017c do Jaworzna? Projekt przed\u0142u\u017cenia DT\u015a na wsch\u00f3d od Katowic wci\u0105\u017c jest \u017cywy. O zabezpieczenie \u015brodk\u00f3w pieni\u0119\u017cnych na ten cel wyst\u0105pili do rz\u0105du \u015bl\u0105scy pos\u0142owie PO. &#8211; Budowa wschodniego odcinka DT\u015a to strategiczna inwestycja dla naszego regionu. Komunikacyjna klamra, kt\u00f3ra zepnie ca\u0142\u0105 aglomeracj\u0119 \u015bl\u0105sk\u0105 jest warunkiem naszego dalszego rozwoju. \u015arodki, [&hellip;]<\/p>\n","protected":false},"author":4,"featured_media":79122,"comment_status":"closed","ping_status":"closed","sticky":false,"template":"","format":"standard","meta":{"_monsterinsights_skip_tracking":false,"_monsterinsights_sitenote_active":false,"_monsterinsights_sitenote_note":"","_monsterinsights_sitenote_category":0,"footnotes":"","_links_to":"","_links_to_target":""},"categories":[8,9,1],"tags":[],"class_list":["post-79120","post","type-post","status-publish","format-standard","has-post-thumbnail","hentry","category-referendum","category-stronaglowna","category-wszystko"],"_links":{"self":[{"href":"https:\/\/www.24zabrze.pl\/wiadomosci\/wp-json\/wp\/v2\/posts\/79120","targetHints":{"allow":["GET"]}}],"collection":[{"href":"https:\/\/www.24zabrze.pl\/wiadomosci\/wp-json\/wp\/v2\/posts"}],"about":[{"href":"https:\/\/www.24zabrze.pl\/wiadomosci\/wp-json\/wp\/v2\/types\/post"}],"author":[{"embeddable":true,"href":"https:\/\/www.24zabrze.pl\/wiadomosci\/wp-json\/wp\/v2\/users\/4"}],"replies":[{"embeddable":true,"href":"https:\/\/www.24zabrze.pl\/wiadomosci\/wp-json\/wp\/v2\/comments?post=79120"}],"version-history":[{"count":2,"href":"https:\/\/www.24zabrze.pl\/wiadomosci\/wp-json\/wp\/v2\/posts\/79120\/revisions"}],"predecessor-version":[{"id":79123,"href":"https:\/\/www.24zabrze.pl\/wiadomosci\/wp-json\/wp\/v2\/posts\/79120\/revisions\/79123"}],"wp:featuredmedia":[{"embeddable":true,"href":"https:\/\/www.24zabrze.pl\/wiadomosci\/wp-json\/wp\/v2\/media\/79122"}],"wp:attachment":[{"href":"https:\/\/www.24zabrze.pl\/wiadomosci\/wp-json\/wp\/v2\/media?parent=79120"}],"wp:term":[{"taxonomy":"category","embeddable":true,"href":"https:\/\/www.24zabrze.pl\/wiadomosci\/wp-json\/wp\/v2\/categories?post=79120"},{"taxonomy":"post_tag","embeddable":true,"href":"https:\/\/www.24zabrze.pl\/wiadomosci\/wp-json\/wp\/v2\/tags?post=79120"}],"curies":[{"name":"wp","href":"https:\/\/api.w.org\/{rel}","templated":true}]}}