{"id":78956,"date":"2016-11-24T13:46:36","date_gmt":"2016-11-24T11:46:36","guid":{"rendered":"http:\/\/www.24zabrze.pl\/wiadomosci\/?p=78956"},"modified":"2016-11-24T13:51:07","modified_gmt":"2016-11-24T11:51:07","slug":"to-nie-jest-proces-ktory-mozna-zrealizowac-w-jeden-rok-prezydent-rp-z-wizyta-w-zabrzu","status":"publish","type":"post","link":"https:\/\/www.24zabrze.pl\/wiadomosci\/to-nie-jest-proces-ktory-mozna-zrealizowac-w-jeden-rok-prezydent-rp-z-wizyta-w-zabrzu\/","title":{"rendered":"&#8220;To nie jest proces, kt\u00f3ry mo\u017cna zrealizowa\u0107 w jeden rok&#8221;. Prezydent RP z wizyt\u0105 w Zabrzu"},"content":{"rendered":"<div class=\"zabrz-a6-z-nad-leadem-artykulow zabrz-entity-placement\" id=\"zabrz-1263193180\"><div class=\"zabrz-adlabel\"><span style=\"font-size: 9px\">REKLAMA<\/span><\/div><div id=\"zabrz-245650200\" style=\"margin-bottom: 30px;margin-left: auto;margin-right: auto;text-align: center;\"><a data-no-instant=\"1\" href=\"https:\/\/dom100.eu\/\" rel=\"noopener\" class=\"a2t-link\" target=\"_blank\" aria-label=\"20260415 DOM100 D\"><img loading=\"lazy\" decoding=\"async\" src=\"https:\/\/www.24zabrze.pl\/wiadomosci\/wp-content\/uploads\/2026\/02\/20260415-DOM100-D.jpg\" alt=\"\"  srcset=\"https:\/\/www.24zabrze.pl\/wiadomosci\/wp-content\/uploads\/2026\/02\/20260415-DOM100-D.jpg 750w, https:\/\/www.24zabrze.pl\/wiadomosci\/wp-content\/uploads\/2026\/02\/20260415-DOM100-D-410x109.jpg 410w\" sizes=\"(max-width: 750px) 100vw, 750px\" class=\"no-lazyload\" width=\"750\" height=\"200\"  style=\"display: inline-block; max-width: 100%; height: auto;\" \/><\/a><\/div><\/div><h4>Prezydent Rzeczypospolitej Polskiej Andrzej Duda z\u0142o\u017cy\u0142 w \u015brod\u0119 wizyt\u0119 w wojew\u00f3dztwie \u015bl\u0105skim. Odwiedzi\u0142 Zabrze oraz Piekary \u015al\u0105skie.<\/h4>\n<p>Kilkugodzinna wizyta prezydenta RP w naszym mie\u015bcie rozpocz\u0119\u0142a si\u0119 od z\u0142o\u017cenia wie\u0144ca <strong>przy pomniku Poleg\u0142ych Powsta\u0144c\u00f3w \u015al\u0105skich<\/strong>. Nast\u0119pnie <strong>w hali Miejskiego O\u015brodka Sportu i Rekreacji<\/strong> spotka\u0142 si\u0119 z przedstawicielami samorz\u0105du, \u015bwiata nauki, biznesu i medycyny, zwi\u0105zkowcami z KWK Makoszowy oraz mieszka\u0144cami Zabrza. W spotkaniu wzi\u0119li udzia\u0142 m.in. wojewoda \u015bl\u0105ski Jaros\u0142aw Wieczorek oraz pos\u0142owie i senatorowie.<\/p><div class=\"zabrz-a3-z-w-tresci-artykulow zabrz-entity-placement\" id=\"zabrz-3781928976\"><div class=\"zabrz-adlabel\"><span style=\"font-size: 9px\">REKLAMA<\/span><\/div><div id=\"zabrz-1911158718\" style=\"margin-bottom: 40px;margin-left: auto;margin-right: auto;text-align: center;\"><a data-no-instant=\"1\" href=\"https:\/\/ogrodyandersa.pl\/\" rel=\"noopener\" class=\"a2t-link\" target=\"_blank\" aria-label=\"20260415 Ogrody Andersa WYBIERZ MIESZKANIE D\"><img loading=\"lazy\" decoding=\"async\" src=\"https:\/\/www.24zabrze.pl\/wiadomosci\/wp-content\/uploads\/2026\/02\/20260415-Ogrody-Andersa-WYBIERZ-MIESZKANIE-D.jpg\" alt=\"\"  srcset=\"https:\/\/www.24zabrze.pl\/wiadomosci\/wp-content\/uploads\/2026\/02\/20260415-Ogrody-Andersa-WYBIERZ-MIESZKANIE-D.jpg 750w, https:\/\/www.24zabrze.pl\/wiadomosci\/wp-content\/uploads\/2026\/02\/20260415-Ogrody-Andersa-WYBIERZ-MIESZKANIE-D-410x109.jpg 410w\" sizes=\"(max-width: 750px) 100vw, 750px\" class=\"no-lazyload\" width=\"750\" height=\"200\"  style=\"display: inline-block; max-width: 100%; height: auto;\" \/><\/a><\/div><\/div>\n<blockquote><p>&#8211; \u015al\u0105sk jest miejscem dla Polski niezwykle wa\u017cnym. Jest przede wszystkim miejscem zwi\u0105zanym z bardzo silnym etosem pracy<\/p><\/blockquote>\n<p> &#8211; m\u00f3wi\u0142 prezydent podczas wizyty w Zabrzu.<\/p>\n<p>Prezydent zapewni\u0142, \u017ce b\u0119dzie wsp\u00f3\u0142pracowa\u0142 z rz\u0105dem, kt\u00f3ry &#8211; jak m\u00f3wi\u0142 &#8211; nie chce pozostawi\u0107 polskiego g\u00f3rnictwa, &#8220;pozostawi\u0107 bezpa\u0144sko tego przemys\u0142u, kt\u00f3ry nam jeszcze zosta\u0142&#8221;, ale chce go wspiera\u0107, by ten przemys\u0142 z powrotem by\u0142 silny.<\/p>\n<p>Ale to nie jest proces, kt\u00f3ry mo\u017cna zrealizowa\u0107 w jeden rok. To jest proces, kt\u00f3ry si\u0119 b\u0119dzie ci\u0105gn\u0105\u0142 na lata &#8211; podkre\u015bli\u0142. Andrzej Duda zaznaczy\u0142, \u017ce przywracanie gospodarki na dobre tory jest zwi\u0105zane ze znajdowaniem inwestor\u00f3w, stwarzaniem warunk\u00f3w tak\u017ce w systemie podatkowym, by inwestycje si\u0119 op\u0142aca\u0142y oraz wp\u0142ywaniem na polityk\u0119 europejsk\u0105, by nie blokowano mo\u017cliwo\u015bci wydobycia w\u0119gla.<\/p>\n<p>&#8211; Wierz\u0119 w to, \u017ce te zmiany, kt\u00f3re s\u0105 realizowane w Polsce teraz, b\u0119d\u0105 dobrymi zmianami, bo b\u0119d\u0105 realizowane m\u0105drze &#8211; powiedzia\u0142 Andrzej Duda, odnosz\u0105c si\u0119 do kwestii planowanej reformy edukacji zak\u0142adaj\u0105cej m.in. likwidacj\u0119 gimnazj\u00f3w. (WKS)<\/p>\n<p><img loading=\"lazy\" decoding=\"async\" src=\"http:\/\/www.24zabrze.pl\/wiadomosci\/wp-content\/uploads\/2016\/11\/Screenshot_66.jpg\" alt=\"screenshot_66\" width=\"890\" height=\"493\" class=\"aligncenter size-full wp-image-78960\" srcset=\"https:\/\/www.24zabrze.pl\/wiadomosci\/wp-content\/uploads\/2016\/11\/Screenshot_66.jpg 890w, https:\/\/www.24zabrze.pl\/wiadomosci\/wp-content\/uploads\/2016\/11\/Screenshot_66-410x227.jpg 410w, https:\/\/www.24zabrze.pl\/wiadomosci\/wp-content\/uploads\/2016\/11\/Screenshot_66-768x425.jpg 768w, https:\/\/www.24zabrze.pl\/wiadomosci\/wp-content\/uploads\/2016\/11\/Screenshot_66-810x449.jpg 810w\" sizes=\"auto, (max-width: 890px) 100vw, 890px\" \/><\/p>\n","protected":false},"excerpt":{"rendered":"<p>Prezydent Rzeczypospolitej Polskiej Andrzej Duda z\u0142o\u017cy\u0142 w \u015brod\u0119 wizyt\u0119 w wojew\u00f3dztwie \u015bl\u0105skim. Odwiedzi\u0142 Zabrze oraz Piekary \u015al\u0105skie. Kilkugodzinna wizyta prezydenta RP w naszym mie\u015bcie rozpocz\u0119\u0142a si\u0119 od z\u0142o\u017cenia wie\u0144ca przy pomniku Poleg\u0142ych Powsta\u0144c\u00f3w \u015al\u0105skich. Nast\u0119pnie w hali Miejskiego O\u015brodka Sportu i Rekreacji spotka\u0142 si\u0119 z przedstawicielami samorz\u0105du, \u015bwiata nauki, biznesu i medycyny, zwi\u0105zkowcami z KWK [&hellip;]<\/p>\n","protected":false},"author":4,"featured_media":78962,"comment_status":"closed","ping_status":"closed","sticky":false,"template":"","format":"standard","meta":{"_monsterinsights_skip_tracking":false,"_monsterinsights_sitenote_active":false,"_monsterinsights_sitenote_note":"","_monsterinsights_sitenote_category":0,"footnotes":"","_links_to":"","_links_to_target":""},"categories":[8,9,1],"tags":[],"class_list":["post-78956","post","type-post","status-publish","format-standard","has-post-thumbnail","hentry","category-referendum","category-stronaglowna","category-wszystko"],"_links":{"self":[{"href":"https:\/\/www.24zabrze.pl\/wiadomosci\/wp-json\/wp\/v2\/posts\/78956","targetHints":{"allow":["GET"]}}],"collection":[{"href":"https:\/\/www.24zabrze.pl\/wiadomosci\/wp-json\/wp\/v2\/posts"}],"about":[{"href":"https:\/\/www.24zabrze.pl\/wiadomosci\/wp-json\/wp\/v2\/types\/post"}],"author":[{"embeddable":true,"href":"https:\/\/www.24zabrze.pl\/wiadomosci\/wp-json\/wp\/v2\/users\/4"}],"replies":[{"embeddable":true,"href":"https:\/\/www.24zabrze.pl\/wiadomosci\/wp-json\/wp\/v2\/comments?post=78956"}],"version-history":[{"count":3,"href":"https:\/\/www.24zabrze.pl\/wiadomosci\/wp-json\/wp\/v2\/posts\/78956\/revisions"}],"predecessor-version":[{"id":78961,"href":"https:\/\/www.24zabrze.pl\/wiadomosci\/wp-json\/wp\/v2\/posts\/78956\/revisions\/78961"}],"wp:featuredmedia":[{"embeddable":true,"href":"https:\/\/www.24zabrze.pl\/wiadomosci\/wp-json\/wp\/v2\/media\/78962"}],"wp:attachment":[{"href":"https:\/\/www.24zabrze.pl\/wiadomosci\/wp-json\/wp\/v2\/media?parent=78956"}],"wp:term":[{"taxonomy":"category","embeddable":true,"href":"https:\/\/www.24zabrze.pl\/wiadomosci\/wp-json\/wp\/v2\/categories?post=78956"},{"taxonomy":"post_tag","embeddable":true,"href":"https:\/\/www.24zabrze.pl\/wiadomosci\/wp-json\/wp\/v2\/tags?post=78956"}],"curies":[{"name":"wp","href":"https:\/\/api.w.org\/{rel}","templated":true}]}}