{"id":78909,"date":"2016-11-17T11:43:09","date_gmt":"2016-11-17T09:43:09","guid":{"rendered":"http:\/\/www.24zabrze.pl\/wiadomosci\/?p=78909"},"modified":"2016-11-24T13:48:44","modified_gmt":"2016-11-24T11:48:44","slug":"prezydent-andrzej-duda-przyjedzie-do-zabrza-w-programie-spotkanie-z-mieszkancami","status":"publish","type":"post","link":"https:\/\/www.24zabrze.pl\/wiadomosci\/prezydent-andrzej-duda-przyjedzie-do-zabrza-w-programie-spotkanie-z-mieszkancami\/","title":{"rendered":"Prezydent Andrzej Duda przyjedzie do Zabrza. W programie spotkanie z mieszka\u0144cami"},"content":{"rendered":"<div class=\"zabrz-a6-z-nad-leadem-artykulow zabrz-entity-placement\" id=\"zabrz-785666433\"><div class=\"zabrz-adlabel\"><span style=\"font-size: 9px\">REKLAMA<\/span><\/div><div id=\"zabrz-2414014576\" style=\"margin-bottom: 30px;margin-left: auto;margin-right: auto;text-align: center;\"><a data-no-instant=\"1\" href=\"https:\/\/dom100.eu\/\" rel=\"noopener\" class=\"a2t-link\" target=\"_blank\" aria-label=\"20260415 DOM100 D\"><img loading=\"lazy\" decoding=\"async\" src=\"https:\/\/www.24zabrze.pl\/wiadomosci\/wp-content\/uploads\/2026\/02\/20260415-DOM100-D.jpg\" alt=\"\"  srcset=\"https:\/\/www.24zabrze.pl\/wiadomosci\/wp-content\/uploads\/2026\/02\/20260415-DOM100-D.jpg 750w, https:\/\/www.24zabrze.pl\/wiadomosci\/wp-content\/uploads\/2026\/02\/20260415-DOM100-D-410x109.jpg 410w\" sizes=\"(max-width: 750px) 100vw, 750px\" class=\"no-lazyload\" width=\"750\" height=\"200\"  style=\"display: inline-block; max-width: 100%; height: auto;\" \/><\/a><\/div><\/div><h4>W \u015brod\u0119, 23 listopada Andrzej Duda, prezydent RP, b\u0119dzie przebywa\u0142 z wizyt\u0105 na \u015al\u0105sku, w ramach kt\u00f3rej odwiedzi Zabrze.<\/h4>\n<p> O godz. 19.00 zaplanowano spotkanie z mieszka\u0144cami w hali Miejskiego O\u015brodka Sportu i Rekreacji.<\/p><div class=\"zabrz-a3-z-w-tresci-artykulow zabrz-entity-placement\" id=\"zabrz-714449091\"><div class=\"zabrz-adlabel\"><span style=\"font-size: 9px\">REKLAMA<\/span><\/div><div id=\"zabrz-1938195751\" style=\"margin-bottom: 40px;margin-left: auto;margin-right: auto;text-align: center;\"><a data-no-instant=\"1\" href=\"https:\/\/ogrodyandersa.pl\/\" rel=\"noopener\" class=\"a2t-link\" target=\"_blank\" aria-label=\"20260415 Ogrody Andersa WYBIERZ MIESZKANIE D\"><img loading=\"lazy\" decoding=\"async\" src=\"https:\/\/www.24zabrze.pl\/wiadomosci\/wp-content\/uploads\/2026\/02\/20260415-Ogrody-Andersa-WYBIERZ-MIESZKANIE-D.jpg\" alt=\"\"  srcset=\"https:\/\/www.24zabrze.pl\/wiadomosci\/wp-content\/uploads\/2026\/02\/20260415-Ogrody-Andersa-WYBIERZ-MIESZKANIE-D.jpg 750w, https:\/\/www.24zabrze.pl\/wiadomosci\/wp-content\/uploads\/2026\/02\/20260415-Ogrody-Andersa-WYBIERZ-MIESZKANIE-D-410x109.jpg 410w\" sizes=\"(max-width: 750px) 100vw, 750px\" class=\"no-lazyload\" width=\"750\" height=\"200\"  style=\"display: inline-block; max-width: 100%; height: auto;\" \/><\/a><\/div><\/div>\n<p>Wcze\u015bniej planowana jest wizyta w Piekarach \u015al\u0105skich. Po przyje\u017adzie do Zabrza, o godz. 17.40 prezydent z\u0142o\u017cy wieniec przy pomniku Poleg\u0142ych Powsta\u0144c\u00f3w \u015al\u0105skich (ul. Wolno\u015bci). Spotkanie z mieszka\u0144cami i wyst\u0105pienie prezydenta rozpocznie si\u0119 o 19.00 w MOSiR. <\/p>\n","protected":false},"excerpt":{"rendered":"<p>W \u015brod\u0119, 23 listopada Andrzej Duda, prezydent RP, b\u0119dzie przebywa\u0142 z wizyt\u0105 na \u015al\u0105sku, w ramach kt\u00f3rej odwiedzi Zabrze. O godz. 19.00 zaplanowano spotkanie z mieszka\u0144cami w hali Miejskiego O\u015brodka Sportu i Rekreacji. Wcze\u015bniej planowana jest wizyta w Piekarach \u015al\u0105skich. Po przyje\u017adzie do Zabrza, o godz. 17.40 prezydent z\u0142o\u017cy wieniec przy pomniku Poleg\u0142ych Powsta\u0144c\u00f3w \u015al\u0105skich [&hellip;]<\/p>\n","protected":false},"author":4,"featured_media":78910,"comment_status":"closed","ping_status":"closed","sticky":false,"template":"","format":"standard","meta":{"_monsterinsights_skip_tracking":false,"_monsterinsights_sitenote_active":false,"_monsterinsights_sitenote_note":"","_monsterinsights_sitenote_category":0,"footnotes":"","_links_to":"","_links_to_target":""},"categories":[8,1],"tags":[],"class_list":["post-78909","post","type-post","status-publish","format-standard","has-post-thumbnail","hentry","category-referendum","category-wszystko"],"_links":{"self":[{"href":"https:\/\/www.24zabrze.pl\/wiadomosci\/wp-json\/wp\/v2\/posts\/78909","targetHints":{"allow":["GET"]}}],"collection":[{"href":"https:\/\/www.24zabrze.pl\/wiadomosci\/wp-json\/wp\/v2\/posts"}],"about":[{"href":"https:\/\/www.24zabrze.pl\/wiadomosci\/wp-json\/wp\/v2\/types\/post"}],"author":[{"embeddable":true,"href":"https:\/\/www.24zabrze.pl\/wiadomosci\/wp-json\/wp\/v2\/users\/4"}],"replies":[{"embeddable":true,"href":"https:\/\/www.24zabrze.pl\/wiadomosci\/wp-json\/wp\/v2\/comments?post=78909"}],"version-history":[{"count":2,"href":"https:\/\/www.24zabrze.pl\/wiadomosci\/wp-json\/wp\/v2\/posts\/78909\/revisions"}],"predecessor-version":[{"id":78912,"href":"https:\/\/www.24zabrze.pl\/wiadomosci\/wp-json\/wp\/v2\/posts\/78909\/revisions\/78912"}],"wp:featuredmedia":[{"embeddable":true,"href":"https:\/\/www.24zabrze.pl\/wiadomosci\/wp-json\/wp\/v2\/media\/78910"}],"wp:attachment":[{"href":"https:\/\/www.24zabrze.pl\/wiadomosci\/wp-json\/wp\/v2\/media?parent=78909"}],"wp:term":[{"taxonomy":"category","embeddable":true,"href":"https:\/\/www.24zabrze.pl\/wiadomosci\/wp-json\/wp\/v2\/categories?post=78909"},{"taxonomy":"post_tag","embeddable":true,"href":"https:\/\/www.24zabrze.pl\/wiadomosci\/wp-json\/wp\/v2\/tags?post=78909"}],"curies":[{"name":"wp","href":"https:\/\/api.w.org\/{rel}","templated":true}]}}