{"id":78897,"date":"2016-11-17T12:32:18","date_gmt":"2016-11-17T10:32:18","guid":{"rendered":"http:\/\/www.24zabrze.pl\/wiadomosci\/?p=78897"},"modified":"2016-11-17T19:26:33","modified_gmt":"2016-11-17T17:26:33","slug":"coraz-blizej-ostatecznej-naprawy-drogowej-trasy-srednicowej","status":"publish","type":"post","link":"https:\/\/www.24zabrze.pl\/wiadomosci\/coraz-blizej-ostatecznej-naprawy-drogowej-trasy-srednicowej\/","title":{"rendered":"Pofalowana DT\u015a przesz\u0142a kolejne przegl\u0105dy. &#8220;Grunt nasyp\u00f3w si\u0119 stabilizuje&#8221;"},"content":{"rendered":"<div class=\"zabrz-a6-z-nad-leadem-artykulow zabrz-entity-placement\" id=\"zabrz-4005679973\"><div class=\"zabrz-adlabel\"><span style=\"font-size: 9px\">REKLAMA<\/span><\/div><div id=\"zabrz-569528989\" style=\"margin-bottom: 30px;margin-left: auto;margin-right: auto;text-align: center;\"><a data-no-instant=\"1\" href=\"https:\/\/dom100.eu\/\" rel=\"noopener\" class=\"a2t-link\" target=\"_blank\" aria-label=\"20260415 DOM100 D\"><img loading=\"lazy\" decoding=\"async\" src=\"https:\/\/www.24zabrze.pl\/wiadomosci\/wp-content\/uploads\/2026\/02\/20260415-DOM100-D.jpg\" alt=\"\"  srcset=\"https:\/\/www.24zabrze.pl\/wiadomosci\/wp-content\/uploads\/2026\/02\/20260415-DOM100-D.jpg 750w, https:\/\/www.24zabrze.pl\/wiadomosci\/wp-content\/uploads\/2026\/02\/20260415-DOM100-D-410x109.jpg 410w\" sizes=\"(max-width: 750px) 100vw, 750px\" class=\"no-lazyload\" width=\"750\" height=\"200\"  style=\"display: inline-block; max-width: 100%; height: auto;\" \/><\/a><\/div><\/div><h4>Czy w drugiej po\u0142owie 2017 roku zako\u0144czy si\u0119 gehenna kierowc\u00f3w przeje\u017cd\u017caj\u0105cych codziennie po pofa\u0142dowanych odcinkach Z3 i Z4 Drogowej Trasy \u015arednicowej?<\/h4>\n<p> Fachowcy stwierdzili, \u017ce dochodzi do stabilizacji materia\u0142\u00f3w, kt\u00f3re wybrzuszy\u0142y nawierzchni\u0119 odcink\u00f3w Z3 i Z4.<\/p><div class=\"zabrz-a3-z-w-tresci-artykulow zabrz-entity-placement\" id=\"zabrz-3088474382\"><div class=\"zabrz-adlabel\"><span style=\"font-size: 9px\">REKLAMA<\/span><\/div><div id=\"zabrz-2379005969\" style=\"margin-bottom: 40px;margin-left: auto;margin-right: auto;text-align: center;\"><a data-no-instant=\"1\" href=\"https:\/\/ogrodyandersa.pl\/\" rel=\"noopener\" class=\"a2t-link\" target=\"_blank\" aria-label=\"20260415 Ogrody Andersa WYBIERZ MIESZKANIE D\"><img loading=\"lazy\" decoding=\"async\" src=\"https:\/\/www.24zabrze.pl\/wiadomosci\/wp-content\/uploads\/2026\/02\/20260415-Ogrody-Andersa-WYBIERZ-MIESZKANIE-D.jpg\" alt=\"\"  srcset=\"https:\/\/www.24zabrze.pl\/wiadomosci\/wp-content\/uploads\/2026\/02\/20260415-Ogrody-Andersa-WYBIERZ-MIESZKANIE-D.jpg 750w, https:\/\/www.24zabrze.pl\/wiadomosci\/wp-content\/uploads\/2026\/02\/20260415-Ogrody-Andersa-WYBIERZ-MIESZKANIE-D-410x109.jpg 410w\" sizes=\"(max-width: 750px) 100vw, 750px\" class=\"no-lazyload\" width=\"750\" height=\"200\"  style=\"display: inline-block; max-width: 100%; height: auto;\" \/><\/a><\/div><\/div>\n<p>Pierwotnie skuteczn\u0105 napraw\u0119 drogi planowano na czerwiec tego roku. Tak jednak si\u0119 nie sta\u0142o. We wtorek (15 listopada) urz\u0119dnicy po raz kolejny sprawdzili drog\u0119. <\/p>\n<blockquote><p>? Przeprowadzili\u015bmy przegl\u0105d konstrukcji i przeanalizowali\u015bmy wyniki pomiar\u00f3w<\/p><\/blockquote>\n<p> ? m\u00f3wi <strong>Kazimierz Ladzi\u0144ski<\/strong>, dyrektor Miejskiego Zarz\u0105du Dr\u00f3g i Infrastruktury Informatycznej. <em>? Wszystko wskazuje na to, \u017ce grunt nasyp\u00f3w si\u0119 stabilizuje. Na prze\u0142omie wiosny i lata b\u0119dziemy prawdopodobnie b\u0119dziemy mieli ju\u017c wiedz\u0119 czy mo\u017cna wprowadzi\u0107 plan naprawczy.<\/em><\/p>\n<p><strong>Na czym b\u0119dzie polega\u0107?<\/strong> Tego urz\u0119dnicy jeszcze nie wiedz\u0105. W najgorszym wypadku w rachub\u0119 wchodzi ca\u0142kowita odbudowa nawierzchni. Szcz\u0119\u015bliwie droga dalej b\u0119dzie obj\u0119ta gwarancj\u0105, kt\u00f3ra zosta\u0142a zawieszona po ustaleniu przyczyn falowania drogi.<\/p>\n<p>Przypomnijmy, \u017ce zabrza\u0144skie odcinki Z3 i Z4 do u\u017cytku zosta\u0142y oddane w sierpniu 2014 roku. \u0141\u0105czy\u0142y rondo Sybirak\u00f3w z granic\u0105 Gliwic.<br \/>\nJu\u017c po kilku tygodniach nawierzchnia zacz\u0119\u0142a falowa\u0107, a wykonawca ? Eurovia Polska ? uzna\u0142a, \u017ce winnym jest osuwanie si\u0119 nasyp\u00f3w. Te ?gwo\u017adziowano? betonowymi elementami, ale prace przeprowadzone w grudniu 2014 roku nie przynios\u0142y \u017cadnego skutku: nawierzchnia wci\u0105\u017c si\u0119 falowa\u0142a.<\/p>\n<p>Prowizorycznie frezowano drog\u0119, cz\u0119sto przebijaj\u0105c si\u0119 przez kilkunastocentymetrow\u0105 warstw\u0119 \u015bcieraln\u0105 do warstwy kszta\u0142tuj\u0105cej drogi. Ostatecznie rok po oddaniu dwa niezale\u017cne zespo\u0142y badawcze z\u0142o\u017cone z naukowc\u00f3w Politechniki \u015al\u0105skiej oraz z Akademii G\u00f3rniczo-Hutniczej ustali\u0142y powody niszczenia nawierzchni. Okaza\u0142o si\u0119 bowiem, \u017ce do budowy u\u017cyto mieszanin\u0119 odpad\u00f3w pochodz\u0105cych z g\u00f3rnictwa oraz popio\u0142u fluidalnego (produktu ubocznego procesu spalania w elektrowniach). <\/p>\n<p>&#8211; <em>Anhydryt znajduj\u0105cy si\u0119 w popiele uleg\u0142 przeobra\u017ceniom, w wyniku kt\u00f3rego dosz\u0142o do krystalizacji ettringitu i gipsu. Obj\u0119to\u015b\u0107 powsta\u0142ych materia\u0142\u00f3w bardzo wzros\u0142a, bo a\u017c 15 ? krotnie!<\/em> &#8211; wskazuje<strong> Danuta \u017bak<\/strong>, rzeczniczka sp\u00f3\u0142ki DT\u015a. Materia\u0142 wpierw wype\u0142ni\u0142 wolne przestrzenie, ale p\u00f3\u017aniej doprowadzi\u0142 do napr\u0119\u017ce\u0144 w bezpo\u015bredniej podbudowie drogi i w rezultacie spowodowa\u0142 wybrzuszenia.<\/p>\n","protected":false},"excerpt":{"rendered":"<p>Czy w drugiej po\u0142owie 2017 roku zako\u0144czy si\u0119 gehenna kierowc\u00f3w przeje\u017cd\u017caj\u0105cych codziennie po pofa\u0142dowanych odcinkach Z3 i Z4 Drogowej Trasy \u015arednicowej? Fachowcy stwierdzili, \u017ce dochodzi do stabilizacji materia\u0142\u00f3w, kt\u00f3re wybrzuszy\u0142y nawierzchni\u0119 odcink\u00f3w Z3 i Z4. Pierwotnie skuteczn\u0105 napraw\u0119 drogi planowano na czerwiec tego roku. Tak jednak si\u0119 nie sta\u0142o. We wtorek (15 listopada) urz\u0119dnicy po [&hellip;]<\/p>\n","protected":false},"author":4,"featured_media":78901,"comment_status":"closed","ping_status":"closed","sticky":false,"template":"","format":"standard","meta":{"_monsterinsights_skip_tracking":false,"_monsterinsights_sitenote_active":false,"_monsterinsights_sitenote_note":"","_monsterinsights_sitenote_category":0,"footnotes":"","_links_to":"","_links_to_target":""},"categories":[8,9,1],"tags":[],"class_list":["post-78897","post","type-post","status-publish","format-standard","has-post-thumbnail","hentry","category-referendum","category-stronaglowna","category-wszystko"],"_links":{"self":[{"href":"https:\/\/www.24zabrze.pl\/wiadomosci\/wp-json\/wp\/v2\/posts\/78897","targetHints":{"allow":["GET"]}}],"collection":[{"href":"https:\/\/www.24zabrze.pl\/wiadomosci\/wp-json\/wp\/v2\/posts"}],"about":[{"href":"https:\/\/www.24zabrze.pl\/wiadomosci\/wp-json\/wp\/v2\/types\/post"}],"author":[{"embeddable":true,"href":"https:\/\/www.24zabrze.pl\/wiadomosci\/wp-json\/wp\/v2\/users\/4"}],"replies":[{"embeddable":true,"href":"https:\/\/www.24zabrze.pl\/wiadomosci\/wp-json\/wp\/v2\/comments?post=78897"}],"version-history":[{"count":7,"href":"https:\/\/www.24zabrze.pl\/wiadomosci\/wp-json\/wp\/v2\/posts\/78897\/revisions"}],"predecessor-version":[{"id":78913,"href":"https:\/\/www.24zabrze.pl\/wiadomosci\/wp-json\/wp\/v2\/posts\/78897\/revisions\/78913"}],"wp:featuredmedia":[{"embeddable":true,"href":"https:\/\/www.24zabrze.pl\/wiadomosci\/wp-json\/wp\/v2\/media\/78901"}],"wp:attachment":[{"href":"https:\/\/www.24zabrze.pl\/wiadomosci\/wp-json\/wp\/v2\/media?parent=78897"}],"wp:term":[{"taxonomy":"category","embeddable":true,"href":"https:\/\/www.24zabrze.pl\/wiadomosci\/wp-json\/wp\/v2\/categories?post=78897"},{"taxonomy":"post_tag","embeddable":true,"href":"https:\/\/www.24zabrze.pl\/wiadomosci\/wp-json\/wp\/v2\/tags?post=78897"}],"curies":[{"name":"wp","href":"https:\/\/api.w.org\/{rel}","templated":true}]}}