{"id":78773,"date":"2016-10-26T21:35:28","date_gmt":"2016-10-26T19:35:28","guid":{"rendered":"http:\/\/www.24zabrze.pl\/wiadomosci\/?p=78773"},"modified":"2016-10-26T21:36:11","modified_gmt":"2016-10-26T19:36:11","slug":"zabrze-przystepuje-do-programu-mieszkanie-plus-powstana-mieszkania-na-wynajem","status":"publish","type":"post","link":"https:\/\/www.24zabrze.pl\/wiadomosci\/zabrze-przystepuje-do-programu-mieszkanie-plus-powstana-mieszkania-na-wynajem\/","title":{"rendered":"Zabrze przyst\u0119puje do programu Mieszkanie Plus. Powstan\u0105 lokale na wynajem"},"content":{"rendered":"<div class=\"zabrz-a6-z-nad-leadem-artykulow zabrz-entity-placement\" id=\"zabrz-4082900540\"><div class=\"zabrz-adlabel\"><span style=\"font-size: 9px\">REKLAMA<\/span><\/div><div id=\"zabrz-3782933168\" style=\"margin-bottom: 30px;margin-left: auto;margin-right: auto;text-align: center;\"><a data-no-instant=\"1\" href=\"https:\/\/dom100.eu\/\" rel=\"noopener\" class=\"a2t-link\" target=\"_blank\" aria-label=\"20260415 DOM100 D\"><img loading=\"lazy\" decoding=\"async\" src=\"https:\/\/www.24zabrze.pl\/wiadomosci\/wp-content\/uploads\/2026\/02\/20260415-DOM100-D.jpg\" alt=\"\"  srcset=\"https:\/\/www.24zabrze.pl\/wiadomosci\/wp-content\/uploads\/2026\/02\/20260415-DOM100-D.jpg 750w, https:\/\/www.24zabrze.pl\/wiadomosci\/wp-content\/uploads\/2026\/02\/20260415-DOM100-D-410x109.jpg 410w\" sizes=\"(max-width: 750px) 100vw, 750px\" class=\"no-lazyload\" width=\"750\" height=\"200\"  style=\"display: inline-block; max-width: 100%; height: auto;\" \/><\/a><\/div><\/div><h3>Mieszkania na wynajem powstan\u0105 w Zabrzu w ramach rz\u0105dowego programu Mieszkanie Plus.<\/h3>\n<p>Tak zak\u0142ada list intencyjny podpisany przez Miasto Zabrze i Bank Gospodarstwa Krajowego Nieruchomo\u015bci S.A.<\/p><div class=\"zabrz-a3-z-w-tresci-artykulow zabrz-entity-placement\" id=\"zabrz-3012653267\"><div class=\"zabrz-adlabel\"><span style=\"font-size: 9px\">REKLAMA<\/span><\/div><div id=\"zabrz-2255288658\" style=\"margin-bottom: 40px;margin-left: auto;margin-right: auto;text-align: center;\"><a data-no-instant=\"1\" href=\"https:\/\/ogrodyandersa.pl\/\" rel=\"noopener\" class=\"a2t-link\" target=\"_blank\" aria-label=\"20260415 Ogrody Andersa WYBIERZ MIESZKANIE D\"><img loading=\"lazy\" decoding=\"async\" src=\"https:\/\/www.24zabrze.pl\/wiadomosci\/wp-content\/uploads\/2026\/02\/20260415-Ogrody-Andersa-WYBIERZ-MIESZKANIE-D.jpg\" alt=\"\"  srcset=\"https:\/\/www.24zabrze.pl\/wiadomosci\/wp-content\/uploads\/2026\/02\/20260415-Ogrody-Andersa-WYBIERZ-MIESZKANIE-D.jpg 750w, https:\/\/www.24zabrze.pl\/wiadomosci\/wp-content\/uploads\/2026\/02\/20260415-Ogrody-Andersa-WYBIERZ-MIESZKANIE-D-410x109.jpg 410w\" sizes=\"(max-width: 750px) 100vw, 750px\" class=\"no-lazyload\" width=\"750\" height=\"200\"  style=\"display: inline-block; max-width: 100%; height: auto;\" \/><\/a><\/div><\/div>\n<p>Realizacja programu Mieszkanie Plus to nie tylko realne wsparcie dla \u015bredniozamo\u017cnych rodzin, ale te\u017c impuls prorozwojowy dla gospodarki. List intencyjny zak\u0142ada wsp\u00f3\u0142prac\u0119 w celu realizacji projekt\u00f3w inwestycyjnych obejmuj\u0105cych budownictwo mieszkaniowe oraz infrastruktur\u0119 spo\u0142eczn\u0105 i techniczn\u0105.<br \/>\nPorozumienie dotyczy nieruchomo\u015bci wytypowanej przez miasto Zabrze i wst\u0119pnie zaakceptowanej do dalszej analizy pod k\u0105tem mo\u017cliwo\u015bci realizacji inwestycji przez BGK Nieruchomo\u015bci S.A. ? sp\u00f3\u0142k\u0119 zale\u017cn\u0105 Banku Gospodarstwa Krajowego, odpowiedzialn\u0105 za operacyjne przygotowanie i pilota\u017cow\u0105 realizacj\u0119 programu Mieszkanie Plus.<\/p>\n<blockquote><p>&#8211; Program Mieszkanie Plus b\u0119dzie wsparciem prowadzonych przez Miasto Zabrze dzia\u0142a\u0144 w zakresie budowy nowych mieszka\u0144 w ramach towarzystw budownictwa spo\u0142ecznego<\/p><\/blockquote>\n<p>&#8211; powiedzia\u0142a <strong>Ma\u0142gorzata Ma\u0144ka-Szulik<\/strong>, prezydent Zabrza.<\/p>\n<p>&#8211; Ciesz\u0119 si\u0119, \u017ce w kr\u00f3tkim czasie od podpisania pierwszych porozumie\u0144, do programu Mieszkanie Plus przyst\u0119puje Zabrze. \u0141\u0105cznie podpisujemy dzi\u015b listy intencyjne z 13 gminami z ca\u0142ej Polski oraz z Agencj\u0105 Mienia Wojskowego, dysponuj\u0105c\u0105 gruntami Skarbu Pa\u0144stwa. Jeste\u015bmy w sta\u0142ym kontakcie z kolejnymi podmiotami, zainteresowanymi wsp\u00f3\u0142prac\u0105 w celu realizacji projekt\u00f3w inwestycyjnych obejmuj\u0105cych budownictwo mieszkaniowe. To intensywne rozmowy, kt\u00f3re wkr\u00f3tce powinny zaowocowa\u0107 dalszymi porozumieniami. Licz\u0119, \u017ce stale rosn\u0105ca skala pilota\u017cowych inwestycji b\u0119dzie stanowi\u0107 dla wszystkich zach\u0119t\u0119 do wsp\u00f3\u0142pracy w ramach programu Mieszkanie Plus ? przekonywa\u0142<strong> W\u0142odzimierz Stasiak<\/strong>, wiceprezes BGK Nieruchomo\u015bci S.A.<\/p>\n[perfectpullquote align=&#8221;full&#8221; cite=&#8221;&#8221; link=&#8221;&#8221; color=&#8221;&#8221; class=&#8221;&#8221; size=&#8221;&#8221;]Na budow\u0119 mieszka\u0144 Zabrze wskaza\u0142o nieruchomo\u015b\u0107 po\u0142o\u017con\u0105 w okolicy ul. Pawliczka i ul. Wolno\u015bci.[\/perfectpullquote]\n<p>Porozumienie jest wst\u0119pem do przeprowadzenia szczeg\u00f3\u0142owych analiz, niezb\u0119dnych w przypadku ka\u017cdego procesu inwestycyjnego. Uzyskanie pozytywnej oceny ekonomicznej i prawnej inwestycji na wskazanej dzia\u0142ce pozwoli na okre\u015blenie programu funkcjonalnego zabudowy oraz ewentualne zawarcie ostatecznej umowy inwestycyjnej.<\/p>\n[perfectpullquote align=&#8221;full&#8221; cite=&#8221;&#8221; link=&#8221;&#8221; color=&#8221;&#8221; class=&#8221;&#8221; size=&#8221;&#8221;]Mieszkania, jakie powstan\u0105 we wskazanych przez poszczeg\u00f3lne gminy lokalizacjach, b\u0119d\u0105 si\u0119 charakteryzowa\u0107 umiarkowanymi czynszami, dost\u0119pnymi tak\u017ce dla s\u0142abiej uposa\u017conych rodzin.[\/perfectpullquote]\n<p>To pozwoli im m.in. ograniczy\u0107 konieczno\u015b\u0107 zad\u0142u\u017cania si\u0119 oraz wzmocni ich mobilno\u015bci i elastyczno\u015b\u0107 na rynku pracy. W spos\u00f3b szczeg\u00f3lny program ma za zadanie poprawi\u0107 sytuacj\u0119 m\u0142odych polskich rodzin, dla kt\u00f3rych uzyskanie mieszkania o odpowiednim standardzie b\u0119dzie stanowi\u0142o podstaw\u0119 do podj\u0119cia decyzji o posiadaniu wi\u0119kszej liczby dzieci.<\/p>\n<p>Warto przypomnie\u0107, \u017ce Zarz\u0105d Budynk\u00f3w Mieszkaniowych-Towarzystwa Budownictwa Spo\u0142ecznego Sp. z o.o. w Zabrzu rozpocz\u0105\u0142 realizacj\u0119 inwestycji zwi\u0105zanej w budow\u0105 nowych mieszka\u0144. Przy ul. Trocera powstanie nowoczesne i przytulne osiedle. Do ko\u0144ca pa\u017adziernika ch\u0119tni mog\u0105 si\u0119 zg\u0142asza\u0107. Osiedle b\u0119dzie sk\u0142ada\u0107 z sze\u015bciu czterokondygnacyjnych budynk\u00f3w, w kt\u00f3rych znajd\u0105 si\u0119 72 mieszkania zaplanowane tak, aby spe\u0142nia\u0107 wszelkie potrzeby przysz\u0142ych najemc\u00f3w.<\/p>\n<p>W ofercie b\u0119d\u0105 zar\u00f3wno kawalerki, jak r\u00f3wnie\u017c mieszkania dwu i trzypokojowe. Do wyboru s\u0105 mieszkania o pow. od 33m2 do 67m2. Kameralna lokalizacja, nowoczesne budownictwo, szeroki wachlarz dost\u0119pnych mieszka\u0144, du\u017cy parking i blisko\u015b\u0107 centrum miasta to tylko niekt\u00f3re atuty Osiedla Trocera. Oferta zamieszkania na Osiedlu wydaje si\u0119 by\u0107 bardzo atrakcyjna dla rodzin z dzie\u0107mi: zaplanowano tu plac zabaw, \u0142aweczki w\u015br\u00f3d zieleni, a samo usytuowanie Osiedla Trocera gwarantuje blisko\u015b\u0107 szk\u00f3\u0142 i przedszkoli. Wi\u0119cej informacji na stronie internetowej <a href=\"http:\/\/www.osiedletrocera.pl\" target=\"_blank\">www.osiedletrocera.pl<\/a><\/p>\n","protected":false},"excerpt":{"rendered":"<p>Mieszkania na wynajem powstan\u0105 w Zabrzu w ramach rz\u0105dowego programu Mieszkanie Plus. Tak zak\u0142ada list intencyjny podpisany przez Miasto Zabrze i Bank Gospodarstwa Krajowego Nieruchomo\u015bci S.A. Realizacja programu Mieszkanie Plus to nie tylko realne wsparcie dla \u015bredniozamo\u017cnych rodzin, ale te\u017c impuls prorozwojowy dla gospodarki. List intencyjny zak\u0142ada wsp\u00f3\u0142prac\u0119 w celu realizacji projekt\u00f3w inwestycyjnych obejmuj\u0105cych budownictwo [&hellip;]<\/p>\n","protected":false},"author":4,"featured_media":78142,"comment_status":"closed","ping_status":"closed","sticky":false,"template":"","format":"standard","meta":{"_monsterinsights_skip_tracking":false,"_monsterinsights_sitenote_active":false,"_monsterinsights_sitenote_note":"","_monsterinsights_sitenote_category":0,"footnotes":"","_links_to":"","_links_to_target":""},"categories":[8,9,1],"tags":[1508],"class_list":["post-78773","post","type-post","status-publish","format-standard","has-post-thumbnail","hentry","category-referendum","category-stronaglowna","category-wszystko","tag-tbs"],"_links":{"self":[{"href":"https:\/\/www.24zabrze.pl\/wiadomosci\/wp-json\/wp\/v2\/posts\/78773","targetHints":{"allow":["GET"]}}],"collection":[{"href":"https:\/\/www.24zabrze.pl\/wiadomosci\/wp-json\/wp\/v2\/posts"}],"about":[{"href":"https:\/\/www.24zabrze.pl\/wiadomosci\/wp-json\/wp\/v2\/types\/post"}],"author":[{"embeddable":true,"href":"https:\/\/www.24zabrze.pl\/wiadomosci\/wp-json\/wp\/v2\/users\/4"}],"replies":[{"embeddable":true,"href":"https:\/\/www.24zabrze.pl\/wiadomosci\/wp-json\/wp\/v2\/comments?post=78773"}],"version-history":[{"count":5,"href":"https:\/\/www.24zabrze.pl\/wiadomosci\/wp-json\/wp\/v2\/posts\/78773\/revisions"}],"predecessor-version":[{"id":78778,"href":"https:\/\/www.24zabrze.pl\/wiadomosci\/wp-json\/wp\/v2\/posts\/78773\/revisions\/78778"}],"wp:featuredmedia":[{"embeddable":true,"href":"https:\/\/www.24zabrze.pl\/wiadomosci\/wp-json\/wp\/v2\/media\/78142"}],"wp:attachment":[{"href":"https:\/\/www.24zabrze.pl\/wiadomosci\/wp-json\/wp\/v2\/media?parent=78773"}],"wp:term":[{"taxonomy":"category","embeddable":true,"href":"https:\/\/www.24zabrze.pl\/wiadomosci\/wp-json\/wp\/v2\/categories?post=78773"},{"taxonomy":"post_tag","embeddable":true,"href":"https:\/\/www.24zabrze.pl\/wiadomosci\/wp-json\/wp\/v2\/tags?post=78773"}],"curies":[{"name":"wp","href":"https:\/\/api.w.org\/{rel}","templated":true}]}}