{"id":78161,"date":"2016-07-21T21:53:55","date_gmt":"2016-07-21T19:53:55","guid":{"rendered":"http:\/\/www.24zabrze.pl\/wiadomosci\/?p=78161"},"modified":"2016-07-21T21:57:08","modified_gmt":"2016-07-21T19:57:08","slug":"jestem-pod-wrazeniem-zyczliwosci-mieszkancow-pielgrzymi-w-zabrzu","status":"publish","type":"post","link":"https:\/\/www.24zabrze.pl\/wiadomosci\/jestem-pod-wrazeniem-zyczliwosci-mieszkancow-pielgrzymi-w-zabrzu\/","title":{"rendered":"&#8220;Jestem pod wra\u017ceniem \u017cyczliwo\u015bci mieszka\u0144c\u00f3w&#8221;. Pielgrzymi w Zabrzu"},"content":{"rendered":"<div class=\"zabrz-a6-z-nad-leadem-artykulow zabrz-entity-placement\" id=\"zabrz-539845345\"><div class=\"zabrz-adlabel\"><span style=\"font-size: 9px\">REKLAMA<\/span><\/div><div id=\"zabrz-2503556539\" style=\"margin-bottom: 30px;margin-left: auto;margin-right: auto;text-align: center;\"><a data-no-instant=\"1\" href=\"https:\/\/dom100.eu\/\" rel=\"noopener\" class=\"a2t-link\" target=\"_blank\" aria-label=\"20260415 DOM100 D\"><img loading=\"lazy\" decoding=\"async\" src=\"https:\/\/www.24zabrze.pl\/wiadomosci\/wp-content\/uploads\/2026\/02\/20260415-DOM100-D.jpg\" alt=\"\"  srcset=\"https:\/\/www.24zabrze.pl\/wiadomosci\/wp-content\/uploads\/2026\/02\/20260415-DOM100-D.jpg 750w, https:\/\/www.24zabrze.pl\/wiadomosci\/wp-content\/uploads\/2026\/02\/20260415-DOM100-D-410x109.jpg 410w\" sizes=\"(max-width: 750px) 100vw, 750px\" class=\"no-lazyload\" width=\"750\" height=\"200\"  style=\"display: inline-block; max-width: 100%; height: auto;\" \/><\/a><\/div><\/div><h4>Zabrze w\u0142\u0105czy\u0142o si\u0119 w \u015awiatowe Dni M\u0142odzie\u017cy. Do miasta przyjecha\u0142a m\u0142odzie\u017c z Austrii, Niemiec i W\u0142och. To prawie 350 pielgrzym\u00f3w, kt\u00f3rych goszcz\u0105 zabrzanie w 11 parafiach z Diecezji Gliwickiej i Katowickiej.<\/h4>\n<p>21 lipca w Ratuszu Miasta przedstawiciele grup z W\u0142och, Niemiec i Austrii spotkali si\u0119 z <strong>Ma\u0142gorzat\u0105 Ma\u0144k\u0105-Szulik<\/strong>, prezydent Zabrza, kt\u00f3ra witaj\u0105c go\u015bci wyrazi\u0142a nadziej\u0119, \u017ce wi\u0119zi i przyja\u017anie, kt\u00f3re zrodz\u0105 si\u0119 podczas pobytu w Zabrzu, b\u0119d\u0105 piel\u0119gnowane w przysz\u0142o\u015bci. Delegacji z W\u0142och przewodzi Ksi\u0105dz Biskup <strong>Gerardo Rocconi<\/strong> z diecezji Jesi, kt\u00f3ry podkre\u015bli\u0142, \u017ce jest pod wra\u017ceniem otwarto\u015bci i \u017cyczliwo\u015bci mieszka\u0144c\u00f3w Zabrza. <\/p><div class=\"zabrz-a3-z-w-tresci-artykulow zabrz-entity-placement\" id=\"zabrz-941511836\"><div class=\"zabrz-adlabel\"><span style=\"font-size: 9px\">REKLAMA<\/span><\/div><div id=\"zabrz-1547401567\" style=\"margin-bottom: 40px;margin-left: auto;margin-right: auto;text-align: center;\"><a data-no-instant=\"1\" href=\"https:\/\/ogrodyandersa.pl\/\" rel=\"noopener\" class=\"a2t-link\" target=\"_blank\" aria-label=\"20260415 Ogrody Andersa WYBIERZ MIESZKANIE D\"><img loading=\"lazy\" decoding=\"async\" src=\"https:\/\/www.24zabrze.pl\/wiadomosci\/wp-content\/uploads\/2026\/02\/20260415-Ogrody-Andersa-WYBIERZ-MIESZKANIE-D.jpg\" alt=\"\"  srcset=\"https:\/\/www.24zabrze.pl\/wiadomosci\/wp-content\/uploads\/2026\/02\/20260415-Ogrody-Andersa-WYBIERZ-MIESZKANIE-D.jpg 750w, https:\/\/www.24zabrze.pl\/wiadomosci\/wp-content\/uploads\/2026\/02\/20260415-Ogrody-Andersa-WYBIERZ-MIESZKANIE-D-410x109.jpg 410w\" sizes=\"(max-width: 750px) 100vw, 750px\" class=\"no-lazyload\" width=\"750\" height=\"200\"  style=\"display: inline-block; max-width: 100%; height: auto;\" \/><\/a><\/div><\/div>\n<p>W spotkaniu uczestniczyli tak\u017ce ksi\u0119\u017ca i koordynatorzy z zabrza\u0144skich parafii m.in. ks. proboszcz <strong>Arkadiusz Kinel<\/strong> z parafii \u015bw. Andrzeja i ks. proboszcz<strong> Andrzej \u017bmuda<\/strong> z parafii Bo\u017cego Cia\u0142a oraz <strong>\u0141ukasz Pach<\/strong> radny Rady Miasta Zabrze.<\/p>\n<p><img loading=\"lazy\" decoding=\"async\" src=\"http:\/\/www.24zabrze.pl\/wiadomosci\/wp-content\/uploads\/2016\/07\/Screenshot_38.jpg\" alt=\"Screenshot_38\" width=\"888\" height=\"497\" class=\"aligncenter size-full wp-image-78165\" srcset=\"https:\/\/www.24zabrze.pl\/wiadomosci\/wp-content\/uploads\/2016\/07\/Screenshot_38.jpg 888w, https:\/\/www.24zabrze.pl\/wiadomosci\/wp-content\/uploads\/2016\/07\/Screenshot_38-410x229.jpg 410w, https:\/\/www.24zabrze.pl\/wiadomosci\/wp-content\/uploads\/2016\/07\/Screenshot_38-768x430.jpg 768w, https:\/\/www.24zabrze.pl\/wiadomosci\/wp-content\/uploads\/2016\/07\/Screenshot_38-810x453.jpg 810w\" sizes=\"auto, (max-width: 888px) 100vw, 888px\" \/><\/p>\n<h4>W najbli\u017cszych dniach go\u015bcie zwiedz\u0105 miasto. <\/h4>\n<p>Zaplanowano wycieczki do kopalni Guido. 22 lipca wezm\u0105 udzia\u0142 w koncercie Muzycznego Lata. 24 lipca o godz. 14.45 odwiedz\u0105 ko\u015bci\u00f3\u0142 \u015bw. J\u00f3zefa, gdzie przygotowany b\u0119dzie koncert organowy w wykonaniu Andrzej Malitkowskiego. O godz. 15.15 zaplanowano wyst\u0119p zespo\u0142u gospel ?Przebudzenie?. Tego samego dnia m\u0142odzie\u017c zwiedzi Aren\u0119 Zabrze oraz Miejski Ogr\u00f3d Botaniczny, o godz. 18.00 gdzie wyst\u0105pi Orkiestra D\u0119ta Makoszowy. Wst\u0119p wolny.<\/p>\n<p>Nasze miasto dodatkowo odwiedzi m\u0142odzie\u017c, kt\u00f3ra przebywa w miastach s\u0105siednich. W ramach poznawania kultury i atrakcji naszego regionu ponad 2000 os\u00f3b zwiedzi podziemne trasy Kopalni Guido i kopalni\u0119 Kr\u00f3lowa Luiza. M\u0142odzie\u017cowe grupy z W\u0142och, Hiszpanii, Niemiec, Anglii, W\u0119gier, Francji, Burkina Faso, S\u0142owacji i Rosji. b\u0119d\u0105 mog\u0142y pozna\u0107 podziemny \u015bwiat kopalni w\u0119gla kamiennego i pos\u0142ucha\u0107 g\u00f3rniczych opowie\u015bci w swoich ojczystych j\u0119zykach dzi\u0119ki obcoj\u0119zycznym przewodnikom i asy\u015bcie przeszkolonych t\u0142umaczy. (WKS Zabrze)<\/p>\n<p><img loading=\"lazy\" decoding=\"async\" src=\"http:\/\/www.24zabrze.pl\/wiadomosci\/wp-content\/uploads\/2016\/07\/Screenshot_40.jpg\" alt=\"Screenshot_40\" width=\"879\" height=\"523\" class=\"aligncenter size-full wp-image-78166\" srcset=\"https:\/\/www.24zabrze.pl\/wiadomosci\/wp-content\/uploads\/2016\/07\/Screenshot_40.jpg 879w, https:\/\/www.24zabrze.pl\/wiadomosci\/wp-content\/uploads\/2016\/07\/Screenshot_40-390x232.jpg 390w, https:\/\/www.24zabrze.pl\/wiadomosci\/wp-content\/uploads\/2016\/07\/Screenshot_40-768x457.jpg 768w, https:\/\/www.24zabrze.pl\/wiadomosci\/wp-content\/uploads\/2016\/07\/Screenshot_40-765x455.jpg 765w, https:\/\/www.24zabrze.pl\/wiadomosci\/wp-content\/uploads\/2016\/07\/Screenshot_40-810x482.jpg 810w\" sizes=\"auto, (max-width: 879px) 100vw, 879px\" \/><\/p>\n","protected":false},"excerpt":{"rendered":"<p>Zabrze w\u0142\u0105czy\u0142o si\u0119 w \u015awiatowe Dni M\u0142odzie\u017cy. Do miasta przyjecha\u0142a m\u0142odzie\u017c z Austrii, Niemiec i W\u0142och. To prawie 350 pielgrzym\u00f3w, kt\u00f3rych goszcz\u0105 zabrzanie w 11 parafiach z Diecezji Gliwickiej i Katowickiej. 21 lipca w Ratuszu Miasta przedstawiciele grup z W\u0142och, Niemiec i Austrii spotkali si\u0119 z Ma\u0142gorzat\u0105 Ma\u0144k\u0105-Szulik, prezydent Zabrza, kt\u00f3ra witaj\u0105c go\u015bci wyrazi\u0142a nadziej\u0119, [&hellip;]<\/p>\n","protected":false},"author":4,"featured_media":78169,"comment_status":"closed","ping_status":"closed","sticky":false,"template":"","format":"standard","meta":{"_monsterinsights_skip_tracking":false,"_monsterinsights_sitenote_active":false,"_monsterinsights_sitenote_note":"","_monsterinsights_sitenote_category":0,"footnotes":"","_links_to":"","_links_to_target":""},"categories":[8,9,1],"tags":[],"class_list":["post-78161","post","type-post","status-publish","format-standard","has-post-thumbnail","hentry","category-referendum","category-stronaglowna","category-wszystko"],"_links":{"self":[{"href":"https:\/\/www.24zabrze.pl\/wiadomosci\/wp-json\/wp\/v2\/posts\/78161","targetHints":{"allow":["GET"]}}],"collection":[{"href":"https:\/\/www.24zabrze.pl\/wiadomosci\/wp-json\/wp\/v2\/posts"}],"about":[{"href":"https:\/\/www.24zabrze.pl\/wiadomosci\/wp-json\/wp\/v2\/types\/post"}],"author":[{"embeddable":true,"href":"https:\/\/www.24zabrze.pl\/wiadomosci\/wp-json\/wp\/v2\/users\/4"}],"replies":[{"embeddable":true,"href":"https:\/\/www.24zabrze.pl\/wiadomosci\/wp-json\/wp\/v2\/comments?post=78161"}],"version-history":[{"count":4,"href":"https:\/\/www.24zabrze.pl\/wiadomosci\/wp-json\/wp\/v2\/posts\/78161\/revisions"}],"predecessor-version":[{"id":78168,"href":"https:\/\/www.24zabrze.pl\/wiadomosci\/wp-json\/wp\/v2\/posts\/78161\/revisions\/78168"}],"wp:featuredmedia":[{"embeddable":true,"href":"https:\/\/www.24zabrze.pl\/wiadomosci\/wp-json\/wp\/v2\/media\/78169"}],"wp:attachment":[{"href":"https:\/\/www.24zabrze.pl\/wiadomosci\/wp-json\/wp\/v2\/media?parent=78161"}],"wp:term":[{"taxonomy":"category","embeddable":true,"href":"https:\/\/www.24zabrze.pl\/wiadomosci\/wp-json\/wp\/v2\/categories?post=78161"},{"taxonomy":"post_tag","embeddable":true,"href":"https:\/\/www.24zabrze.pl\/wiadomosci\/wp-json\/wp\/v2\/tags?post=78161"}],"curies":[{"name":"wp","href":"https:\/\/api.w.org\/{rel}","templated":true}]}}