{"id":77749,"date":"2016-04-19T00:22:29","date_gmt":"2016-04-18T22:22:29","guid":{"rendered":"http:\/\/www.24zabrze.pl\/wiadomosci\/?p=77749"},"modified":"2016-04-19T00:28:29","modified_gmt":"2016-04-18T22:28:29","slug":"najbardziej-wplywowa-wsrod-wplywowych-prezydent-zabrza-nagrodzona-przez-kapitule","status":"publish","type":"post","link":"https:\/\/www.24zabrze.pl\/wiadomosci\/najbardziej-wplywowa-wsrod-wplywowych-prezydent-zabrza-nagrodzona-przez-kapitule\/","title":{"rendered":"Najbardziej wp\u0142ywowa w\u015br\u00f3d wp\u0142ywowych. Prezydent Zabrza nagrodzona przez kapitu\u0142\u0119"},"content":{"rendered":"<div class=\"zabrz-a6-z-nad-leadem-artykulow zabrz-entity-placement\" id=\"zabrz-3225712261\"><div class=\"zabrz-adlabel\"><span style=\"font-size: 9px\">REKLAMA<\/span><\/div><div id=\"zabrz-2892173963\" style=\"margin-bottom: 30px;margin-left: auto;margin-right: auto;text-align: center;\"><a data-no-instant=\"1\" href=\"https:\/\/dom100.eu\/\" rel=\"noopener\" class=\"a2t-link\" target=\"_blank\" aria-label=\"20260415 DOM100 D\"><img loading=\"lazy\" decoding=\"async\" src=\"https:\/\/www.24zabrze.pl\/wiadomosci\/wp-content\/uploads\/2026\/02\/20260415-DOM100-D.jpg\" alt=\"\"  srcset=\"https:\/\/www.24zabrze.pl\/wiadomosci\/wp-content\/uploads\/2026\/02\/20260415-DOM100-D.jpg 750w, https:\/\/www.24zabrze.pl\/wiadomosci\/wp-content\/uploads\/2026\/02\/20260415-DOM100-D-410x109.jpg 410w\" sizes=\"(max-width: 750px) 100vw, 750px\" class=\"no-lazyload\" width=\"750\" height=\"200\"  style=\"display: inline-block; max-width: 100%; height: auto;\" \/><\/a><\/div><\/div><h3>Ma\u0142gorzata Ma\u0144ka-Szulik, prezydent Zabrza, wygra\u0142a plebiscyt na 50 najbardziej wp\u0142ywowych kobiet wojew\u00f3dztwa \u015bl\u0105skiego.<\/h3>\n<p>Plebiscyt po raz trzeci zorganizowa\u0142 ?Dziennik Zachodni?. By\u0142 on trzyetapowy. Najpierw wy\u0142oniono panie nominowane do tytu\u0142u, a p\u00f3\u017aniej spo\u015br\u00f3d nich czytelnicy ?Dziennika Zachodniego? oraz Internauci wybrali konkursow\u0105 pi\u0119\u0107dziesi\u0105tk\u0119. W trzecim etapie, Kapitu\u0142a z\u0142o\u017cona z osobisto\u015bci wojew\u00f3dztwa \u015bl\u0105skiego wskaza\u0142a w tajnym g\u0142osowaniu panie, kt\u00f3re ? zgodnie z otrzyman\u0105 liczb\u0105 g\u0142os\u00f3w ? zaj\u0119\u0142y miejsca od 1 do 10 w zestawieniu najbardziej wp\u0142ywowych kobiet z naszego wojew\u00f3dztwa.<\/p><div class=\"zabrz-a3-z-w-tresci-artykulow zabrz-entity-placement\" id=\"zabrz-2114873299\"><div class=\"zabrz-adlabel\"><span style=\"font-size: 9px\">REKLAMA<\/span><\/div><div id=\"zabrz-1808112094\" style=\"margin-bottom: 40px;margin-left: auto;margin-right: auto;text-align: center;\"><a data-no-instant=\"1\" href=\"https:\/\/ogrodyandersa.pl\/\" rel=\"noopener\" class=\"a2t-link\" target=\"_blank\" aria-label=\"20260415 Ogrody Andersa WYBIERZ MIESZKANIE D\"><img loading=\"lazy\" decoding=\"async\" src=\"https:\/\/www.24zabrze.pl\/wiadomosci\/wp-content\/uploads\/2026\/02\/20260415-Ogrody-Andersa-WYBIERZ-MIESZKANIE-D.jpg\" alt=\"\"  srcset=\"https:\/\/www.24zabrze.pl\/wiadomosci\/wp-content\/uploads\/2026\/02\/20260415-Ogrody-Andersa-WYBIERZ-MIESZKANIE-D.jpg 750w, https:\/\/www.24zabrze.pl\/wiadomosci\/wp-content\/uploads\/2026\/02\/20260415-Ogrody-Andersa-WYBIERZ-MIESZKANIE-D-410x109.jpg 410w\" sizes=\"(max-width: 750px) 100vw, 750px\" class=\"no-lazyload\" width=\"750\" height=\"200\"  style=\"display: inline-block; max-width: 100%; height: auto;\" \/><\/a><\/div><\/div>\n<p>&#8211; Od dziesi\u0119ciu lat pani prezydent kieruje Zabrzem, od ponad roku r\u00f3wnie\u017c stoi na czele Metropolii G\u00f3rno\u015bl\u0105skiej. Jest osob\u0105 z du\u017cym temperamentem, kompetencjami, wiedz\u0105 i do\u015bwiadczeniem, kt\u00f3ra stawia przed sob\u0105 kolejne wyzwania. Ma\u0142o komu udaje si\u0119 tak dobrze \u0142\u0105czy\u0107 obowi\u0105zki zawodowe, towarzyskie i rodzinne. Maj\u0105c to wszystko na uwadze, wida\u0107, \u017ce pani prezydent staje si\u0119 w pewnym stopniu przyk\u0142adem do na\u015bladowania dla innych os\u00f3b. Zreszt\u0105 fakt, \u017ce podj\u0119li\u015bmy tak\u0105 decyzj\u0119 jednog\u0142o\u015bnie tylko potwierdza fenomen pani prezydent i odzwierciedla opini\u0119 wi\u0119kszo\u015bci mieszka\u0144c\u00f3w, kt\u00f3rzy j\u0105 znaj\u0105 &#8211; komentowa\u0142 decyzj\u0119 kapitu\u0142y Tadeusz Donocik, prezes Regionalnej Izby Gospodarczej w Katowicach.<\/p>\n<p>W sk\u0142ad kapitu\u0142y weszli:  <strong>prof. Wies\u0142aw Bany\u015b<\/strong>, rektor Uniwersytetu \u015al\u0105skiego, <strong>prof. Jerzy Buzek<\/strong>, nasz reprezentant w Europarlamencie, <strong>Tadeusz Donocik<\/strong>, prezes Regionalnej Izby Gospodarczej w Katowicach, <strong>prof. Przemys\u0142aw Ja\u0142owiecki<\/strong>, rektor \u015al\u0105skiego Uniwersytetu Medycznego, <strong>Wojciech Sa\u0142uga<\/strong>, marsza\u0142ek woj. \u015bl\u0105skiego, <strong>Robert Talarczyk<\/strong>, dyrektor Teatru \u015al\u0105skiego, <strong>Andrzej \u017bylak<\/strong>, prezes Izby Przemys\u0142owo-Handlowej Rybnickiego Okr\u0119gu Przemys\u0142owego, <strong>Zenon Nowak<\/strong>, prezes DZ, i <strong>Marek Twar\u00f3g<\/strong>, redaktor naczelny DZ. Dziesi\u0105tk\u0119 najbardziej wp\u0142ywowych kobiet wybrali z grona pa\u0144 reprezentuj\u0105cych wielk\u0105, regionaln\u0105 i lokaln\u0105 polityk\u0119, medycyn\u0119, kultur\u0119, biznes oraz organizacje pozarz\u0105dowe. Kapitu\u0142a zdecydowa\u0142a r\u00f3wnie\u017c o przyznaniu nagrody specjalnej dla <strong>Joanny Wnuk-Nazarowej<\/strong>, dyrygentki, w latach 1997-1999 minister kultury i sztuki, kt\u00f3ra od 2000 roku pe\u0142ni funkcj\u0119 dyrektora naczelnego i programowego Narodowej Orkiestry Symfonicznej Polskiego Radia.<\/p>\n<p>W gronie dziesi\u0119ciu kobiet wyr\u00f3\u017cnionych tytu\u0142em najbardziej wp\u0142ywowej w wojew\u00f3dztwie \u015bl\u0105skim, poza zwyci\u0119sk\u0105 prezydent Ma\u0144k\u0105-Szulik, znalaz\u0142y si\u0119 (na miejscach od 10 do 2): Gabriela Lenartowicz, pos\u0142anka na Sejm VIII kadencji, Marta Fox, poetka, powie\u015bciopisarka, eseistka, Halina Bieda, dyrektor Muzeum Powsta\u0144 \u015al\u0105skich w \u015awi\u0119toch\u0142owicach, prof. Katarzyna Popio\u0142ek, dziekan katowickiego wydzia\u0142u Uniwersytetu SWPS, prof. Krystyna Doktorowicz, dziekan Wydzia\u0142u Radia i Telewizji U\u015a w Katowicach, Alicja Knast, dyrektor Muzeum \u015al\u0105skiego, Teresa Mokrysz, wsp\u00f3\u0142za\u0142o\u017cycielka i w\u0142a\u015bcicielka grupy firm MOKATE, Beata Drzazga, za\u0142o\u017cycielka i w\u0142a\u015bcicielka firmy BetaMed, prof. Zdzis\u0142awa Dacko-Pikiewicz, rektor Wy\u017cszej Szko\u0142y Biznesu w D\u0105browie G\u00f3rniczej.<\/p>\n<p>Uroczysta gala, w trakcie kt\u00f3rej wr\u0119czono nagrody, odby\u0142a si\u0119 w katowickiej Akademii Sztuk Pi\u0119knych.<\/p>\n","protected":false},"excerpt":{"rendered":"<p>Ma\u0142gorzata Ma\u0144ka-Szulik, prezydent Zabrza, wygra\u0142a plebiscyt na 50 najbardziej wp\u0142ywowych kobiet wojew\u00f3dztwa \u015bl\u0105skiego. Plebiscyt po raz trzeci zorganizowa\u0142 ?Dziennik Zachodni?. By\u0142 on trzyetapowy. Najpierw wy\u0142oniono panie nominowane do tytu\u0142u, a p\u00f3\u017aniej spo\u015br\u00f3d nich czytelnicy ?Dziennika Zachodniego? oraz Internauci wybrali konkursow\u0105 pi\u0119\u0107dziesi\u0105tk\u0119. W trzecim etapie, Kapitu\u0142a z\u0142o\u017cona z osobisto\u015bci wojew\u00f3dztwa \u015bl\u0105skiego wskaza\u0142a w tajnym g\u0142osowaniu panie, [&hellip;]<\/p>\n","protected":false},"author":4,"featured_media":77752,"comment_status":"closed","ping_status":"closed","sticky":false,"template":"","format":"standard","meta":{"_monsterinsights_skip_tracking":false,"_monsterinsights_sitenote_active":false,"_monsterinsights_sitenote_note":"","_monsterinsights_sitenote_category":0,"footnotes":"","_links_to":"","_links_to_target":""},"categories":[8,9,1],"tags":[2410],"class_list":["post-77749","post","type-post","status-publish","format-standard","has-post-thumbnail","hentry","category-referendum","category-stronaglowna","category-wszystko","tag-malgorzata-manka-szulik"],"_links":{"self":[{"href":"https:\/\/www.24zabrze.pl\/wiadomosci\/wp-json\/wp\/v2\/posts\/77749","targetHints":{"allow":["GET"]}}],"collection":[{"href":"https:\/\/www.24zabrze.pl\/wiadomosci\/wp-json\/wp\/v2\/posts"}],"about":[{"href":"https:\/\/www.24zabrze.pl\/wiadomosci\/wp-json\/wp\/v2\/types\/post"}],"author":[{"embeddable":true,"href":"https:\/\/www.24zabrze.pl\/wiadomosci\/wp-json\/wp\/v2\/users\/4"}],"replies":[{"embeddable":true,"href":"https:\/\/www.24zabrze.pl\/wiadomosci\/wp-json\/wp\/v2\/comments?post=77749"}],"version-history":[{"count":1,"href":"https:\/\/www.24zabrze.pl\/wiadomosci\/wp-json\/wp\/v2\/posts\/77749\/revisions"}],"predecessor-version":[{"id":77750,"href":"https:\/\/www.24zabrze.pl\/wiadomosci\/wp-json\/wp\/v2\/posts\/77749\/revisions\/77750"}],"wp:featuredmedia":[{"embeddable":true,"href":"https:\/\/www.24zabrze.pl\/wiadomosci\/wp-json\/wp\/v2\/media\/77752"}],"wp:attachment":[{"href":"https:\/\/www.24zabrze.pl\/wiadomosci\/wp-json\/wp\/v2\/media?parent=77749"}],"wp:term":[{"taxonomy":"category","embeddable":true,"href":"https:\/\/www.24zabrze.pl\/wiadomosci\/wp-json\/wp\/v2\/categories?post=77749"},{"taxonomy":"post_tag","embeddable":true,"href":"https:\/\/www.24zabrze.pl\/wiadomosci\/wp-json\/wp\/v2\/tags?post=77749"}],"curies":[{"name":"wp","href":"https:\/\/api.w.org\/{rel}","templated":true}]}}