{"id":77401,"date":"2015-12-28T11:32:53","date_gmt":"2015-12-28T09:32:53","guid":{"rendered":"http:\/\/www.24zabrze.pl\/wiadomosci\/?p=77401"},"modified":"2015-12-28T11:34:47","modified_gmt":"2015-12-28T09:34:47","slug":"mial-byc-zniesiony-juz-za-kilka-dni-obowiazek-meldunkowy-jeszcze-przez-dwa-lata","status":"publish","type":"post","link":"https:\/\/www.24zabrze.pl\/wiadomosci\/mial-byc-zniesiony-juz-za-kilka-dni-obowiazek-meldunkowy-jeszcze-przez-dwa-lata\/","title":{"rendered":"Mia\u0142 by\u0107 zniesiony ju\u017c za kilka dni. Obowi\u0105zek meldunkowy jeszcze przez dwa lata"},"content":{"rendered":"<div class=\"zabrz-a6-z-nad-leadem-artykulow zabrz-entity-placement\" id=\"zabrz-4196498805\"><div class=\"zabrz-adlabel\"><span style=\"font-size: 9px\">REKLAMA<\/span><\/div><div id=\"zabrz-1816085123\" style=\"margin-bottom: 30px;margin-left: auto;margin-right: auto;text-align: center;\"><a data-no-instant=\"1\" href=\"https:\/\/dom100.eu\/\" rel=\"noopener\" class=\"a2t-link\" target=\"_blank\" aria-label=\"20260415 DOM100 D\"><img loading=\"lazy\" decoding=\"async\" src=\"https:\/\/www.24zabrze.pl\/wiadomosci\/wp-content\/uploads\/2026\/02\/20260415-DOM100-D.jpg\" alt=\"\"  srcset=\"https:\/\/www.24zabrze.pl\/wiadomosci\/wp-content\/uploads\/2026\/02\/20260415-DOM100-D.jpg 750w, https:\/\/www.24zabrze.pl\/wiadomosci\/wp-content\/uploads\/2026\/02\/20260415-DOM100-D-410x109.jpg 410w\" sizes=\"(max-width: 750px) 100vw, 750px\" class=\"no-lazyload\" width=\"750\" height=\"200\"  style=\"display: inline-block; max-width: 100%; height: auto;\" \/><\/a><\/div><\/div><h3>Nie w 2016 roku, jak szumnie zapowiadano, ale dopiero w 2018 zniknie obowi\u0105zek meldunkowy. Oznacza to, \u017ce osoby zmieniaj\u0105ce miejsce zamieszkania na d\u0142u\u017cej ni\u017c trzy miesi\u0105ce nadal musz\u0105 dope\u0142ni\u0107 formalno\u015bci meldunkowych.<\/h3>\n<p>Na zameldowanie si\u0119 mamy 30 dni od zmiany miejsca zamieszkania. ?W przypadku wynajmowania lokalu obowi\u0105zek meldunkowy le\u017cy po stronie najemcy. Do urz\u0119du najlepiej uda\u0107 si\u0119 razem z w\u0142a\u015bcicielem. Potrzebne b\u0119d\u0105 wtedy umowa najmu oraz dokument potwierdzaj\u0105cy tytu\u0142 prawny do lokalu? ? m\u00f3wi w wywiadzie z serwisem infoWire.pl <strong>Jaros\u0142aw J\u0119drzy\u0144ski<\/strong>, analityk rynku nieruchomo\u015bci z portalu RynekPierwotny.pl.<\/p><div class=\"zabrz-a3-z-w-tresci-artykulow zabrz-entity-placement\" id=\"zabrz-2915890835\"><div class=\"zabrz-adlabel\"><span style=\"font-size: 9px\">REKLAMA<\/span><\/div><div id=\"zabrz-311545226\" style=\"margin-bottom: 40px;margin-left: auto;margin-right: auto;text-align: center;\"><a data-no-instant=\"1\" href=\"https:\/\/ogrodyandersa.pl\/\" rel=\"noopener\" class=\"a2t-link\" target=\"_blank\" aria-label=\"20260415 Ogrody Andersa WYBIERZ MIESZKANIE D\"><img loading=\"lazy\" decoding=\"async\" src=\"https:\/\/www.24zabrze.pl\/wiadomosci\/wp-content\/uploads\/2026\/02\/20260415-Ogrody-Andersa-WYBIERZ-MIESZKANIE-D.jpg\" alt=\"\"  srcset=\"https:\/\/www.24zabrze.pl\/wiadomosci\/wp-content\/uploads\/2026\/02\/20260415-Ogrody-Andersa-WYBIERZ-MIESZKANIE-D.jpg 750w, https:\/\/www.24zabrze.pl\/wiadomosci\/wp-content\/uploads\/2026\/02\/20260415-Ogrody-Andersa-WYBIERZ-MIESZKANIE-D-410x109.jpg 410w\" sizes=\"(max-width: 750px) 100vw, 750px\" class=\"no-lazyload\" width=\"750\" height=\"200\"  style=\"display: inline-block; max-width: 100%; height: auto;\" \/><\/a><\/div><\/div>\n<p><iframe loading=\"lazy\" width=\"720\" height=\"405\" src=\"\/\/infowire.sitebees.com\/file\/embedded\/videopreview\/NEWS_FILE\/776715\" frameborder=\"0\" allowfullscreen><\/iframe><\/p>\n<p>Lokator mo\u017ce jednak zameldowa\u0107 si\u0119 te\u017c samodzielnie. Wystarczy, \u017ce przedstawi w urz\u0119dzie umow\u0119 najmu. ?Co wa\u017cne, brak dokumentu potwierdzaj\u0105cego tytu\u0142 prawny do lokalu nie uniemo\u017cliwia zameldowania si\u0119? ? dodaje ekspert.<\/p>\n<p><strong>Niekt\u00f3rzy w\u0142a\u015bciciele obawiaj\u0105 si\u0119 zameldowa\u0107 lokatora.<\/strong> Bo cho\u0107 sam meldunek jest tylko ewidencyjnym potwierdzeniem przebywania w mieszkaniu, to k\u0142opot pojawia si\u0119, gdy najemca nie chce si\u0119 wymeldowa\u0107. Wtedy pozostaje post\u0119powanie administracyjne. Klauzula m\u00f3wi\u0105ca o niewyra\u017caniu zgody przez w\u0142a\u015bciciela mieszkania na zameldowanie, zamieszczona w umowie najmu, nie jest \u017cadn\u0105 ochron\u0105, poniewa\u017c nie ma mocy prawnej.<\/p>\n","protected":false},"excerpt":{"rendered":"<p>Nie w 2016 roku, jak szumnie zapowiadano, ale dopiero w 2018 zniknie obowi\u0105zek meldunkowy. Oznacza to, \u017ce osoby zmieniaj\u0105ce miejsce zamieszkania na d\u0142u\u017cej ni\u017c trzy miesi\u0105ce nadal musz\u0105 dope\u0142ni\u0107 formalno\u015bci meldunkowych. Na zameldowanie si\u0119 mamy 30 dni od zmiany miejsca zamieszkania. ?W przypadku wynajmowania lokalu obowi\u0105zek meldunkowy le\u017cy po stronie najemcy. Do urz\u0119du najlepiej uda\u0107 [&hellip;]<\/p>\n","protected":false},"author":4,"featured_media":77407,"comment_status":"closed","ping_status":"closed","sticky":false,"template":"","format":"video","meta":{"_monsterinsights_skip_tracking":false,"_monsterinsights_sitenote_active":false,"_monsterinsights_sitenote_note":"","_monsterinsights_sitenote_category":0,"footnotes":"","_links_to":"","_links_to_target":""},"categories":[8,9,1],"tags":[],"class_list":["post-77401","post","type-post","status-publish","format-video","has-post-thumbnail","hentry","category-referendum","category-stronaglowna","category-wszystko","post_format-post-format-video"],"_links":{"self":[{"href":"https:\/\/www.24zabrze.pl\/wiadomosci\/wp-json\/wp\/v2\/posts\/77401","targetHints":{"allow":["GET"]}}],"collection":[{"href":"https:\/\/www.24zabrze.pl\/wiadomosci\/wp-json\/wp\/v2\/posts"}],"about":[{"href":"https:\/\/www.24zabrze.pl\/wiadomosci\/wp-json\/wp\/v2\/types\/post"}],"author":[{"embeddable":true,"href":"https:\/\/www.24zabrze.pl\/wiadomosci\/wp-json\/wp\/v2\/users\/4"}],"replies":[{"embeddable":true,"href":"https:\/\/www.24zabrze.pl\/wiadomosci\/wp-json\/wp\/v2\/comments?post=77401"}],"version-history":[{"count":5,"href":"https:\/\/www.24zabrze.pl\/wiadomosci\/wp-json\/wp\/v2\/posts\/77401\/revisions"}],"predecessor-version":[{"id":77406,"href":"https:\/\/www.24zabrze.pl\/wiadomosci\/wp-json\/wp\/v2\/posts\/77401\/revisions\/77406"}],"wp:featuredmedia":[{"embeddable":true,"href":"https:\/\/www.24zabrze.pl\/wiadomosci\/wp-json\/wp\/v2\/media\/77407"}],"wp:attachment":[{"href":"https:\/\/www.24zabrze.pl\/wiadomosci\/wp-json\/wp\/v2\/media?parent=77401"}],"wp:term":[{"taxonomy":"category","embeddable":true,"href":"https:\/\/www.24zabrze.pl\/wiadomosci\/wp-json\/wp\/v2\/categories?post=77401"},{"taxonomy":"post_tag","embeddable":true,"href":"https:\/\/www.24zabrze.pl\/wiadomosci\/wp-json\/wp\/v2\/tags?post=77401"}],"curies":[{"name":"wp","href":"https:\/\/api.w.org\/{rel}","templated":true}]}}