{"id":77173,"date":"2015-10-30T17:34:47","date_gmt":"2015-10-30T15:34:47","guid":{"rendered":"http:\/\/www.24zabrze.pl\/wiadomosci\/?p=77173"},"modified":"2015-10-30T19:10:54","modified_gmt":"2015-10-30T17:10:54","slug":"optymistyczne-wiesci-z-lokalnego-rynku-pracy-w-miescie-spada-bezrobocie","status":"publish","type":"post","link":"https:\/\/www.24zabrze.pl\/wiadomosci\/optymistyczne-wiesci-z-lokalnego-rynku-pracy-w-miescie-spada-bezrobocie\/","title":{"rendered":"Optymistyczne wie\u015bci z lokalnego rynku pracy. W mie\u015bcie spada bezrobocie"},"content":{"rendered":"<div class=\"zabrz-a6-z-nad-leadem-artykulow zabrz-entity-placement\" id=\"zabrz-1140478267\"><div class=\"zabrz-adlabel\"><span style=\"font-size: 9px\">REKLAMA<\/span><\/div><div id=\"zabrz-856657455\" style=\"margin-bottom: 30px;margin-left: auto;margin-right: auto;text-align: center;\"><a data-no-instant=\"1\" href=\"https:\/\/dom100.eu\/\" rel=\"noopener\" class=\"a2t-link\" target=\"_blank\" aria-label=\"20260415 DOM100 D\"><img loading=\"lazy\" decoding=\"async\" src=\"https:\/\/www.24zabrze.pl\/wiadomosci\/wp-content\/uploads\/2026\/02\/20260415-DOM100-D.jpg\" alt=\"\"  srcset=\"https:\/\/www.24zabrze.pl\/wiadomosci\/wp-content\/uploads\/2026\/02\/20260415-DOM100-D.jpg 750w, https:\/\/www.24zabrze.pl\/wiadomosci\/wp-content\/uploads\/2026\/02\/20260415-DOM100-D-410x109.jpg 410w\" sizes=\"(max-width: 750px) 100vw, 750px\" class=\"no-lazyload\" width=\"750\" height=\"200\"  style=\"display: inline-block; max-width: 100%; height: auto;\" \/><\/a><\/div><\/div><h3>W ci\u0105gu ostatnich dziewi\u0119ciu miesi\u0119cy liczba os\u00f3b pozostaj\u0105cych bez sta\u0142ego zatrudnienia zmala\u0142a o ponad 2 procent.<\/h3>\n<p>Jeszcze w grudniu ubieg\u0142ego roku bez pracy by\u0142o 7 tys. 609 os\u00f3b, co przek\u0142ada\u0142o si\u0119 na stop\u0119 bezrobocia wynosz\u0105c\u0105 12,4 procent. W sierpniu 2015 roku zmniejszy\u0142a si\u0119 ona 10,3 proc. W po\u0142owie pa\u017adziernika zatrudnienia nie mia\u0142y 5 tys. 853 osoby.<br \/>\n[pullquote align=&#8221;left&#8221; cite=&#8221;&#8221; link=&#8221;&#8221; color=&#8221;&#8221; class=&#8221;&#8221; size=&#8221;&#8221;]We wrze\u015bniu prac\u0119 podj\u0119\u0142o 600 os\u00f3b, co jest najlepszym wynikiem od siedmiu lat.[\/pullquote]\n<p>W\u015br\u00f3d bezrobotnych przewa\u017caj\u0105 osoby o niskich kwalifikacjach. Ponad 60 proc., to ludzie z wykszta\u0142ceniem podstawowym, gimnazjalnym lub zasadniczym zawodowym, kt\u00f3rzy niekoniecznie chc\u0105 podj\u0105\u0107 prac\u0119.<br \/>\nW\u015br\u00f3d os\u00f3b bez zatrudnienia, najwi\u0119cej jest sprzedawc\u00f3w, technik\u00f3w ekonomist\u00f3w, \u015blusarzy, kucharzy, technik\u00f3w mechanik\u00f3w i budowla\u0144c\u00f3w, murarzy, fryzjer\u00f3w, krawc\u00f3w, malarzy, tokarzy i g\u00f3rnik\u00f3w. <\/p><div class=\"zabrz-a3-z-w-tresci-artykulow zabrz-entity-placement\" id=\"zabrz-1380264453\"><div class=\"zabrz-adlabel\"><span style=\"font-size: 9px\">REKLAMA<\/span><\/div><div id=\"zabrz-2743323812\" style=\"margin-bottom: 40px;margin-left: auto;margin-right: auto;text-align: center;\"><a data-no-instant=\"1\" href=\"https:\/\/ogrodyandersa.pl\/\" rel=\"noopener\" class=\"a2t-link\" target=\"_blank\" aria-label=\"20260415 Ogrody Andersa WYBIERZ MIESZKANIE D\"><img loading=\"lazy\" decoding=\"async\" src=\"https:\/\/www.24zabrze.pl\/wiadomosci\/wp-content\/uploads\/2026\/02\/20260415-Ogrody-Andersa-WYBIERZ-MIESZKANIE-D.jpg\" alt=\"\"  srcset=\"https:\/\/www.24zabrze.pl\/wiadomosci\/wp-content\/uploads\/2026\/02\/20260415-Ogrody-Andersa-WYBIERZ-MIESZKANIE-D.jpg 750w, https:\/\/www.24zabrze.pl\/wiadomosci\/wp-content\/uploads\/2026\/02\/20260415-Ogrody-Andersa-WYBIERZ-MIESZKANIE-D-410x109.jpg 410w\" sizes=\"(max-width: 750px) 100vw, 750px\" class=\"no-lazyload\" width=\"750\" height=\"200\"  style=\"display: inline-block; max-width: 100%; height: auto;\" \/><\/a><\/div><\/div>\n<p><strong>Najcz\u0119\u015bciej poszukiwani przez pracodawc\u00f3w s\u0105 spawacze, pracownicy ochrony fizycznej, monta\u017cy\u015bci dekoracji, sprz\u0105taczki biurowe, kierowcy ci\u0119\u017car\u00f3wek, monterzy ocieple\u0144 budynk\u00f3w, kontrolerzy jako\u015bci wyrob\u00f3w przemys\u0142owych, telemarketerzy, przedstawiciele handlowi, magazynierzy, sprzedawcy, dekarze i inni robotnicy wykonuj\u0105ce proste prace w przemy\u015ble.<\/strong><\/p>\n<p>Bezrobocie spada tak\u017ce w skali kraju. Pod koniec wrze\u015bnia wynosi\u0142a 9,7 proc. Tak dobrze nie by\u0142o od pierwszego kwarta\u0142u 2008 roku, gdy w ca\u0142ej Polsce liczb\u0119 os\u00f3b bez pracy szacowano na 8,8 proc.<\/p>\n<p>(KOM)<\/p>\n","protected":false},"excerpt":{"rendered":"<p>W ci\u0105gu ostatnich dziewi\u0119ciu miesi\u0119cy liczba os\u00f3b pozostaj\u0105cych bez sta\u0142ego zatrudnienia zmala\u0142a o ponad 2 procent. Jeszcze w grudniu ubieg\u0142ego roku bez pracy by\u0142o 7 tys. 609 os\u00f3b, co przek\u0142ada\u0142o si\u0119 na stop\u0119 bezrobocia wynosz\u0105c\u0105 12,4 procent. W sierpniu 2015 roku zmniejszy\u0142a si\u0119 ona 10,3 proc. W po\u0142owie pa\u017adziernika zatrudnienia nie mia\u0142y 5 tys. 853 [&hellip;]<\/p>\n","protected":false},"author":4,"featured_media":77174,"comment_status":"closed","ping_status":"closed","sticky":false,"template":"","format":"standard","meta":{"_monsterinsights_skip_tracking":false,"_monsterinsights_sitenote_active":false,"_monsterinsights_sitenote_note":"","_monsterinsights_sitenote_category":0,"footnotes":"","_links_to":"","_links_to_target":""},"categories":[8,9,1],"tags":[],"class_list":["post-77173","post","type-post","status-publish","format-standard","has-post-thumbnail","hentry","category-referendum","category-stronaglowna","category-wszystko"],"_links":{"self":[{"href":"https:\/\/www.24zabrze.pl\/wiadomosci\/wp-json\/wp\/v2\/posts\/77173","targetHints":{"allow":["GET"]}}],"collection":[{"href":"https:\/\/www.24zabrze.pl\/wiadomosci\/wp-json\/wp\/v2\/posts"}],"about":[{"href":"https:\/\/www.24zabrze.pl\/wiadomosci\/wp-json\/wp\/v2\/types\/post"}],"author":[{"embeddable":true,"href":"https:\/\/www.24zabrze.pl\/wiadomosci\/wp-json\/wp\/v2\/users\/4"}],"replies":[{"embeddable":true,"href":"https:\/\/www.24zabrze.pl\/wiadomosci\/wp-json\/wp\/v2\/comments?post=77173"}],"version-history":[{"count":6,"href":"https:\/\/www.24zabrze.pl\/wiadomosci\/wp-json\/wp\/v2\/posts\/77173\/revisions"}],"predecessor-version":[{"id":77185,"href":"https:\/\/www.24zabrze.pl\/wiadomosci\/wp-json\/wp\/v2\/posts\/77173\/revisions\/77185"}],"wp:featuredmedia":[{"embeddable":true,"href":"https:\/\/www.24zabrze.pl\/wiadomosci\/wp-json\/wp\/v2\/media\/77174"}],"wp:attachment":[{"href":"https:\/\/www.24zabrze.pl\/wiadomosci\/wp-json\/wp\/v2\/media?parent=77173"}],"wp:term":[{"taxonomy":"category","embeddable":true,"href":"https:\/\/www.24zabrze.pl\/wiadomosci\/wp-json\/wp\/v2\/categories?post=77173"},{"taxonomy":"post_tag","embeddable":true,"href":"https:\/\/www.24zabrze.pl\/wiadomosci\/wp-json\/wp\/v2\/tags?post=77173"}],"curies":[{"name":"wp","href":"https:\/\/api.w.org\/{rel}","templated":true}]}}