{"id":77117,"date":"2015-10-26T16:54:19","date_gmt":"2015-10-26T14:54:19","guid":{"rendered":"http:\/\/www.24zabrze.pl\/wiadomosci\/?p=77117"},"modified":"2015-10-26T16:54:19","modified_gmt":"2015-10-26T14:54:19","slug":"zabrzanskie-akcenty-w-parlamencie-ale-swojego-posla-raczej-nie-bedziemy-mieli","status":"publish","type":"post","link":"https:\/\/www.24zabrze.pl\/wiadomosci\/zabrzanskie-akcenty-w-parlamencie-ale-swojego-posla-raczej-nie-bedziemy-mieli\/","title":{"rendered":"Zabrza\u0144skie akcenty w parlamencie. Ale &#8220;swojego&#8221; pos\u0142a raczej nie b\u0119dziemy mieli"},"content":{"rendered":"<div class=\"zabrz-a6-z-nad-leadem-artykulow zabrz-entity-placement\" id=\"zabrz-2435846094\"><div class=\"zabrz-adlabel\"><span style=\"font-size: 9px\">REKLAMA<\/span><\/div><div id=\"zabrz-2914927253\" style=\"margin-bottom: 30px;margin-left: auto;margin-right: auto;text-align: center;\"><a data-no-instant=\"1\" href=\"https:\/\/dom100.eu\/\" rel=\"noopener\" class=\"a2t-link\" target=\"_blank\" aria-label=\"20260415 DOM100 D\"><img loading=\"lazy\" decoding=\"async\" src=\"https:\/\/www.24zabrze.pl\/wiadomosci\/wp-content\/uploads\/2026\/02\/20260415-DOM100-D.jpg\" alt=\"\"  srcset=\"https:\/\/www.24zabrze.pl\/wiadomosci\/wp-content\/uploads\/2026\/02\/20260415-DOM100-D.jpg 750w, https:\/\/www.24zabrze.pl\/wiadomosci\/wp-content\/uploads\/2026\/02\/20260415-DOM100-D-410x109.jpg 410w\" sizes=\"(max-width: 750px) 100vw, 750px\" class=\"no-lazyload\" width=\"750\" height=\"200\"  style=\"display: inline-block; max-width: 100%; height: auto;\" \/><\/a><\/div><\/div><h3> Rekordy wy\u015brubowali zwi\u0105zani z Zabrzem &#8211; Borys Budka i Marian Zembala. Og\u00f3\u0142em frekwencja wyborcza w naszym mie\u015bcie wynios\u0142a 32,65 procent. <\/h3>\n<p>Pewni miejsc w \u0142awach poselskich mog\u0105 by\u0107 byli szefowie resort\u00f3w &#8211; <strong>Borys Budka<\/strong> (na zdj\u0119ciu), kt\u00f3ry jeszcze nie tak dawno piastowa\u0142 funkcj\u0119 ministra sprawiedliwo\u015bci oraz minister zdrowia, <strong>Marian Zembala<\/strong>. Budka, kt\u00f3ry w przesz\u0142o\u015bci by\u0142 w Zabrzu radnym, w samych tylko Gliwicach zdoby\u0142 37 tysi\u0119cy 761 g\u0142os\u00f3w. <strong>Zembali<\/strong> przypad\u0142a &#8220;jedynka&#8221; w Katowicach. G\u0142os na niego odda\u0142o 53 tysi\u0105ce 610 uprawnionych. <\/p><div class=\"zabrz-a3-z-w-tresci-artykulow zabrz-entity-placement\" id=\"zabrz-1936424591\"><div class=\"zabrz-adlabel\"><span style=\"font-size: 9px\">REKLAMA<\/span><\/div><div id=\"zabrz-414678200\" style=\"margin-bottom: 40px;margin-left: auto;margin-right: auto;text-align: center;\"><a data-no-instant=\"1\" href=\"https:\/\/ogrodyandersa.pl\/\" rel=\"noopener\" class=\"a2t-link\" target=\"_blank\" aria-label=\"20260415 Ogrody Andersa WYBIERZ MIESZKANIE D\"><img loading=\"lazy\" decoding=\"async\" src=\"https:\/\/www.24zabrze.pl\/wiadomosci\/wp-content\/uploads\/2026\/02\/20260415-Ogrody-Andersa-WYBIERZ-MIESZKANIE-D.jpg\" alt=\"\"  srcset=\"https:\/\/www.24zabrze.pl\/wiadomosci\/wp-content\/uploads\/2026\/02\/20260415-Ogrody-Andersa-WYBIERZ-MIESZKANIE-D.jpg 750w, https:\/\/www.24zabrze.pl\/wiadomosci\/wp-content\/uploads\/2026\/02\/20260415-Ogrody-Andersa-WYBIERZ-MIESZKANIE-D-410x109.jpg 410w\" sizes=\"(max-width: 750px) 100vw, 750px\" class=\"no-lazyload\" width=\"750\" height=\"200\"  style=\"display: inline-block; max-width: 100%; height: auto;\" \/><\/a><\/div><\/div>\n<p>Wst\u0119pny podzia\u0142 mandat\u00f3w z okr\u0119gu obejmuj\u0105cego Zabrze-Bytom-Gliwice zak\u0142ada, \u017ce PiS b\u0119dzie mia\u0142o 4 pos\u0142\u00f3w, PO ? 4, Kukiz&#8217;15 ? 1. Nie jest to jednak przes\u0105dzone, poniewa\u017c jeden mandat mo\u017ce otrzyma\u0107 Nowoczesna Ryszarda Petru, kosztem PO. Nieoficjalnie z mandat\u00f3w poselskich: PiS ? <strong>Wojciech Szarama<\/strong>, <strong>Piotr Pyzik<\/strong>, <strong>Jaros\u0142aw Gonciarz<\/strong>, <strong>Barbara Dziuk<\/strong>; PO ? <strong>Borys Budka<\/strong>, <strong>Krystyna Szumilas<\/strong>, <strong>Jacek Brzezinka<\/strong>, <strong>Tomasz G\u0142ogowski<\/strong>; Kukiz&#8217;15 ? <strong>Pawe\u0142 Kobyli\u0144ski<\/strong>. Je\u015bli jednak oka\u017ce si\u0119, \u017ce swojego reprezentanta w Sejmie b\u0119dzie mia\u0142a Nowoczesna Ryszarda Petru, to do Sejmu wejdzie <strong>Marta Golbik<\/strong>, a z parlamentem po\u017cegna si\u0119 <strong>Jacek Brzezinka<\/strong>. <\/p>\n<p>(TK)<\/p>\n","protected":false},"excerpt":{"rendered":"<p>Rekordy wy\u015brubowali zwi\u0105zani z Zabrzem &#8211; Borys Budka i Marian Zembala. Og\u00f3\u0142em frekwencja wyborcza w naszym mie\u015bcie wynios\u0142a 32,65 procent. Pewni miejsc w \u0142awach poselskich mog\u0105 by\u0107 byli szefowie resort\u00f3w &#8211; Borys Budka (na zdj\u0119ciu), kt\u00f3ry jeszcze nie tak dawno piastowa\u0142 funkcj\u0119 ministra sprawiedliwo\u015bci oraz minister zdrowia, Marian Zembala. Budka, kt\u00f3ry w przesz\u0142o\u015bci by\u0142 w [&hellip;]<\/p>\n","protected":false},"author":4,"featured_media":77119,"comment_status":"closed","ping_status":"closed","sticky":false,"template":"","format":"standard","meta":{"_monsterinsights_skip_tracking":false,"_monsterinsights_sitenote_active":false,"_monsterinsights_sitenote_note":"","_monsterinsights_sitenote_category":0,"footnotes":"","_links_to":"","_links_to_target":""},"categories":[8,9,1],"tags":[],"class_list":["post-77117","post","type-post","status-publish","format-standard","has-post-thumbnail","hentry","category-referendum","category-stronaglowna","category-wszystko"],"_links":{"self":[{"href":"https:\/\/www.24zabrze.pl\/wiadomosci\/wp-json\/wp\/v2\/posts\/77117","targetHints":{"allow":["GET"]}}],"collection":[{"href":"https:\/\/www.24zabrze.pl\/wiadomosci\/wp-json\/wp\/v2\/posts"}],"about":[{"href":"https:\/\/www.24zabrze.pl\/wiadomosci\/wp-json\/wp\/v2\/types\/post"}],"author":[{"embeddable":true,"href":"https:\/\/www.24zabrze.pl\/wiadomosci\/wp-json\/wp\/v2\/users\/4"}],"replies":[{"embeddable":true,"href":"https:\/\/www.24zabrze.pl\/wiadomosci\/wp-json\/wp\/v2\/comments?post=77117"}],"version-history":[{"count":2,"href":"https:\/\/www.24zabrze.pl\/wiadomosci\/wp-json\/wp\/v2\/posts\/77117\/revisions"}],"predecessor-version":[{"id":77121,"href":"https:\/\/www.24zabrze.pl\/wiadomosci\/wp-json\/wp\/v2\/posts\/77117\/revisions\/77121"}],"wp:featuredmedia":[{"embeddable":true,"href":"https:\/\/www.24zabrze.pl\/wiadomosci\/wp-json\/wp\/v2\/media\/77119"}],"wp:attachment":[{"href":"https:\/\/www.24zabrze.pl\/wiadomosci\/wp-json\/wp\/v2\/media?parent=77117"}],"wp:term":[{"taxonomy":"category","embeddable":true,"href":"https:\/\/www.24zabrze.pl\/wiadomosci\/wp-json\/wp\/v2\/categories?post=77117"},{"taxonomy":"post_tag","embeddable":true,"href":"https:\/\/www.24zabrze.pl\/wiadomosci\/wp-json\/wp\/v2\/tags?post=77117"}],"curies":[{"name":"wp","href":"https:\/\/api.w.org\/{rel}","templated":true}]}}