{"id":77114,"date":"2015-10-26T13:34:29","date_gmt":"2015-10-26T11:34:29","guid":{"rendered":"http:\/\/www.24zabrze.pl\/wiadomosci\/?p=77114"},"modified":"2015-10-26T13:34:29","modified_gmt":"2015-10-26T11:34:29","slug":"wybory-w-zabrzu-maria-panczyk-pozdziej-senatorem","status":"publish","type":"post","link":"https:\/\/www.24zabrze.pl\/wiadomosci\/wybory-w-zabrzu-maria-panczyk-pozdziej-senatorem\/","title":{"rendered":"Wybory w Zabrzu. Maria Pa\u0144czyk-Pozdziej senatorem"},"content":{"rendered":"<div class=\"zabrz-a6-z-nad-leadem-artykulow zabrz-entity-placement\" id=\"zabrz-3268474581\"><div class=\"zabrz-adlabel\"><span style=\"font-size: 9px\">REKLAMA<\/span><\/div><div id=\"zabrz-2332093031\" style=\"margin-bottom: 30px;margin-left: auto;margin-right: auto;text-align: center;\"><a data-no-instant=\"1\" href=\"https:\/\/dom100.eu\/\" rel=\"noopener\" class=\"a2t-link\" target=\"_blank\" aria-label=\"20260415 DOM100 D\"><img loading=\"lazy\" decoding=\"async\" src=\"https:\/\/www.24zabrze.pl\/wiadomosci\/wp-content\/uploads\/2026\/02\/20260415-DOM100-D.jpg\" alt=\"\"  srcset=\"https:\/\/www.24zabrze.pl\/wiadomosci\/wp-content\/uploads\/2026\/02\/20260415-DOM100-D.jpg 750w, https:\/\/www.24zabrze.pl\/wiadomosci\/wp-content\/uploads\/2026\/02\/20260415-DOM100-D-410x109.jpg 410w\" sizes=\"(max-width: 750px) 100vw, 750px\" class=\"no-lazyload\" width=\"750\" height=\"200\"  style=\"display: inline-block; max-width: 100%; height: auto;\" \/><\/a><\/div><\/div><h3> Maria Pa\u0144czyk-Pozdziej wygra\u0142a wybory do Senatu w Zabrzu i Bytomiu. Pokona\u0142a mi\u0119dzy innymi Grzegorza Relig\u0119, syna profesora Zbigniewa Religi. <\/h3>\n<p>W okr\u0119gu obejmuj\u0105cym Zabrze oraz Bytom kandydowa\u0142y cztery osoby. <strong>Witold Berus<\/strong> (Komitet Wyborczy Wyborc\u00f3w \u015alonzoki Razem) zdoby\u0142 16 tys. 643 g\u0142os\u00f3w, <strong>Adam Stromid\u0142o<\/strong> (Komitet Wyborczy Wyborc\u00f3w &#8220;Kukiz&#8217;15&#8221;) 24 tys. 214, a <strong>Grzegorz Religa<\/strong> (Komitet Wyborczy Prawo i Sprawiedliwo\u015b\u0107) 36 tys. 798. Wybory wygra\u0142a <strong>Maria Pa\u0144czyk-Pozdziej<\/strong> (Komitet Wyborczy Platforma Obywatelska RP). Dosta\u0142a 40 010 g\u0142os\u00f3w. <strong>Pa\u0144czyk-Pozdziej<\/strong> senatorem Platformy Obywatelskiej jest po raz czwarty z rz\u0119du. Wcze\u015bniej by\u0142a radn\u0105 sejmiku \u015bl\u0105skiego. Urodzi\u0142a si\u0119 w Tarnowskich G\u00f3rach, a z wykszta\u0142cenia jest polonistk\u0105. Najpierw pracowa\u0142a jako nauczycielka, a od 1971 jest dziennikark\u0105 Radia Katowice. Jest znana przede wszystkim z program\u00f3w po\u015bwi\u0119conych kulturze \u015bl\u0105skiej. Najwi\u0119kszym powodzeniem cieszy si\u0119 jej ?Po naszymu, czyli po \u015bl\u0105sku&#8221;. <strong>Pa\u0144czyk-Pozdziej<\/strong> jest r\u00f3wnie\u017c pomys\u0142odawczyni\u0105 konkursu o tej samej nazwie. <\/p><div class=\"zabrz-a3-z-w-tresci-artykulow zabrz-entity-placement\" id=\"zabrz-2628473817\"><div class=\"zabrz-adlabel\"><span style=\"font-size: 9px\">REKLAMA<\/span><\/div><div id=\"zabrz-1184736848\" style=\"margin-bottom: 40px;margin-left: auto;margin-right: auto;text-align: center;\"><a data-no-instant=\"1\" href=\"https:\/\/ogrodyandersa.pl\/\" rel=\"noopener\" class=\"a2t-link\" target=\"_blank\" aria-label=\"20260415 Ogrody Andersa WYBIERZ MIESZKANIE D\"><img loading=\"lazy\" decoding=\"async\" src=\"https:\/\/www.24zabrze.pl\/wiadomosci\/wp-content\/uploads\/2026\/02\/20260415-Ogrody-Andersa-WYBIERZ-MIESZKANIE-D.jpg\" alt=\"\"  srcset=\"https:\/\/www.24zabrze.pl\/wiadomosci\/wp-content\/uploads\/2026\/02\/20260415-Ogrody-Andersa-WYBIERZ-MIESZKANIE-D.jpg 750w, https:\/\/www.24zabrze.pl\/wiadomosci\/wp-content\/uploads\/2026\/02\/20260415-Ogrody-Andersa-WYBIERZ-MIESZKANIE-D-410x109.jpg 410w\" sizes=\"(max-width: 750px) 100vw, 750px\" class=\"no-lazyload\" width=\"750\" height=\"200\"  style=\"display: inline-block; max-width: 100%; height: auto;\" \/><\/a><\/div><\/div>\n<p>(TK)<\/p>\n","protected":false},"excerpt":{"rendered":"<p>Maria Pa\u0144czyk-Pozdziej wygra\u0142a wybory do Senatu w Zabrzu i Bytomiu. Pokona\u0142a mi\u0119dzy innymi Grzegorza Relig\u0119, syna profesora Zbigniewa Religi. W okr\u0119gu obejmuj\u0105cym Zabrze oraz Bytom kandydowa\u0142y cztery osoby. Witold Berus (Komitet Wyborczy Wyborc\u00f3w \u015alonzoki Razem) zdoby\u0142 16 tys. 643 g\u0142os\u00f3w, Adam Stromid\u0142o (Komitet Wyborczy Wyborc\u00f3w &#8220;Kukiz&#8217;15&#8221;) 24 tys. 214, a Grzegorz Religa (Komitet Wyborczy Prawo [&hellip;]<\/p>\n","protected":false},"author":4,"featured_media":77115,"comment_status":"closed","ping_status":"closed","sticky":false,"template":"","format":"standard","meta":{"_monsterinsights_skip_tracking":false,"_monsterinsights_sitenote_active":false,"_monsterinsights_sitenote_note":"","_monsterinsights_sitenote_category":0,"footnotes":"","_links_to":"","_links_to_target":""},"categories":[8,9,1],"tags":[],"class_list":["post-77114","post","type-post","status-publish","format-standard","has-post-thumbnail","hentry","category-referendum","category-stronaglowna","category-wszystko"],"_links":{"self":[{"href":"https:\/\/www.24zabrze.pl\/wiadomosci\/wp-json\/wp\/v2\/posts\/77114","targetHints":{"allow":["GET"]}}],"collection":[{"href":"https:\/\/www.24zabrze.pl\/wiadomosci\/wp-json\/wp\/v2\/posts"}],"about":[{"href":"https:\/\/www.24zabrze.pl\/wiadomosci\/wp-json\/wp\/v2\/types\/post"}],"author":[{"embeddable":true,"href":"https:\/\/www.24zabrze.pl\/wiadomosci\/wp-json\/wp\/v2\/users\/4"}],"replies":[{"embeddable":true,"href":"https:\/\/www.24zabrze.pl\/wiadomosci\/wp-json\/wp\/v2\/comments?post=77114"}],"version-history":[{"count":1,"href":"https:\/\/www.24zabrze.pl\/wiadomosci\/wp-json\/wp\/v2\/posts\/77114\/revisions"}],"predecessor-version":[{"id":77116,"href":"https:\/\/www.24zabrze.pl\/wiadomosci\/wp-json\/wp\/v2\/posts\/77114\/revisions\/77116"}],"wp:featuredmedia":[{"embeddable":true,"href":"https:\/\/www.24zabrze.pl\/wiadomosci\/wp-json\/wp\/v2\/media\/77115"}],"wp:attachment":[{"href":"https:\/\/www.24zabrze.pl\/wiadomosci\/wp-json\/wp\/v2\/media?parent=77114"}],"wp:term":[{"taxonomy":"category","embeddable":true,"href":"https:\/\/www.24zabrze.pl\/wiadomosci\/wp-json\/wp\/v2\/categories?post=77114"},{"taxonomy":"post_tag","embeddable":true,"href":"https:\/\/www.24zabrze.pl\/wiadomosci\/wp-json\/wp\/v2\/tags?post=77114"}],"curies":[{"name":"wp","href":"https:\/\/api.w.org\/{rel}","templated":true}]}}