{"id":77009,"date":"2015-10-18T13:47:33","date_gmt":"2015-10-18T11:47:33","guid":{"rendered":"http:\/\/www.24zabrze.pl\/wiadomosci\/?p=77009"},"modified":"2015-10-18T13:47:33","modified_gmt":"2015-10-18T11:47:33","slug":"laznia-lancuszkowa-juz-otwarta-wkrotce-bedzie-sluzyc-turystom","status":"publish","type":"post","link":"https:\/\/www.24zabrze.pl\/wiadomosci\/laznia-lancuszkowa-juz-otwarta-wkrotce-bedzie-sluzyc-turystom\/","title":{"rendered":"\u0141a\u017ania \u0142a\u0144cuszkowa ju\u017c otwarta. Wkr\u00f3tce b\u0119dzie s\u0142u\u017cy\u0107 turystom"},"content":{"rendered":"<div class=\"zabrz-a6-z-nad-leadem-artykulow zabrz-entity-placement\" id=\"zabrz-3464536339\"><div class=\"zabrz-adlabel\"><span style=\"font-size: 9px\">REKLAMA<\/span><\/div><div id=\"zabrz-2834489795\" style=\"margin-bottom: 30px;margin-left: auto;margin-right: auto;text-align: center;\"><a data-no-instant=\"1\" href=\"https:\/\/dom100.eu\/\" rel=\"noopener\" class=\"a2t-link\" target=\"_blank\" aria-label=\"20260415 DOM100 D\"><img loading=\"lazy\" decoding=\"async\" src=\"https:\/\/www.24zabrze.pl\/wiadomosci\/wp-content\/uploads\/2026\/02\/20260415-DOM100-D.jpg\" alt=\"\"  srcset=\"https:\/\/www.24zabrze.pl\/wiadomosci\/wp-content\/uploads\/2026\/02\/20260415-DOM100-D.jpg 750w, https:\/\/www.24zabrze.pl\/wiadomosci\/wp-content\/uploads\/2026\/02\/20260415-DOM100-D-410x109.jpg 410w\" sizes=\"(max-width: 750px) 100vw, 750px\" class=\"no-lazyload\" width=\"750\" height=\"200\"  style=\"display: inline-block; max-width: 100%; height: auto;\" \/><\/a><\/div><\/div><h3> Ten zabytkowy obiekt zostanie udost\u0119pniony zwiedzaj\u0105cym i go\u015bciom 24 pa\u017adziernika. Remont da\u0142 \u0142a\u017ani nowe \u017cycie. <\/h3>\n<p>&#8211; \u0141a\u017ania zosta\u0142a zaadaptowana na cele muzealne, kulturalne, turystyczne i edukacyjne. Warto jednak zaznaczy\u0107, \u017ce przestrze\u0144 wewn\u0119trzna budynku zachowuje sw\u00f3j historyczny wygl\u0105d ? podkre\u015bla <strong>Andrzej Mitek<\/strong>, specjalista komunikacji spo\u0142ecznej Muzeum G\u00f3rnictwa W\u0119glowego w Zabrzu.<\/p><div class=\"zabrz-a3-z-w-tresci-artykulow zabrz-entity-placement\" id=\"zabrz-4041778860\"><div class=\"zabrz-adlabel\"><span style=\"font-size: 9px\">REKLAMA<\/span><\/div><div id=\"zabrz-145866277\" style=\"margin-bottom: 40px;margin-left: auto;margin-right: auto;text-align: center;\"><a data-no-instant=\"1\" href=\"https:\/\/ogrodyandersa.pl\/\" rel=\"noopener\" class=\"a2t-link\" target=\"_blank\" aria-label=\"20260415 Ogrody Andersa WYBIERZ MIESZKANIE D\"><img loading=\"lazy\" decoding=\"async\" src=\"https:\/\/www.24zabrze.pl\/wiadomosci\/wp-content\/uploads\/2026\/02\/20260415-Ogrody-Andersa-WYBIERZ-MIESZKANIE-D.jpg\" alt=\"\"  srcset=\"https:\/\/www.24zabrze.pl\/wiadomosci\/wp-content\/uploads\/2026\/02\/20260415-Ogrody-Andersa-WYBIERZ-MIESZKANIE-D.jpg 750w, https:\/\/www.24zabrze.pl\/wiadomosci\/wp-content\/uploads\/2026\/02\/20260415-Ogrody-Andersa-WYBIERZ-MIESZKANIE-D-410x109.jpg 410w\" sizes=\"(max-width: 750px) 100vw, 750px\" class=\"no-lazyload\" width=\"750\" height=\"200\"  style=\"display: inline-block; max-width: 100%; height: auto;\" \/><\/a><\/div><\/div>\n<p> Tury\u015bci tam zakupi\u0105 bilet, pobior\u0105 kaski i przejd\u0105 naziemn\u0105 k\u0142adk\u0105 w kierunku szybu Carnall, kt\u00f3rym mo\u017cna zej\u015b\u0107 40 metr\u00f3w w g\u0142\u0105b na poziom sztolni. \u0141a\u017ania b\u0119dzie tym miejscem, w kt\u00f3rym zwiedzaj\u0105cy rozpoczn\u0105 przygod\u0119 ze Sztolni\u0105 Kr\u00f3lowa Luiza. W tej chwili mo\u017cna zwiedza\u0107 naziemn\u0105 stref\u0119, w tym dwie wystawy tematyczne ?Niezwyk\u0142a historia? i ?Kopalnia Edisona?, pokaz pracy zabytkowej maszyny parowej i wej\u015bcie na wie\u017c\u0119 szybow\u0105 szybu Carnall ? dodaje Andrzej Mitek.<\/p>\n<p>Wi\u0119cej na ten temat dowiecie si\u0119 ju\u017c wkr\u00f3tce z obszernego materia\u0142u filmowego, kt\u00f3ry opublikujemy na portalu 24 Zabrze. <\/p>\n<p>(TK)<\/p>\n","protected":false},"excerpt":{"rendered":"<p>Ten zabytkowy obiekt zostanie udost\u0119pniony zwiedzaj\u0105cym i go\u015bciom 24 pa\u017adziernika. Remont da\u0142 \u0142a\u017ani nowe \u017cycie. &#8211; \u0141a\u017ania zosta\u0142a zaadaptowana na cele muzealne, kulturalne, turystyczne i edukacyjne. Warto jednak zaznaczy\u0107, \u017ce przestrze\u0144 wewn\u0119trzna budynku zachowuje sw\u00f3j historyczny wygl\u0105d ? podkre\u015bla Andrzej Mitek, specjalista komunikacji spo\u0142ecznej Muzeum G\u00f3rnictwa W\u0119glowego w Zabrzu. Tury\u015bci tam zakupi\u0105 bilet, pobior\u0105 kaski [&hellip;]<\/p>\n","protected":false},"author":4,"featured_media":77010,"comment_status":"closed","ping_status":"closed","sticky":false,"template":"","format":"standard","meta":{"_monsterinsights_skip_tracking":false,"_monsterinsights_sitenote_active":false,"_monsterinsights_sitenote_note":"","_monsterinsights_sitenote_category":0,"footnotes":"","_links_to":"","_links_to_target":""},"categories":[8,9,1],"tags":[],"class_list":["post-77009","post","type-post","status-publish","format-standard","has-post-thumbnail","hentry","category-referendum","category-stronaglowna","category-wszystko"],"_links":{"self":[{"href":"https:\/\/www.24zabrze.pl\/wiadomosci\/wp-json\/wp\/v2\/posts\/77009","targetHints":{"allow":["GET"]}}],"collection":[{"href":"https:\/\/www.24zabrze.pl\/wiadomosci\/wp-json\/wp\/v2\/posts"}],"about":[{"href":"https:\/\/www.24zabrze.pl\/wiadomosci\/wp-json\/wp\/v2\/types\/post"}],"author":[{"embeddable":true,"href":"https:\/\/www.24zabrze.pl\/wiadomosci\/wp-json\/wp\/v2\/users\/4"}],"replies":[{"embeddable":true,"href":"https:\/\/www.24zabrze.pl\/wiadomosci\/wp-json\/wp\/v2\/comments?post=77009"}],"version-history":[{"count":1,"href":"https:\/\/www.24zabrze.pl\/wiadomosci\/wp-json\/wp\/v2\/posts\/77009\/revisions"}],"predecessor-version":[{"id":77011,"href":"https:\/\/www.24zabrze.pl\/wiadomosci\/wp-json\/wp\/v2\/posts\/77009\/revisions\/77011"}],"wp:featuredmedia":[{"embeddable":true,"href":"https:\/\/www.24zabrze.pl\/wiadomosci\/wp-json\/wp\/v2\/media\/77010"}],"wp:attachment":[{"href":"https:\/\/www.24zabrze.pl\/wiadomosci\/wp-json\/wp\/v2\/media?parent=77009"}],"wp:term":[{"taxonomy":"category","embeddable":true,"href":"https:\/\/www.24zabrze.pl\/wiadomosci\/wp-json\/wp\/v2\/categories?post=77009"},{"taxonomy":"post_tag","embeddable":true,"href":"https:\/\/www.24zabrze.pl\/wiadomosci\/wp-json\/wp\/v2\/tags?post=77009"}],"curies":[{"name":"wp","href":"https:\/\/api.w.org\/{rel}","templated":true}]}}