{"id":77006,"date":"2015-10-17T17:52:43","date_gmt":"2015-10-17T15:52:43","guid":{"rendered":"http:\/\/www.24zabrze.pl\/wiadomosci\/?p=77006"},"modified":"2015-10-17T17:53:01","modified_gmt":"2015-10-17T15:53:01","slug":"zawieszone-kursy-tramwajowe-tak-bedzie-przez-caly-weekend","status":"publish","type":"post","link":"https:\/\/www.24zabrze.pl\/wiadomosci\/zawieszone-kursy-tramwajowe-tak-bedzie-przez-caly-weekend\/","title":{"rendered":"Zawieszone kursy tramwajowe! Tak b\u0119dzie przez ca\u0142y weekend"},"content":{"rendered":"<div class=\"zabrz-a6-z-nad-leadem-artykulow zabrz-entity-placement\" id=\"zabrz-1345008907\"><div class=\"zabrz-adlabel\"><span style=\"font-size: 9px\">REKLAMA<\/span><\/div><div id=\"zabrz-1767552118\" style=\"margin-bottom: 30px;margin-left: auto;margin-right: auto;text-align: center;\"><a data-no-instant=\"1\" href=\"https:\/\/dom100.eu\/\" rel=\"noopener\" class=\"a2t-link\" target=\"_blank\" aria-label=\"20260415 DOM100 D\"><img loading=\"lazy\" decoding=\"async\" src=\"https:\/\/www.24zabrze.pl\/wiadomosci\/wp-content\/uploads\/2026\/02\/20260415-DOM100-D.jpg\" alt=\"\"  srcset=\"https:\/\/www.24zabrze.pl\/wiadomosci\/wp-content\/uploads\/2026\/02\/20260415-DOM100-D.jpg 750w, https:\/\/www.24zabrze.pl\/wiadomosci\/wp-content\/uploads\/2026\/02\/20260415-DOM100-D-410x109.jpg 410w\" sizes=\"(max-width: 750px) 100vw, 750px\" class=\"no-lazyload\" width=\"750\" height=\"200\"  style=\"display: inline-block; max-width: 100%; height: auto;\" \/><\/a><\/div><\/div><h3> Utrudnienia w ruchu maj\u0105 zwi\u0105zek z modernizacj\u0105 torowisk na terenie Zabrza. Trzeba si\u0119 liczy\u0107 z tym, \u017ce przez sobot\u0119 i niedziel\u0119 (17-18.10.) kursy tramwajowe b\u0119d\u0105 w du\u017cej mierze zawieszone. <\/h3>\n<p>Pierwszy tor modernizowanej linii tramwajowej na ul. Wolno\u015bci w Zabrzu jest ju\u017c gotowy. Wykonawca zaczyna prace na torze drugim. Przez ca\u0142y weekend, ekipy remontowe, b\u0119d\u0105 zajmowa\u0142y prze\u0142o\u017ceniem rozjazd\u00f3w technologicznych, umo\u017cliwiaj\u0105cym przeniesienie ruchu na nowo wybudowany tor. <\/p><div class=\"zabrz-a3-z-w-tresci-artykulow zabrz-entity-placement\" id=\"zabrz-3433256836\"><div class=\"zabrz-adlabel\"><span style=\"font-size: 9px\">REKLAMA<\/span><\/div><div id=\"zabrz-186754750\" style=\"margin-bottom: 40px;margin-left: auto;margin-right: auto;text-align: center;\"><a data-no-instant=\"1\" href=\"https:\/\/ogrodyandersa.pl\/\" rel=\"noopener\" class=\"a2t-link\" target=\"_blank\" aria-label=\"20260415 Ogrody Andersa WYBIERZ MIESZKANIE D\"><img loading=\"lazy\" decoding=\"async\" src=\"https:\/\/www.24zabrze.pl\/wiadomosci\/wp-content\/uploads\/2026\/02\/20260415-Ogrody-Andersa-WYBIERZ-MIESZKANIE-D.jpg\" alt=\"\"  srcset=\"https:\/\/www.24zabrze.pl\/wiadomosci\/wp-content\/uploads\/2026\/02\/20260415-Ogrody-Andersa-WYBIERZ-MIESZKANIE-D.jpg 750w, https:\/\/www.24zabrze.pl\/wiadomosci\/wp-content\/uploads\/2026\/02\/20260415-Ogrody-Andersa-WYBIERZ-MIESZKANIE-D-410x109.jpg 410w\" sizes=\"(max-width: 750px) 100vw, 750px\" class=\"no-lazyload\" width=\"750\" height=\"200\"  style=\"display: inline-block; max-width: 100%; height: auto;\" \/><\/a><\/div><\/div>\n<p>W zwi\u0105zku z tym od sobotniego poranka, do godz. 22:00 w niedziel\u0119 zmieni si\u0119 organizacja ruchu tramwaj\u00f3w w Zabrzu:<\/p>\n<p>?\tTramwaje linii nr 1 b\u0119d\u0105 kursowa\u0107 jedynie na odcinku Zabrze Lompy p\u0119tla ? Ruda \u015al\u0105ska Chebzie p\u0119tla wykonuj\u0105c wszystkie planowe kursy linii 1 na tej trasie; na odcinku Gliwice zajezdnia ? Zabrze pl. Wolno\u015bci linia b\u0119dzie zawieszona,<br \/>\n?\tLinia 3 zostanie zawieszona,<br \/>\n?\tLinia 4 zostanie zawieszona,<br \/>\n?\tNa trasie: Gliwice zajezdnia ? Zabrze pl. Wolno\u015bci ? Zabrze Lompy p\u0119tla zostanie uruchomiona autobusowa komunikacja zast\u0119pcza kursuj\u0105ca zgodnie z tramwajowymi rozk\u0142adami jazdy poszczeg\u00f3lnych linii wg poni\u017cszego:<br \/>\n?\tT-1 oraz T-4 ? kursuj\u0105ce na trasie: Gliwice zajezdnia ? Zabrze Knurowska ? Kondratowicza ? S\u0142owackiego ? pl. S\u0142owia\u0144ski ? Damrota ? de Gaulle?a ? Miarki &#8211;  pl. Wolno\u015bci ? \u015bw. Floriana ? Sienkiewicza ? Skansen Luiza ? Elektrociep\u0142ownia ? Skargi ? Lompy ? Zaborze p\u0119tla.<br \/>\n?\tT-3 ? kursuj\u0105ca na trasie: Mikulczyce p\u0119tla ? pl. Kroczka ? Tarnopolska ? ul. Szcz\u0119\u015bcie Ludwika ? Pole Ludwik ? Przystankowa ? Mostostal ? Gda\u0144ska ? pl. Teatralny ? pl. Wolno\u015bci ? \u015bw. Floriana ? Sienkiewicza ? Skansen Luiza ? Elektrociep\u0142ownia ? Skargi ? Zaborze Lompy ? Zaborze p\u0119tla.<\/p>\n<p>Przystanek Zabrze \u015bw. Floriana obs\u0142ugiwany b\u0119dzie jedynie w kierunku p\u0119tli Lompy.<\/p>\n","protected":false},"excerpt":{"rendered":"<p>Utrudnienia w ruchu maj\u0105 zwi\u0105zek z modernizacj\u0105 torowisk na terenie Zabrza. Trzeba si\u0119 liczy\u0107 z tym, \u017ce przez sobot\u0119 i niedziel\u0119 (17-18.10.) kursy tramwajowe b\u0119d\u0105 w du\u017cej mierze zawieszone. Pierwszy tor modernizowanej linii tramwajowej na ul. Wolno\u015bci w Zabrzu jest ju\u017c gotowy. Wykonawca zaczyna prace na torze drugim. Przez ca\u0142y weekend, ekipy remontowe, b\u0119d\u0105 zajmowa\u0142y [&hellip;]<\/p>\n","protected":false},"author":4,"featured_media":77007,"comment_status":"closed","ping_status":"closed","sticky":false,"template":"","format":"standard","meta":{"_monsterinsights_skip_tracking":false,"_monsterinsights_sitenote_active":false,"_monsterinsights_sitenote_note":"","_monsterinsights_sitenote_category":0,"footnotes":"","_links_to":"","_links_to_target":""},"categories":[8,9,1],"tags":[],"class_list":["post-77006","post","type-post","status-publish","format-standard","has-post-thumbnail","hentry","category-referendum","category-stronaglowna","category-wszystko"],"_links":{"self":[{"href":"https:\/\/www.24zabrze.pl\/wiadomosci\/wp-json\/wp\/v2\/posts\/77006","targetHints":{"allow":["GET"]}}],"collection":[{"href":"https:\/\/www.24zabrze.pl\/wiadomosci\/wp-json\/wp\/v2\/posts"}],"about":[{"href":"https:\/\/www.24zabrze.pl\/wiadomosci\/wp-json\/wp\/v2\/types\/post"}],"author":[{"embeddable":true,"href":"https:\/\/www.24zabrze.pl\/wiadomosci\/wp-json\/wp\/v2\/users\/4"}],"replies":[{"embeddable":true,"href":"https:\/\/www.24zabrze.pl\/wiadomosci\/wp-json\/wp\/v2\/comments?post=77006"}],"version-history":[{"count":1,"href":"https:\/\/www.24zabrze.pl\/wiadomosci\/wp-json\/wp\/v2\/posts\/77006\/revisions"}],"predecessor-version":[{"id":77008,"href":"https:\/\/www.24zabrze.pl\/wiadomosci\/wp-json\/wp\/v2\/posts\/77006\/revisions\/77008"}],"wp:featuredmedia":[{"embeddable":true,"href":"https:\/\/www.24zabrze.pl\/wiadomosci\/wp-json\/wp\/v2\/media\/77007"}],"wp:attachment":[{"href":"https:\/\/www.24zabrze.pl\/wiadomosci\/wp-json\/wp\/v2\/media?parent=77006"}],"wp:term":[{"taxonomy":"category","embeddable":true,"href":"https:\/\/www.24zabrze.pl\/wiadomosci\/wp-json\/wp\/v2\/categories?post=77006"},{"taxonomy":"post_tag","embeddable":true,"href":"https:\/\/www.24zabrze.pl\/wiadomosci\/wp-json\/wp\/v2\/tags?post=77006"}],"curies":[{"name":"wp","href":"https:\/\/api.w.org\/{rel}","templated":true}]}}