{"id":76994,"date":"2015-10-16T12:20:19","date_gmt":"2015-10-16T10:20:19","guid":{"rendered":"http:\/\/www.24zabrze.pl\/wiadomosci\/?p=76994"},"modified":"2015-10-16T20:42:13","modified_gmt":"2015-10-16T18:42:13","slug":"zabrze-otrzymalo-prestizowe-wyroznienia-za-wspieranie-przedsiebiorczosci-i-ekologie","status":"publish","type":"post","link":"https:\/\/www.24zabrze.pl\/wiadomosci\/zabrze-otrzymalo-prestizowe-wyroznienia-za-wspieranie-przedsiebiorczosci-i-ekologie\/","title":{"rendered":"Zabrze otrzyma\u0142o presti\u017cowe wyr\u00f3\u017cnienia. Za wspieranie przedsi\u0119biorczo\u015bci i ekologi\u0119"},"content":{"rendered":"<div class=\"zabrz-a6-z-nad-leadem-artykulow zabrz-entity-placement\" id=\"zabrz-2702687127\"><div class=\"zabrz-adlabel\"><span style=\"font-size: 9px\">REKLAMA<\/span><\/div><div id=\"zabrz-1448209518\" style=\"margin-bottom: 30px;margin-left: auto;margin-right: auto;text-align: center;\"><a data-no-instant=\"1\" href=\"https:\/\/dom100.eu\/\" rel=\"noopener\" class=\"a2t-link\" target=\"_blank\" aria-label=\"20260415 DOM100 D\"><img loading=\"lazy\" decoding=\"async\" src=\"https:\/\/www.24zabrze.pl\/wiadomosci\/wp-content\/uploads\/2026\/02\/20260415-DOM100-D.jpg\" alt=\"\"  srcset=\"https:\/\/www.24zabrze.pl\/wiadomosci\/wp-content\/uploads\/2026\/02\/20260415-DOM100-D.jpg 750w, https:\/\/www.24zabrze.pl\/wiadomosci\/wp-content\/uploads\/2026\/02\/20260415-DOM100-D-410x109.jpg 410w\" sizes=\"(max-width: 750px) 100vw, 750px\" class=\"no-lazyload\" width=\"750\" height=\"200\"  style=\"display: inline-block; max-width: 100%; height: auto;\" \/><\/a><\/div><\/div><h3>Statuetka Eco-Miasto zosta\u0142a przyznana Zabrzu za realizacj\u0119 gigantycznego projektu zwi\u0105zanego z popraw\u0105 gospodarki wodno-\u015bciekowej. Druga z nagr\u00f3d, to honorowe wyr\u00f3\u017cnienie za wspieranie ma\u0142ej i \u015bredniej przedsi\u0119biorczo\u015bci.<\/h3>\n<p>Podczas odbywaj\u0105cego si\u0119 w Katowicach V Europejskiego Kongresu Ma\u0142ych i \u015arednich Przedsi\u0119biorstw, rozstrzygni\u0119ta zosta\u0142a pi\u0105ta edycja programu ?Samorz\u0105d, kt\u00f3ry wspiera M\u015aP?. Miasto Zabrze otrzyma\u0142o wyr\u00f3\u017cnienie honorowe za stworzenie ma\u0142ym i \u015brednim przedsi\u0119biorstwom warunk\u00f3w korzystnych do prowadzenia dzia\u0142alno\u015bci gospodarczej oraz szczeg\u00f3lne zas\u0142ugi we wspieraniu rozwoju sektora M\u015aP. [pullquote align=&#8221;left&#8221; cite=&#8221;&#8221; link=&#8221;&#8221; color=&#8221;&#8221; class=&#8221;&#8221; size=&#8221;&#8221;]Z kolei <strong>Ma\u0142gorzata Ma\u0144ka-Szulik<\/strong>, prezydent Zabrza, otrzyma\u0142a statuetk\u0119 ?Lidera, kt\u00f3ry wspiera M\u015aP?. [\/pullquote]\n<p>Wyr\u00f3\u017cnienia zosta\u0142y przyznane podczas uroczystej sesji Sejmiku Wojew\u00f3dztwa \u015al\u0105skiego. &#8211; Otrzymanie tak presti\u017cowego tytu\u0142u z r\u0105k \u015brodowisk biznesowych jest wyra\u017anym sygna\u0142em, i\u017c podejmowane dzia\u0142ania w zakresie wspierania sektora ma\u0142ych i \u015brednich przedsi\u0119biorstw, s\u0105 skuteczne i maj\u0105 charakter trwa\u0142y &#8211; komentuje prezydent Zabrza.<\/p><div class=\"zabrz-a3-z-w-tresci-artykulow zabrz-entity-placement\" id=\"zabrz-445269458\"><div class=\"zabrz-adlabel\"><span style=\"font-size: 9px\">REKLAMA<\/span><\/div><div id=\"zabrz-1900762038\" style=\"margin-bottom: 40px;margin-left: auto;margin-right: auto;text-align: center;\"><a data-no-instant=\"1\" href=\"https:\/\/ogrodyandersa.pl\/\" rel=\"noopener\" class=\"a2t-link\" target=\"_blank\" aria-label=\"20260415 Ogrody Andersa WYBIERZ MIESZKANIE D\"><img loading=\"lazy\" decoding=\"async\" src=\"https:\/\/www.24zabrze.pl\/wiadomosci\/wp-content\/uploads\/2026\/02\/20260415-Ogrody-Andersa-WYBIERZ-MIESZKANIE-D.jpg\" alt=\"\"  srcset=\"https:\/\/www.24zabrze.pl\/wiadomosci\/wp-content\/uploads\/2026\/02\/20260415-Ogrody-Andersa-WYBIERZ-MIESZKANIE-D.jpg 750w, https:\/\/www.24zabrze.pl\/wiadomosci\/wp-content\/uploads\/2026\/02\/20260415-Ogrody-Andersa-WYBIERZ-MIESZKANIE-D-410x109.jpg 410w\" sizes=\"(max-width: 750px) 100vw, 750px\" class=\"no-lazyload\" width=\"750\" height=\"200\"  style=\"display: inline-block; max-width: 100%; height: auto;\" \/><\/a><\/div><\/div>\n<p>Nagrody w kategorii Eco-Miasto wr\u0119czano w Ambasadzie Francji w Warszawie. Przyznawane s\u0105 samorz\u0105dom, kt\u00f3re najlepiej realizuj\u0105cym polityk\u0119 zr\u00f3wnowa\u017conego rozwoju w czterech kategoriach: mobilno\u015b\u0107 zr\u00f3wnowa\u017cona, efektywno\u015b\u0107 energetyczna, gospodarka odpadami oraz gospodarka wodna. Laureatom gratulowa\u0142 Ambasador Francji, <strong>Pierre Buhler<\/strong>.<\/p>\n<p>(TK)<\/p>\n","protected":false},"excerpt":{"rendered":"<p>Statuetka Eco-Miasto zosta\u0142a przyznana Zabrzu za realizacj\u0119 gigantycznego projektu zwi\u0105zanego z popraw\u0105 gospodarki wodno-\u015bciekowej. Druga z nagr\u00f3d, to honorowe wyr\u00f3\u017cnienie za wspieranie ma\u0142ej i \u015bredniej przedsi\u0119biorczo\u015bci. Podczas odbywaj\u0105cego si\u0119 w Katowicach V Europejskiego Kongresu Ma\u0142ych i \u015arednich Przedsi\u0119biorstw, rozstrzygni\u0119ta zosta\u0142a pi\u0105ta edycja programu ?Samorz\u0105d, kt\u00f3ry wspiera M\u015aP?. Miasto Zabrze otrzyma\u0142o wyr\u00f3\u017cnienie honorowe za stworzenie ma\u0142ym [&hellip;]<\/p>\n","protected":false},"author":4,"featured_media":76995,"comment_status":"closed","ping_status":"closed","sticky":false,"template":"","format":"standard","meta":{"_monsterinsights_skip_tracking":false,"_monsterinsights_sitenote_active":false,"_monsterinsights_sitenote_note":"","_monsterinsights_sitenote_category":0,"footnotes":"","_links_to":"","_links_to_target":""},"categories":[8,9,1],"tags":[6968],"class_list":["post-76994","post","type-post","status-publish","format-standard","has-post-thumbnail","hentry","category-referendum","category-stronaglowna","category-wszystko","tag-msp"],"_links":{"self":[{"href":"https:\/\/www.24zabrze.pl\/wiadomosci\/wp-json\/wp\/v2\/posts\/76994","targetHints":{"allow":["GET"]}}],"collection":[{"href":"https:\/\/www.24zabrze.pl\/wiadomosci\/wp-json\/wp\/v2\/posts"}],"about":[{"href":"https:\/\/www.24zabrze.pl\/wiadomosci\/wp-json\/wp\/v2\/types\/post"}],"author":[{"embeddable":true,"href":"https:\/\/www.24zabrze.pl\/wiadomosci\/wp-json\/wp\/v2\/users\/4"}],"replies":[{"embeddable":true,"href":"https:\/\/www.24zabrze.pl\/wiadomosci\/wp-json\/wp\/v2\/comments?post=76994"}],"version-history":[{"count":2,"href":"https:\/\/www.24zabrze.pl\/wiadomosci\/wp-json\/wp\/v2\/posts\/76994\/revisions"}],"predecessor-version":[{"id":77002,"href":"https:\/\/www.24zabrze.pl\/wiadomosci\/wp-json\/wp\/v2\/posts\/76994\/revisions\/77002"}],"wp:featuredmedia":[{"embeddable":true,"href":"https:\/\/www.24zabrze.pl\/wiadomosci\/wp-json\/wp\/v2\/media\/76995"}],"wp:attachment":[{"href":"https:\/\/www.24zabrze.pl\/wiadomosci\/wp-json\/wp\/v2\/media?parent=76994"}],"wp:term":[{"taxonomy":"category","embeddable":true,"href":"https:\/\/www.24zabrze.pl\/wiadomosci\/wp-json\/wp\/v2\/categories?post=76994"},{"taxonomy":"post_tag","embeddable":true,"href":"https:\/\/www.24zabrze.pl\/wiadomosci\/wp-json\/wp\/v2\/tags?post=76994"}],"curies":[{"name":"wp","href":"https:\/\/api.w.org\/{rel}","templated":true}]}}