{"id":76957,"date":"2015-10-14T12:05:40","date_gmt":"2015-10-14T10:05:40","guid":{"rendered":"http:\/\/www.24zabrze.pl\/wiadomosci\/?p=76957"},"modified":"2015-10-14T13:30:26","modified_gmt":"2015-10-14T11:30:26","slug":"sesja-rady-miasta-podatki-nie-wzrosna-mzdii-przejmuje-platne-parkowanie","status":"publish","type":"post","link":"https:\/\/www.24zabrze.pl\/wiadomosci\/sesja-rady-miasta-podatki-nie-wzrosna-mzdii-przejmuje-platne-parkowanie\/","title":{"rendered":"Sesja Rady Miasta: podatki nie wzrosn\u0105, MZDiII przejmuje p\u0142atne parkowanie"},"content":{"rendered":"<div class=\"zabrz-a6-z-nad-leadem-artykulow zabrz-entity-placement\" id=\"zabrz-4103655582\"><div class=\"zabrz-adlabel\"><span style=\"font-size: 9px\">REKLAMA<\/span><\/div><div id=\"zabrz-571020804\" style=\"margin-bottom: 30px;margin-left: auto;margin-right: auto;text-align: center;\"><a data-no-instant=\"1\" href=\"https:\/\/dom100.eu\/\" rel=\"noopener\" class=\"a2t-link\" target=\"_blank\" aria-label=\"20260415 DOM100 D\"><img loading=\"lazy\" decoding=\"async\" src=\"https:\/\/www.24zabrze.pl\/wiadomosci\/wp-content\/uploads\/2026\/02\/20260415-DOM100-D.jpg\" alt=\"\"  srcset=\"https:\/\/www.24zabrze.pl\/wiadomosci\/wp-content\/uploads\/2026\/02\/20260415-DOM100-D.jpg 750w, https:\/\/www.24zabrze.pl\/wiadomosci\/wp-content\/uploads\/2026\/02\/20260415-DOM100-D-410x109.jpg 410w\" sizes=\"(max-width: 750px) 100vw, 750px\" class=\"no-lazyload\" width=\"750\" height=\"200\"  style=\"display: inline-block; max-width: 100%; height: auto;\" \/><\/a><\/div><\/div><h3> Mieszka\u0144cy obawiaj\u0105cy si\u0119 podniesienia podatku od nieruchomo\u015bci, mog\u0105 by\u0107 spokojni. Op\u0142aty nie wzrosn\u0105. Na sesji pojawi\u0142 si\u0119 tak\u017ce pomys\u0142 utworzenia w mie\u015bcie Parku Kulturowego. <\/h3>\n<p>Stawka podatku od budynk\u00f3w mieszkalnych, wynosi\u0107 b\u0119dzie nadal 0,73 z\u0142 za metr kwadratowy powierzchni u\u017cytkowej. Z kolei od budynk\u00f3w przeznaczonych pod dzia\u0142alno\u015b\u0107 gospodarcz\u0105, wyniesie 22,82 z\u0142 za m. kw. I bez podwy\u017cek wysoko\u015b\u0107 zabrza\u0144skich stawek podatku od nieruchomo\u015bci zbli\u017cy si\u0119 do maksymalnej warto\u015bci okre\u015blonej w ustawie. Przyczyn\u0105 s\u0105 spadaj\u0105ce ceny towar\u00f3w i us\u0142ug konsumpcyjnych. Dopuszczaln\u0105 wysoko\u015b\u0107 okre\u015bla si\u0119 co roku w oparciu o wska\u017anik ich cen podawany przez GUS. W pierwszym p\u00f3\u0142roczu 2015 r. w stosunku do pierwszego p\u00f3\u0142rocza 2014 r. wyni\u00f3s\u0142 on 98,8 co oznacza spadek cen o 1,2 proc. O tyle te\u017c zmalej\u0105 maksymalne dopuszczalne stawki podatku od nieruchomo\u015bci na rok 2016. <\/p><div class=\"zabrz-a3-z-w-tresci-artykulow zabrz-entity-placement\" id=\"zabrz-2495166334\"><div class=\"zabrz-adlabel\"><span style=\"font-size: 9px\">REKLAMA<\/span><\/div><div id=\"zabrz-712291764\" style=\"margin-bottom: 40px;margin-left: auto;margin-right: auto;text-align: center;\"><a data-no-instant=\"1\" href=\"https:\/\/ogrodyandersa.pl\/\" rel=\"noopener\" class=\"a2t-link\" target=\"_blank\" aria-label=\"20260415 Ogrody Andersa WYBIERZ MIESZKANIE D\"><img loading=\"lazy\" decoding=\"async\" src=\"https:\/\/www.24zabrze.pl\/wiadomosci\/wp-content\/uploads\/2026\/02\/20260415-Ogrody-Andersa-WYBIERZ-MIESZKANIE-D.jpg\" alt=\"\"  srcset=\"https:\/\/www.24zabrze.pl\/wiadomosci\/wp-content\/uploads\/2026\/02\/20260415-Ogrody-Andersa-WYBIERZ-MIESZKANIE-D.jpg 750w, https:\/\/www.24zabrze.pl\/wiadomosci\/wp-content\/uploads\/2026\/02\/20260415-Ogrody-Andersa-WYBIERZ-MIESZKANIE-D-410x109.jpg 410w\" sizes=\"(max-width: 750px) 100vw, 750px\" class=\"no-lazyload\" width=\"750\" height=\"200\"  style=\"display: inline-block; max-width: 100%; height: auto;\" \/><\/a><\/div><\/div>\n<p>Podczas sesji przeg\u0142osowano, \u017ce Miejski Zarz\u0105d Dr\u00f3g i Infrastruktury Informatycznej zostanie zarz\u0105dc\u0105 stref p\u0142atnego parkowania, kt\u00f3re powstan\u0105 w centrum miasta. Do sposob\u00f3w wnoszenia op\u0142at za parking do\u0142\u0105czona zosta\u0142a mo\u017cliwo\u015b\u0107 p\u0142acenia przez wykupienie biletu w automacie przy u\u017cyciu \u015al\u0105skiej Karty Us\u0142ug Publicznych. <\/p>\n<p>W trakcie obrad pojawi\u0142 si\u0119 tak\u017ce utworzenia na terenie Zabrza Parku Kulturowego. W jego sk\u0142ad wchodzi\u0142yby zasoby szlaku zabytk\u00f3w poprzemys\u0142owych: tereny po hucie Zabrze, kopalnia Guido, skansen Kr\u00f3lowa Luiza oraz park Hutniczy. <\/p>\n<p>(TK)<\/p>\n","protected":false},"excerpt":{"rendered":"<p>Mieszka\u0144cy obawiaj\u0105cy si\u0119 podniesienia podatku od nieruchomo\u015bci, mog\u0105 by\u0107 spokojni. Op\u0142aty nie wzrosn\u0105. Na sesji pojawi\u0142 si\u0119 tak\u017ce pomys\u0142 utworzenia w mie\u015bcie Parku Kulturowego. Stawka podatku od budynk\u00f3w mieszkalnych, wynosi\u0107 b\u0119dzie nadal 0,73 z\u0142 za metr kwadratowy powierzchni u\u017cytkowej. Z kolei od budynk\u00f3w przeznaczonych pod dzia\u0142alno\u015b\u0107 gospodarcz\u0105, wyniesie 22,82 z\u0142 za m. kw. I bez [&hellip;]<\/p>\n","protected":false},"author":4,"featured_media":76959,"comment_status":"closed","ping_status":"closed","sticky":false,"template":"","format":"standard","meta":{"_monsterinsights_skip_tracking":false,"_monsterinsights_sitenote_active":false,"_monsterinsights_sitenote_note":"","_monsterinsights_sitenote_category":0,"footnotes":"","_links_to":"","_links_to_target":""},"categories":[8,9,1],"tags":[],"class_list":["post-76957","post","type-post","status-publish","format-standard","has-post-thumbnail","hentry","category-referendum","category-stronaglowna","category-wszystko"],"_links":{"self":[{"href":"https:\/\/www.24zabrze.pl\/wiadomosci\/wp-json\/wp\/v2\/posts\/76957","targetHints":{"allow":["GET"]}}],"collection":[{"href":"https:\/\/www.24zabrze.pl\/wiadomosci\/wp-json\/wp\/v2\/posts"}],"about":[{"href":"https:\/\/www.24zabrze.pl\/wiadomosci\/wp-json\/wp\/v2\/types\/post"}],"author":[{"embeddable":true,"href":"https:\/\/www.24zabrze.pl\/wiadomosci\/wp-json\/wp\/v2\/users\/4"}],"replies":[{"embeddable":true,"href":"https:\/\/www.24zabrze.pl\/wiadomosci\/wp-json\/wp\/v2\/comments?post=76957"}],"version-history":[{"count":2,"href":"https:\/\/www.24zabrze.pl\/wiadomosci\/wp-json\/wp\/v2\/posts\/76957\/revisions"}],"predecessor-version":[{"id":76963,"href":"https:\/\/www.24zabrze.pl\/wiadomosci\/wp-json\/wp\/v2\/posts\/76957\/revisions\/76963"}],"wp:featuredmedia":[{"embeddable":true,"href":"https:\/\/www.24zabrze.pl\/wiadomosci\/wp-json\/wp\/v2\/media\/76959"}],"wp:attachment":[{"href":"https:\/\/www.24zabrze.pl\/wiadomosci\/wp-json\/wp\/v2\/media?parent=76957"}],"wp:term":[{"taxonomy":"category","embeddable":true,"href":"https:\/\/www.24zabrze.pl\/wiadomosci\/wp-json\/wp\/v2\/categories?post=76957"},{"taxonomy":"post_tag","embeddable":true,"href":"https:\/\/www.24zabrze.pl\/wiadomosci\/wp-json\/wp\/v2\/tags?post=76957"}],"curies":[{"name":"wp","href":"https:\/\/api.w.org\/{rel}","templated":true}]}}