{"id":76927,"date":"2015-10-12T12:50:02","date_gmt":"2015-10-12T10:50:02","guid":{"rendered":"http:\/\/www.24zabrze.pl\/wiadomosci\/?p=76927"},"modified":"2015-10-12T12:50:02","modified_gmt":"2015-10-12T10:50:02","slug":"samochodem-przez-ziemska-nie-przejedziecie-utrudnienia-do-polowy-listopada","status":"publish","type":"post","link":"https:\/\/www.24zabrze.pl\/wiadomosci\/samochodem-przez-ziemska-nie-przejedziecie-utrudnienia-do-polowy-listopada\/","title":{"rendered":"Samochodem przez Ziemsk\u0105 nie przejedziecie! Utrudnienia do po\u0142owy listopada!"},"content":{"rendered":"<div class=\"zabrz-a6-z-nad-leadem-artykulow zabrz-entity-placement\" id=\"zabrz-3306518850\"><div class=\"zabrz-adlabel\"><span style=\"font-size: 9px\">REKLAMA<\/span><\/div><div id=\"zabrz-2277976858\" style=\"margin-bottom: 30px;margin-left: auto;margin-right: auto;text-align: center;\"><a data-no-instant=\"1\" href=\"https:\/\/dom100.eu\/\" rel=\"noopener\" class=\"a2t-link\" target=\"_blank\" aria-label=\"20260415 DOM100 D\"><img loading=\"lazy\" decoding=\"async\" src=\"https:\/\/www.24zabrze.pl\/wiadomosci\/wp-content\/uploads\/2026\/02\/20260415-DOM100-D.jpg\" alt=\"\"  srcset=\"https:\/\/www.24zabrze.pl\/wiadomosci\/wp-content\/uploads\/2026\/02\/20260415-DOM100-D.jpg 750w, https:\/\/www.24zabrze.pl\/wiadomosci\/wp-content\/uploads\/2026\/02\/20260415-DOM100-D-410x109.jpg 410w\" sizes=\"(max-width: 750px) 100vw, 750px\" class=\"no-lazyload\" width=\"750\" height=\"200\"  style=\"display: inline-block; max-width: 100%; height: auto;\" \/><\/a><\/div><\/div><h3> Ulica Ziemska to g\u0142\u00f3wny \u0142\u0105cznik pomi\u0119dzy Biskupicami i os. M\u0142odego G\u00f3rnika i zarazem po\u0142\u0105czenie obu dzielnic z Drog\u0105 Krajow\u0105 nr 88. Pocz\u0105wszy od poniedzia\u0142ku, 12 pa\u017adziernika, trzeba liczy\u0107 si\u0119 z powa\u017cnymi utrudnieniami na tym odcinku. <\/h3>\n<p>Ma to zwi\u0105zek z rozpoczynaj\u0105cym si\u0119 remontem nawierzchni przejazdu. Miejski Zarz\u0105d Dr\u00f3g i Infrastruktury Informatycznej wytyczy\u0142 ju\u017c objazdy. Pojazdy do wysoko\u015bci 2,9 m oraz autobusy pojad\u0105 ci\u0105giem: Ziemska ? Drzyma\u0142y &#8211; Bytomska (i z powrotem). Samochody powy\u017cej tej wysoko\u015bci powinny kierowa\u0107 si\u0119 drogami: \u0142\u0105cznik DK-88 z DW-921 ? Przystankowa &#8211; Hagera ? Kasprowicza ? Bytomska (i odwrotnie). Ruch pieszych na remontowanym przeje\u017adzie zostanie utrzymany.<\/p><div class=\"zabrz-a3-z-w-tresci-artykulow zabrz-entity-placement\" id=\"zabrz-3098155514\"><div class=\"zabrz-adlabel\"><span style=\"font-size: 9px\">REKLAMA<\/span><\/div><div id=\"zabrz-2286485406\" style=\"margin-bottom: 40px;margin-left: auto;margin-right: auto;text-align: center;\"><a data-no-instant=\"1\" href=\"https:\/\/ogrodyandersa.pl\/\" rel=\"noopener\" class=\"a2t-link\" target=\"_blank\" aria-label=\"20260415 Ogrody Andersa WYBIERZ MIESZKANIE D\"><img loading=\"lazy\" decoding=\"async\" src=\"https:\/\/www.24zabrze.pl\/wiadomosci\/wp-content\/uploads\/2026\/02\/20260415-Ogrody-Andersa-WYBIERZ-MIESZKANIE-D.jpg\" alt=\"\"  srcset=\"https:\/\/www.24zabrze.pl\/wiadomosci\/wp-content\/uploads\/2026\/02\/20260415-Ogrody-Andersa-WYBIERZ-MIESZKANIE-D.jpg 750w, https:\/\/www.24zabrze.pl\/wiadomosci\/wp-content\/uploads\/2026\/02\/20260415-Ogrody-Andersa-WYBIERZ-MIESZKANIE-D-410x109.jpg 410w\" sizes=\"(max-width: 750px) 100vw, 750px\" class=\"no-lazyload\" width=\"750\" height=\"200\"  style=\"display: inline-block; max-width: 100%; height: auto;\" \/><\/a><\/div><\/div>\n<p>Remont powoduje r\u00f3wnie\u017c utrudnienia w komunikacji autobusowej. Linie 111 i 280 kursowa\u0107 b\u0119d\u0105 ulicami Drzyma\u0142y i Ziemsk\u0105 (w odcinku od strony os. M\u0142odego G\u00f3rnika). Pomijane b\u0119d\u0105 przystanki ?Zabrze Biskupice Zamkowa? i ?Zabrze Biskupice Ziemska [n\u017c]. W zamian b\u0119d\u0105 obs\u0142ugiwane przystanki tymczasowe przy ulicy Drzyma\u0142y: ?ZABRZE Biskupice Drzyma\u0142y? i ?Zabrze Biskupice Podstacja [n\u017c]?. Utrudnienia nie dotycz\u0105 kurs\u00f3w wariantowych linii 280 do przystanku Biskupice Zamkowa. Przewidywany termin zako\u0144czenia remontu to 14 listopada. <\/p>\n<p>(TK)<\/p>\n","protected":false},"excerpt":{"rendered":"<p>Ulica Ziemska to g\u0142\u00f3wny \u0142\u0105cznik pomi\u0119dzy Biskupicami i os. M\u0142odego G\u00f3rnika i zarazem po\u0142\u0105czenie obu dzielnic z Drog\u0105 Krajow\u0105 nr 88. Pocz\u0105wszy od poniedzia\u0142ku, 12 pa\u017adziernika, trzeba liczy\u0107 si\u0119 z powa\u017cnymi utrudnieniami na tym odcinku. Ma to zwi\u0105zek z rozpoczynaj\u0105cym si\u0119 remontem nawierzchni przejazdu. Miejski Zarz\u0105d Dr\u00f3g i Infrastruktury Informatycznej wytyczy\u0142 ju\u017c objazdy. Pojazdy do [&hellip;]<\/p>\n","protected":false},"author":4,"featured_media":76928,"comment_status":"closed","ping_status":"closed","sticky":false,"template":"","format":"standard","meta":{"_monsterinsights_skip_tracking":false,"_monsterinsights_sitenote_active":false,"_monsterinsights_sitenote_note":"","_monsterinsights_sitenote_category":0,"footnotes":"","_links_to":"","_links_to_target":""},"categories":[8,9,1],"tags":[],"class_list":["post-76927","post","type-post","status-publish","format-standard","has-post-thumbnail","hentry","category-referendum","category-stronaglowna","category-wszystko"],"_links":{"self":[{"href":"https:\/\/www.24zabrze.pl\/wiadomosci\/wp-json\/wp\/v2\/posts\/76927","targetHints":{"allow":["GET"]}}],"collection":[{"href":"https:\/\/www.24zabrze.pl\/wiadomosci\/wp-json\/wp\/v2\/posts"}],"about":[{"href":"https:\/\/www.24zabrze.pl\/wiadomosci\/wp-json\/wp\/v2\/types\/post"}],"author":[{"embeddable":true,"href":"https:\/\/www.24zabrze.pl\/wiadomosci\/wp-json\/wp\/v2\/users\/4"}],"replies":[{"embeddable":true,"href":"https:\/\/www.24zabrze.pl\/wiadomosci\/wp-json\/wp\/v2\/comments?post=76927"}],"version-history":[{"count":0,"href":"https:\/\/www.24zabrze.pl\/wiadomosci\/wp-json\/wp\/v2\/posts\/76927\/revisions"}],"wp:featuredmedia":[{"embeddable":true,"href":"https:\/\/www.24zabrze.pl\/wiadomosci\/wp-json\/wp\/v2\/media\/76928"}],"wp:attachment":[{"href":"https:\/\/www.24zabrze.pl\/wiadomosci\/wp-json\/wp\/v2\/media?parent=76927"}],"wp:term":[{"taxonomy":"category","embeddable":true,"href":"https:\/\/www.24zabrze.pl\/wiadomosci\/wp-json\/wp\/v2\/categories?post=76927"},{"taxonomy":"post_tag","embeddable":true,"href":"https:\/\/www.24zabrze.pl\/wiadomosci\/wp-json\/wp\/v2\/tags?post=76927"}],"curies":[{"name":"wp","href":"https:\/\/api.w.org\/{rel}","templated":true}]}}