{"id":76885,"date":"2015-10-09T13:24:15","date_gmt":"2015-10-09T11:24:15","guid":{"rendered":"http:\/\/www.24zabrze.pl\/wiadomosci\/?p=76885"},"modified":"2015-10-09T13:24:15","modified_gmt":"2015-10-09T11:24:15","slug":"spor-o-lokalizacje-smietnika-a-wystarczylo-przesunac-go-o-pol-metra","status":"publish","type":"post","link":"https:\/\/www.24zabrze.pl\/wiadomosci\/spor-o-lokalizacje-smietnika-a-wystarczylo-przesunac-go-o-pol-metra\/","title":{"rendered":"Sp\u00f3r o lokalizacj\u0119 \u015bmietnika. A wystarczy\u0142o&#8230; przesun\u0105\u0107 go o p\u00f3\u0142 metra"},"content":{"rendered":"<div class=\"zabrz-a6-z-nad-leadem-artykulow zabrz-entity-placement\" id=\"zabrz-2156703331\"><div class=\"zabrz-adlabel\"><span style=\"font-size: 9px\">REKLAMA<\/span><\/div><div id=\"zabrz-1215737282\" style=\"margin-bottom: 30px;margin-left: auto;margin-right: auto;text-align: center;\"><a data-no-instant=\"1\" href=\"https:\/\/dom100.eu\/\" rel=\"noopener\" class=\"a2t-link\" target=\"_blank\" aria-label=\"20260415 DOM100 D\"><img loading=\"lazy\" decoding=\"async\" src=\"https:\/\/www.24zabrze.pl\/wiadomosci\/wp-content\/uploads\/2026\/02\/20260415-DOM100-D.jpg\" alt=\"\"  srcset=\"https:\/\/www.24zabrze.pl\/wiadomosci\/wp-content\/uploads\/2026\/02\/20260415-DOM100-D.jpg 750w, https:\/\/www.24zabrze.pl\/wiadomosci\/wp-content\/uploads\/2026\/02\/20260415-DOM100-D-410x109.jpg 410w\" sizes=\"(max-width: 750px) 100vw, 750px\" class=\"no-lazyload\" width=\"750\" height=\"200\"  style=\"display: inline-block; max-width: 100%; height: auto;\" \/><\/a><\/div><\/div><h3> Trudno w to uwierzy\u0107, ale sprawa kontener\u00f3w stoj\u0105cych przy ulicy Stra\u017cackiej, sta\u0142a si\u0119 przedmiotem dyskusji pomi\u0119dzy administratorem, Bytomsk\u0105 Sp\u00f3\u0142k\u0105 Restrukturyzacji Kopal\u0144, a magistratem. Posz\u0142o o to, \u017ce jeden z ?hasiok\u00f3w? sta\u0142 w pasie drogowym. <\/h3>\n<p>Urz\u0119dnicy uznali, \u017ce w tej sytuacji \u015bmietniki musz\u0105 zmieni\u0107 lokalizacj\u0119. Pracownicy firmy .A.S.A, kt\u00f3ra w mie\u015bcie odpowiada za odbi\u00f3r \u015bmieci ustawiali kontenery nieco wy\u017cej, na parkingu przed blokami o numerach: 19, 21 i 23. Lokatorom niezbyt si\u0119 to podoba\u0142o. Przestawiali je z powrotem twierdz\u0105c, \u017ce po pierwsze, blokuj\u0105 one wjazd na parking, po wt\u00f3re, z kontener\u00f3w, najdelikatniej rzecz ujmuj\u0105c, brzydko pachnie. I tak ? urz\u0119dnicy powo\u0142ywali si\u0119 na przepisy, a mieszka\u0144cy  &#8211; na sw\u00f3j komfort. <\/p><div class=\"zabrz-a3-z-w-tresci-artykulow zabrz-entity-placement\" id=\"zabrz-3697034538\"><div class=\"zabrz-adlabel\"><span style=\"font-size: 9px\">REKLAMA<\/span><\/div><div id=\"zabrz-1302911604\" style=\"margin-bottom: 40px;margin-left: auto;margin-right: auto;text-align: center;\"><a data-no-instant=\"1\" href=\"https:\/\/ogrodyandersa.pl\/\" rel=\"noopener\" class=\"a2t-link\" target=\"_blank\" aria-label=\"20260415 Ogrody Andersa WYBIERZ MIESZKANIE D\"><img loading=\"lazy\" decoding=\"async\" src=\"https:\/\/www.24zabrze.pl\/wiadomosci\/wp-content\/uploads\/2026\/02\/20260415-Ogrody-Andersa-WYBIERZ-MIESZKANIE-D.jpg\" alt=\"\"  srcset=\"https:\/\/www.24zabrze.pl\/wiadomosci\/wp-content\/uploads\/2026\/02\/20260415-Ogrody-Andersa-WYBIERZ-MIESZKANIE-D.jpg 750w, https:\/\/www.24zabrze.pl\/wiadomosci\/wp-content\/uploads\/2026\/02\/20260415-Ogrody-Andersa-WYBIERZ-MIESZKANIE-D-410x109.jpg 410w\" sizes=\"(max-width: 750px) 100vw, 750px\" class=\"no-lazyload\" width=\"750\" height=\"200\"  style=\"display: inline-block; max-width: 100%; height: auto;\" \/><\/a><\/div><\/div>\n<p>&#8211; Trzeba spotka\u0107 si\u0119 ze wszystkimi stronami i podj\u0105\u0107 decyzj\u0119 ? stwierdzi\u0142a stanowczo <strong>Barbara Chamiga<\/strong>, zast\u0119pca naczelnika Wydzia\u0142u Infrastruktury Komunalnej zabrza\u0144skiego magistratu. <\/p>\n<p>W sporze, po stronie mieszka\u0144c\u00f3w stan\u0119li przedstawiciele Sp\u00f3\u0142ki Restrukturyzacji Kopal\u0144 argumentuj\u0105c, \u017ce skoro do kontener\u00f3w \u015bmieci wyrzucaj\u0105 lokatorzy z 20 klatek schodowych, to demokratycznie ? oni stanowi\u0105 wi\u0119kszo\u015b\u0107, a co za tym idzie ? maj\u0105 racj\u0119. Podobne stanowisko zaj\u0105\u0142 administrator, firma Terma-Dom. Po d\u0142ugich dyskusjach, ostatecznie sp\u00f3r uda\u0142o si\u0119 rozstrzygn\u0105\u0107 przesuwaj\u0105c? o p\u00f3\u0142 metra \u015bmietnik znajduj\u0105cy si\u0119 przy budynku z numerem 19. Konieczny b\u0119dzie jednak ma\u0142y budowlany ?zabieg? ? przebudowa muru oporowego przy \u015bmietniku. Tym zajmie si\u0119 Bytomska Sp\u00f3\u0142ka Restrukturyzacji Kopal\u0144. ? Tylko czy trzeba by\u0142o wielu tygodni przepychanek w tak b\u0142ahej sprawie, w kt\u00f3rej mo\u017cna by\u0142o podj\u0105\u0107 decyzj\u0119 b\u0142yskawicznie? ? pytaj\u0105 mieszka\u0144cy. <\/p>\n","protected":false},"excerpt":{"rendered":"<p>Trudno w to uwierzy\u0107, ale sprawa kontener\u00f3w stoj\u0105cych przy ulicy Stra\u017cackiej, sta\u0142a si\u0119 przedmiotem dyskusji pomi\u0119dzy administratorem, Bytomsk\u0105 Sp\u00f3\u0142k\u0105 Restrukturyzacji Kopal\u0144, a magistratem. Posz\u0142o o to, \u017ce jeden z ?hasiok\u00f3w? sta\u0142 w pasie drogowym. Urz\u0119dnicy uznali, \u017ce w tej sytuacji \u015bmietniki musz\u0105 zmieni\u0107 lokalizacj\u0119. Pracownicy firmy .A.S.A, kt\u00f3ra w mie\u015bcie odpowiada za odbi\u00f3r \u015bmieci ustawiali [&hellip;]<\/p>\n","protected":false},"author":4,"featured_media":76886,"comment_status":"closed","ping_status":"closed","sticky":false,"template":"","format":"standard","meta":{"_monsterinsights_skip_tracking":false,"_monsterinsights_sitenote_active":false,"_monsterinsights_sitenote_note":"","_monsterinsights_sitenote_category":0,"footnotes":"","_links_to":"","_links_to_target":""},"categories":[8,9,1],"tags":[],"class_list":["post-76885","post","type-post","status-publish","format-standard","has-post-thumbnail","hentry","category-referendum","category-stronaglowna","category-wszystko"],"_links":{"self":[{"href":"https:\/\/www.24zabrze.pl\/wiadomosci\/wp-json\/wp\/v2\/posts\/76885","targetHints":{"allow":["GET"]}}],"collection":[{"href":"https:\/\/www.24zabrze.pl\/wiadomosci\/wp-json\/wp\/v2\/posts"}],"about":[{"href":"https:\/\/www.24zabrze.pl\/wiadomosci\/wp-json\/wp\/v2\/types\/post"}],"author":[{"embeddable":true,"href":"https:\/\/www.24zabrze.pl\/wiadomosci\/wp-json\/wp\/v2\/users\/4"}],"replies":[{"embeddable":true,"href":"https:\/\/www.24zabrze.pl\/wiadomosci\/wp-json\/wp\/v2\/comments?post=76885"}],"version-history":[{"count":0,"href":"https:\/\/www.24zabrze.pl\/wiadomosci\/wp-json\/wp\/v2\/posts\/76885\/revisions"}],"wp:featuredmedia":[{"embeddable":true,"href":"https:\/\/www.24zabrze.pl\/wiadomosci\/wp-json\/wp\/v2\/media\/76886"}],"wp:attachment":[{"href":"https:\/\/www.24zabrze.pl\/wiadomosci\/wp-json\/wp\/v2\/media?parent=76885"}],"wp:term":[{"taxonomy":"category","embeddable":true,"href":"https:\/\/www.24zabrze.pl\/wiadomosci\/wp-json\/wp\/v2\/categories?post=76885"},{"taxonomy":"post_tag","embeddable":true,"href":"https:\/\/www.24zabrze.pl\/wiadomosci\/wp-json\/wp\/v2\/tags?post=76885"}],"curies":[{"name":"wp","href":"https:\/\/api.w.org\/{rel}","templated":true}]}}