{"id":76869,"date":"2015-10-08T15:19:18","date_gmt":"2015-10-08T13:19:18","guid":{"rendered":"http:\/\/www.24zabrze.pl\/wiadomosci\/?p=76869"},"modified":"2015-10-08T15:19:18","modified_gmt":"2015-10-08T13:19:18","slug":"od-tygodnia-juz-studiuja-ale-dopiero-dzis-inauguruja-rok-akademicki-oficjalnie-rozpoczety","status":"publish","type":"post","link":"https:\/\/www.24zabrze.pl\/wiadomosci\/od-tygodnia-juz-studiuja-ale-dopiero-dzis-inauguruja-rok-akademicki-oficjalnie-rozpoczety\/","title":{"rendered":"Od tygodnia ju\u017c studiuj\u0105, ale dopiero dzi\u015b inauguruj\u0105. Rok akademicki oficjalnie rozpocz\u0119ty"},"content":{"rendered":"<div class=\"zabrz-a6-z-nad-leadem-artykulow zabrz-entity-placement\" id=\"zabrz-2664065726\"><div class=\"zabrz-adlabel\"><span style=\"font-size: 9px\">REKLAMA<\/span><\/div><div id=\"zabrz-2167098994\" style=\"margin-bottom: 30px;margin-left: auto;margin-right: auto;text-align: center;\"><a data-no-instant=\"1\" href=\"https:\/\/dom100.eu\/\" rel=\"noopener\" class=\"a2t-link\" target=\"_blank\" aria-label=\"20260415 DOM100 D\"><img loading=\"lazy\" decoding=\"async\" src=\"https:\/\/www.24zabrze.pl\/wiadomosci\/wp-content\/uploads\/2026\/02\/20260415-DOM100-D.jpg\" alt=\"\"  srcset=\"https:\/\/www.24zabrze.pl\/wiadomosci\/wp-content\/uploads\/2026\/02\/20260415-DOM100-D.jpg 750w, https:\/\/www.24zabrze.pl\/wiadomosci\/wp-content\/uploads\/2026\/02\/20260415-DOM100-D-410x109.jpg 410w\" sizes=\"(max-width: 750px) 100vw, 750px\" class=\"no-lazyload\" width=\"750\" height=\"200\"  style=\"display: inline-block; max-width: 100%; height: auto;\" \/><\/a><\/div><\/div><h3> Uroczysto\u015bci odby\u0142y si\u0119 na Wydziale Organizacji i Zarz\u0105dzania oraz Wydziale In\u017cynierii Biomedycznej &#8211; zabrza\u0144skich filii Politechniki \u015al\u0105skiej. Nie ob\u0119dzie si\u0119 jednak bez zmian. Z Zabrzem po\u017cegna\u0142a si\u0119 Akademia Wychowania Fizycznego. <\/h3>\n<p>W inauguracji uczestniczyli: <strong>Ma\u0142gorzata Ma\u0144ka-Szulik<\/strong>, prezydent Zabrza, prof. <strong>Andrzej Karbownik<\/strong>, rektor Politechniki \u015al\u0105skiej, prof. <strong>Marian Turek<\/strong>, dziekan Wydzia\u0142u Organizacji i Zarz\u0105dzania, prof. <strong>Marek Gzik<\/strong>, dziekan Wydzia\u0142u In\u017cynierii Biomedycznej. &#8211; Jednym z priorytet\u00f3w dzia\u0142alno\u015bci samorz\u0105dowej naszego miasta jest tworzenie klimatu dla rozbudowy zaplecza badawczego o\u015brodk\u00f3w naukowych, firm i instytucji. St\u0105d satysfakcj\u0105 napawa fakt, \u017ce efektem naszej wsp\u00f3\u0142pracy umacniana jest obecno\u015b\u0107 Politechniki \u015al\u0105skiej w naszym mie\u015bcie. Wsp\u00f3\u0142dzia\u0142anie na wielu p\u0142aszczyznach przyczynia si\u0119 zwi\u0119kszenia zabrza\u0144skiego potencja\u0142u naukowego i edukacyjnego &#8211; powiedzia\u0142a <strong>Ma\u0142gorzata Ma\u0144ka-Szulik<\/strong>, prezydent Zabrza. &#8211; Rozbudowa kampusu przy ul. Roosevelta wsp\u00f3\u0142tworzy pr\u0119\u017cnie rozwijaj\u0105cy si\u0119 o\u015brodek akademicki, a jednocze\u015bnie stanowi jeden z symboli udanej rewitalizacji przestrzeni miejskiej.<\/p><div class=\"zabrz-a3-z-w-tresci-artykulow zabrz-entity-placement\" id=\"zabrz-491736783\"><div class=\"zabrz-adlabel\"><span style=\"font-size: 9px\">REKLAMA<\/span><\/div><div id=\"zabrz-2302227124\" style=\"margin-bottom: 40px;margin-left: auto;margin-right: auto;text-align: center;\"><a data-no-instant=\"1\" href=\"https:\/\/ogrodyandersa.pl\/\" rel=\"noopener\" class=\"a2t-link\" target=\"_blank\" aria-label=\"20260415 Ogrody Andersa WYBIERZ MIESZKANIE D\"><img loading=\"lazy\" decoding=\"async\" src=\"https:\/\/www.24zabrze.pl\/wiadomosci\/wp-content\/uploads\/2026\/02\/20260415-Ogrody-Andersa-WYBIERZ-MIESZKANIE-D.jpg\" alt=\"\"  srcset=\"https:\/\/www.24zabrze.pl\/wiadomosci\/wp-content\/uploads\/2026\/02\/20260415-Ogrody-Andersa-WYBIERZ-MIESZKANIE-D.jpg 750w, https:\/\/www.24zabrze.pl\/wiadomosci\/wp-content\/uploads\/2026\/02\/20260415-Ogrody-Andersa-WYBIERZ-MIESZKANIE-D-410x109.jpg 410w\" sizes=\"(max-width: 750px) 100vw, 750px\" class=\"no-lazyload\" width=\"750\" height=\"200\"  style=\"display: inline-block; max-width: 100%; height: auto;\" \/><\/a><\/div><\/div>\n<p>W Zabrzu kszta\u0142ci si\u0119 nieco ponad 5 tysi\u0119cy student\u00f3w. Wi\u0119kszo\u015b\u0107 z nich studiuje na dw\u00f3ch uczelniach. \u015al\u0105ska Akademia Medyczna edukuje 2 tys.  228 student\u00f3w na Wydziale Lekarskim z Oddzia\u0142em Lekarsko-Dentystycznym. B\u0119d\u0105 lekarzami, stomatologami i ratownikami medycznymi. 572 z nich rozpocz\u0119\u0142o nauk\u0119 na pierwszym roku.<br \/>\nNa pierwszym roku dw\u00f3ch wydzia\u0142\u00f3w Politechniki \u015al\u0105skiej: In\u017cynierii Biomedycznej oraz Organizacji i Zarz\u0105dzania przygod\u0119 ze studiami rozpocznie 684 student\u00f3w a politechnika ma ich w Zabrzu 2 tys. 931. <\/p>\n<p>W po\u0142owie pa\u017adziernika ruszy rok akademicki w zamiejscowym wydziale Wy\u017csza Szko\u0142y im. Bogdana Ja\u0144skiego. Uczelnia kszta\u0142ci tylko zaocznie. B\u0119dzie mia\u0142 oko\u0142o 100 student\u00f3w. Uczelnia jako jedyna w Zabrzu proponuje ma w ofercie pedagogik\u0119. Na pierwszym roku nie b\u0119dzie student\u00f3w na zabrza\u0144skim Wydziale Medi\u00f3w, Aktorstwa i Re\u017cyserii Wy\u017cszej Szko\u0142y Technicznej w Katowicach. B\u0119dzie tu studiowa\u0142o oko\u0142o 30 os\u00f3b na re\u017cyserii oraz realizacji obrazu filmowego, telewizyjnego i fotografii. Szko\u0142a zastrzega, \u017ce nie zamierza wyprowadza\u0107 si\u0119 z naszego miasta.<\/p>\n<p>&#8211; Fakt, i\u017c nab\u00f3r na rok akademicki 2015\/2016 nie zrealizowa\u0142 naszych oczekiwa\u0144, nie przekre\u015bla misji, jak\u0105 Wy\u017csza Szko\u0142a Techniczna w Katowicach sobie wytyczy\u0142a i w dalszym ci\u0105gu mamy zamiar kontynuowa\u0107 swoj\u0105 dzia\u0142alno\u015b\u0107 ? powiedziano nam w WST. <\/p>\n<p>Z Zabrzem po\u017cegna\u0142a si\u0119 natomiast Akademia Wychowania Fizycznego. Jej o\u015brodek zamiejscowy dzia\u0142a\u0142 tu od 2009 roku. Potem zmieni\u0142y si\u0119 przepisy, uczelnie nie mog\u0142y mie\u0107 o\u015brodk\u00f3w musia\u0142y tworzy\u0107 filie lub wydzia\u0142y a to znacznie podnios\u0142oby koszty dzia\u0142alno\u015bci. W zesz\u0142ym roku akademickim ostatni studenci zamiejscowego o\u015brodka uko\u0144czyli studia, w tym AWF nie prowadzi ich ju\u017c w naszym mie\u015bcie. <\/p>\n<p>(TK)<\/p>\n","protected":false},"excerpt":{"rendered":"<p>Uroczysto\u015bci odby\u0142y si\u0119 na Wydziale Organizacji i Zarz\u0105dzania oraz Wydziale In\u017cynierii Biomedycznej &#8211; zabrza\u0144skich filii Politechniki \u015al\u0105skiej. Nie ob\u0119dzie si\u0119 jednak bez zmian. Z Zabrzem po\u017cegna\u0142a si\u0119 Akademia Wychowania Fizycznego. W inauguracji uczestniczyli: Ma\u0142gorzata Ma\u0144ka-Szulik, prezydent Zabrza, prof. Andrzej Karbownik, rektor Politechniki \u015al\u0105skiej, prof. Marian Turek, dziekan Wydzia\u0142u Organizacji i Zarz\u0105dzania, prof. Marek Gzik, dziekan [&hellip;]<\/p>\n","protected":false},"author":4,"featured_media":76876,"comment_status":"closed","ping_status":"closed","sticky":false,"template":"","format":"standard","meta":{"_monsterinsights_skip_tracking":false,"_monsterinsights_sitenote_active":false,"_monsterinsights_sitenote_note":"","_monsterinsights_sitenote_category":0,"footnotes":"","_links_to":"","_links_to_target":""},"categories":[8,9,1],"tags":[],"class_list":["post-76869","post","type-post","status-publish","format-standard","has-post-thumbnail","hentry","category-referendum","category-stronaglowna","category-wszystko"],"_links":{"self":[{"href":"https:\/\/www.24zabrze.pl\/wiadomosci\/wp-json\/wp\/v2\/posts\/76869","targetHints":{"allow":["GET"]}}],"collection":[{"href":"https:\/\/www.24zabrze.pl\/wiadomosci\/wp-json\/wp\/v2\/posts"}],"about":[{"href":"https:\/\/www.24zabrze.pl\/wiadomosci\/wp-json\/wp\/v2\/types\/post"}],"author":[{"embeddable":true,"href":"https:\/\/www.24zabrze.pl\/wiadomosci\/wp-json\/wp\/v2\/users\/4"}],"replies":[{"embeddable":true,"href":"https:\/\/www.24zabrze.pl\/wiadomosci\/wp-json\/wp\/v2\/comments?post=76869"}],"version-history":[{"count":0,"href":"https:\/\/www.24zabrze.pl\/wiadomosci\/wp-json\/wp\/v2\/posts\/76869\/revisions"}],"wp:featuredmedia":[{"embeddable":true,"href":"https:\/\/www.24zabrze.pl\/wiadomosci\/wp-json\/wp\/v2\/media\/76876"}],"wp:attachment":[{"href":"https:\/\/www.24zabrze.pl\/wiadomosci\/wp-json\/wp\/v2\/media?parent=76869"}],"wp:term":[{"taxonomy":"category","embeddable":true,"href":"https:\/\/www.24zabrze.pl\/wiadomosci\/wp-json\/wp\/v2\/categories?post=76869"},{"taxonomy":"post_tag","embeddable":true,"href":"https:\/\/www.24zabrze.pl\/wiadomosci\/wp-json\/wp\/v2\/tags?post=76869"}],"curies":[{"name":"wp","href":"https:\/\/api.w.org\/{rel}","templated":true}]}}