{"id":76847,"date":"2015-10-06T15:13:53","date_gmt":"2015-10-06T13:13:53","guid":{"rendered":"http:\/\/www.24zabrze.pl\/wiadomosci\/?p=76847"},"modified":"2015-10-06T15:13:53","modified_gmt":"2015-10-06T13:13:53","slug":"wazne-decyzje-dla-mieszkancow-radni-pochyla-sie-nad-podatkiem-od-nieruchomosci-i-platnym-parkowaniem","status":"publish","type":"post","link":"https:\/\/www.24zabrze.pl\/wiadomosci\/wazne-decyzje-dla-mieszkancow-radni-pochyla-sie-nad-podatkiem-od-nieruchomosci-i-platnym-parkowaniem\/","title":{"rendered":"Wa\u017cne decyzje dla mieszka\u0144c\u00f3w. Radni pochyl\u0105 si\u0119 nad podatkiem od nieruchomo\u015bci i p\u0142atnym parkowaniem"},"content":{"rendered":"<div class=\"zabrz-a6-z-nad-leadem-artykulow zabrz-entity-placement\" id=\"zabrz-2539518788\"><div class=\"zabrz-adlabel\"><span style=\"font-size: 9px\">REKLAMA<\/span><\/div><div id=\"zabrz-1406275206\" style=\"margin-bottom: 30px;margin-left: auto;margin-right: auto;text-align: center;\"><a data-no-instant=\"1\" href=\"https:\/\/dom100.eu\/\" rel=\"noopener\" class=\"a2t-link\" target=\"_blank\" aria-label=\"20260415 DOM100 D\"><img loading=\"lazy\" decoding=\"async\" src=\"https:\/\/www.24zabrze.pl\/wiadomosci\/wp-content\/uploads\/2026\/02\/20260415-DOM100-D.jpg\" alt=\"\"  srcset=\"https:\/\/www.24zabrze.pl\/wiadomosci\/wp-content\/uploads\/2026\/02\/20260415-DOM100-D.jpg 750w, https:\/\/www.24zabrze.pl\/wiadomosci\/wp-content\/uploads\/2026\/02\/20260415-DOM100-D-410x109.jpg 410w\" sizes=\"(max-width: 750px) 100vw, 750px\" class=\"no-lazyload\" width=\"750\" height=\"200\"  style=\"display: inline-block; max-width: 100%; height: auto;\" \/><\/a><\/div><\/div><h3> Znamy ju\u017c program najbli\u017cszych obrad Rady Miasta. Sesj\u0119 zaplanowano na najbli\u017cszy poniedzia\u0142ek, 12 pa\u017adziernika. <\/h3>\n<p>W przysz\u0142ym roku w Zabrzu nie wzrosn\u0105 stawki podatku od nieruchomo\u015bci. W uzasadnieniu projektu uchwa\u0142y zaznaczono, \u017ce stawki pozostan\u0105 na poziomie lat 2013 &#8211; 2015. Mimo to wysoko\u015b\u0107 zabrza\u0144skich stawek podatku od nieruchomo\u015bci zbli\u017cy si\u0119 do maksymalnej warto\u015bci okre\u015blonej w ustawie. Powodem s\u0105 spadaj\u0105ce ceny towar\u00f3w i us\u0142ug. Maksymaln\u0105 dopuszczaln\u0105 wysoko\u015b\u0107 okre\u015bla si\u0119 co roku w oparciu o wska\u017anik ich cen podawany przez prezesa G\u0142\u00f3wnego Urz\u0119du Statystycznego. W pierwszym p\u00f3\u0142roczu 2015 r. w stosunku do pierwszego p\u00f3\u0142rocza 2014 r. wyni\u00f3s\u0142 on 98,8 co oznacza spadek cen o 1,2 proc. O tyle te\u017c zmalej\u0105 maksymalne dopuszczalne stawki podatku od nieruchomo\u015bci na rok 2016. <\/p><div class=\"zabrz-a3-z-w-tresci-artykulow zabrz-entity-placement\" id=\"zabrz-1513703347\"><div class=\"zabrz-adlabel\"><span style=\"font-size: 9px\">REKLAMA<\/span><\/div><div id=\"zabrz-1872276846\" style=\"margin-bottom: 40px;margin-left: auto;margin-right: auto;text-align: center;\"><a data-no-instant=\"1\" href=\"https:\/\/ogrodyandersa.pl\/\" rel=\"noopener\" class=\"a2t-link\" target=\"_blank\" aria-label=\"20260415 Ogrody Andersa WYBIERZ MIESZKANIE D\"><img loading=\"lazy\" decoding=\"async\" src=\"https:\/\/www.24zabrze.pl\/wiadomosci\/wp-content\/uploads\/2026\/02\/20260415-Ogrody-Andersa-WYBIERZ-MIESZKANIE-D.jpg\" alt=\"\"  srcset=\"https:\/\/www.24zabrze.pl\/wiadomosci\/wp-content\/uploads\/2026\/02\/20260415-Ogrody-Andersa-WYBIERZ-MIESZKANIE-D.jpg 750w, https:\/\/www.24zabrze.pl\/wiadomosci\/wp-content\/uploads\/2026\/02\/20260415-Ogrody-Andersa-WYBIERZ-MIESZKANIE-D-410x109.jpg 410w\" sizes=\"(max-width: 750px) 100vw, 750px\" class=\"no-lazyload\" width=\"750\" height=\"200\"  style=\"display: inline-block; max-width: 100%; height: auto;\" \/><\/a><\/div><\/div>\n<p>Radni zajm\u0105 si\u0119 tak\u017ce projektem uchwa\u0142y zmieniaj\u0105cej organizacj\u0119  Strefy P\u0142atnego Parkowania. Od 1 listopada jej zarz\u0105dc\u0105 zostanie Miejski Zarz\u0105d Dr\u00f3g i Infrastruktury Informatycznej. A do punktu wyliczaj\u0105cego sposoby wnoszenia op\u0142at za parking do\u0142\u0105czona zostanie mo\u017cliwo\u015b\u0107 p\u0142acenia przez wykupienie biletu w automacie przy u\u017cyciu \u015al\u0105skiej Karty Us\u0142ug Publicznych lub got\u00f3wki.  <\/p>\n<p>Jeden z dziesi\u0119ciu projekt\u00f3w uchwa\u0142 dotyczy ustalenia rozk\u0142adu godzin pracy og\u00f3lnodost\u0119pnych aptek dzia\u0142aj\u0105cych w Zabrzu. W mie\u015bcie jest ich 56. Wi\u0119kszo\u015b\u0107 pracuje od poniedzia\u0142ku do soboty. W niedziele czynne s\u0105 cztery (przy centrach handlowych i w \u015bcis\u0142ym centrum miasta) w \u015bwi\u0119ta pracuje apteka Salubris przy ul Wolno\u015bci 338b a ca\u0142odobowo czynne s\u0105: apteka \u015bw. Anny przy ul. Sienkiewicza 26a oraz Farmacja 24 przy ul. Szcz\u0119\u015b\u0107 Bo\u017ce 7.<br \/>\nRada zajmie si\u0119 tak\u017ce wyborem \u0142awnik\u00f3w do s\u0105d\u00f3w Okr\u0119gowego w Gliwicach i Rejonowego w Zabrzu. Obrady rozpoczn\u0105 si\u0119 o godz. 14.00.<\/p>\n<p>(TK)<\/p>\n","protected":false},"excerpt":{"rendered":"<p>Znamy ju\u017c program najbli\u017cszych obrad Rady Miasta. Sesj\u0119 zaplanowano na najbli\u017cszy poniedzia\u0142ek, 12 pa\u017adziernika. W przysz\u0142ym roku w Zabrzu nie wzrosn\u0105 stawki podatku od nieruchomo\u015bci. W uzasadnieniu projektu uchwa\u0142y zaznaczono, \u017ce stawki pozostan\u0105 na poziomie lat 2013 &#8211; 2015. Mimo to wysoko\u015b\u0107 zabrza\u0144skich stawek podatku od nieruchomo\u015bci zbli\u017cy si\u0119 do maksymalnej warto\u015bci okre\u015blonej w ustawie. [&hellip;]<\/p>\n","protected":false},"author":4,"featured_media":76848,"comment_status":"closed","ping_status":"closed","sticky":false,"template":"","format":"standard","meta":{"_monsterinsights_skip_tracking":false,"_monsterinsights_sitenote_active":false,"_monsterinsights_sitenote_note":"","_monsterinsights_sitenote_category":0,"footnotes":"","_links_to":"","_links_to_target":""},"categories":[8,9,1],"tags":[],"class_list":["post-76847","post","type-post","status-publish","format-standard","has-post-thumbnail","hentry","category-referendum","category-stronaglowna","category-wszystko"],"_links":{"self":[{"href":"https:\/\/www.24zabrze.pl\/wiadomosci\/wp-json\/wp\/v2\/posts\/76847","targetHints":{"allow":["GET"]}}],"collection":[{"href":"https:\/\/www.24zabrze.pl\/wiadomosci\/wp-json\/wp\/v2\/posts"}],"about":[{"href":"https:\/\/www.24zabrze.pl\/wiadomosci\/wp-json\/wp\/v2\/types\/post"}],"author":[{"embeddable":true,"href":"https:\/\/www.24zabrze.pl\/wiadomosci\/wp-json\/wp\/v2\/users\/4"}],"replies":[{"embeddable":true,"href":"https:\/\/www.24zabrze.pl\/wiadomosci\/wp-json\/wp\/v2\/comments?post=76847"}],"version-history":[{"count":0,"href":"https:\/\/www.24zabrze.pl\/wiadomosci\/wp-json\/wp\/v2\/posts\/76847\/revisions"}],"wp:featuredmedia":[{"embeddable":true,"href":"https:\/\/www.24zabrze.pl\/wiadomosci\/wp-json\/wp\/v2\/media\/76848"}],"wp:attachment":[{"href":"https:\/\/www.24zabrze.pl\/wiadomosci\/wp-json\/wp\/v2\/media?parent=76847"}],"wp:term":[{"taxonomy":"category","embeddable":true,"href":"https:\/\/www.24zabrze.pl\/wiadomosci\/wp-json\/wp\/v2\/categories?post=76847"},{"taxonomy":"post_tag","embeddable":true,"href":"https:\/\/www.24zabrze.pl\/wiadomosci\/wp-json\/wp\/v2\/tags?post=76847"}],"curies":[{"name":"wp","href":"https:\/\/api.w.org\/{rel}","templated":true}]}}