{"id":76742,"date":"2015-10-01T12:51:01","date_gmt":"2015-10-01T10:51:01","guid":{"rendered":"http:\/\/www.24zabrze.pl\/wiadomosci\/?p=76742"},"modified":"2015-10-04T22:41:14","modified_gmt":"2015-10-04T20:41:14","slug":"straz-miejska-wciaz-bez-komendanta-wybrany-kandydat-mial-wypadek-i-zrezygnowal","status":"publish","type":"post","link":"https:\/\/www.24zabrze.pl\/wiadomosci\/straz-miejska-wciaz-bez-komendanta-wybrany-kandydat-mial-wypadek-i-zrezygnowal\/","title":{"rendered":"Stra\u017c Miejska wci\u0105\u017c bez komendanta. Wybrany kandydat mia\u0142 wypadek i zrezygnowa\u0142"},"content":{"rendered":"<div class=\"zabrz-a6-z-nad-leadem-artykulow zabrz-entity-placement\" id=\"zabrz-2746069204\"><div class=\"zabrz-adlabel\"><span style=\"font-size: 9px\">REKLAMA<\/span><\/div><div id=\"zabrz-3250251130\" style=\"margin-bottom: 30px;margin-left: auto;margin-right: auto;text-align: center;\"><a data-no-instant=\"1\" href=\"https:\/\/dom100.eu\/\" rel=\"noopener\" class=\"a2t-link\" target=\"_blank\" aria-label=\"20260415 DOM100 D\"><img loading=\"lazy\" decoding=\"async\" src=\"https:\/\/www.24zabrze.pl\/wiadomosci\/wp-content\/uploads\/2026\/02\/20260415-DOM100-D.jpg\" alt=\"\"  srcset=\"https:\/\/www.24zabrze.pl\/wiadomosci\/wp-content\/uploads\/2026\/02\/20260415-DOM100-D.jpg 750w, https:\/\/www.24zabrze.pl\/wiadomosci\/wp-content\/uploads\/2026\/02\/20260415-DOM100-D-410x109.jpg 410w\" sizes=\"(max-width: 750px) 100vw, 750px\" class=\"no-lazyload\" width=\"750\" height=\"200\"  style=\"display: inline-block; max-width: 100%; height: auto;\" \/><\/a><\/div><\/div><h3> Fatalne zrz\u0105dzenie losu sprawi\u0142o, \u017ce Adam Baron, kt\u00f3ry z dniem 1 pa\u017adziernika mia\u0142 obj\u0105\u0107 to stanowisko mia\u0142 w nocy powa\u017cny wypadek. Zamiast urz\u0119du komendanta Stra\u017cy Miejskiej w Zabrzu czeka go wielomiesi\u0119czna rehabilitacja. <\/h3>\n<p>Od \u015bmierci komendanta <strong>Jaros\u0142awa Rajdy<\/strong>, obowi\u0105zki sternika Stra\u017cy Miejskiej pe\u0142ni\u0142a <strong>Miros\u0142awa Uziel-Kisi\u0144ska<\/strong>. Jednak w konkursie na to stanowisko nie uzyska\u0142a aprobaty komisji. Konkurs wygra\u0142 <strong>Adam Baron<\/strong>, dotychczasowy dyrektor biura zarz\u0105du G\u00f3rno\u015bl\u0105skiego Zwi\u0105zku Metropolitalnego i jednocze\u015bnie radny powiatowy z Tarnowskich G\u00f3r. Mianowany komendant nie rozpocznie jednak pracy. Zamiast w gabinecie, znalaz\u0142 si\u0119 w szpitalu, po gro\u017anym wypadku, jakiemu uleg\u0142 w swoim domu. Nieoficjalnie, ucierpia\u0142 wskutek upadku ze schod\u00f3w. Rano do zabrza\u0144skiego magistratu wp\u0142yn\u0119\u0142a jego rezygnacja. Niedosz\u0142ego szefa Stra\u017cy Miejskiej czeka wiele miesi\u0119cy rehabilitacji. <\/p><div class=\"zabrz-a3-z-w-tresci-artykulow zabrz-entity-placement\" id=\"zabrz-432031191\"><div class=\"zabrz-adlabel\"><span style=\"font-size: 9px\">REKLAMA<\/span><\/div><div id=\"zabrz-979573734\" style=\"margin-bottom: 40px;margin-left: auto;margin-right: auto;text-align: center;\"><a data-no-instant=\"1\" href=\"https:\/\/ogrodyandersa.pl\/\" rel=\"noopener\" class=\"a2t-link\" target=\"_blank\" aria-label=\"20260415 Ogrody Andersa WYBIERZ MIESZKANIE D\"><img loading=\"lazy\" decoding=\"async\" src=\"https:\/\/www.24zabrze.pl\/wiadomosci\/wp-content\/uploads\/2026\/02\/20260415-Ogrody-Andersa-WYBIERZ-MIESZKANIE-D.jpg\" alt=\"\"  srcset=\"https:\/\/www.24zabrze.pl\/wiadomosci\/wp-content\/uploads\/2026\/02\/20260415-Ogrody-Andersa-WYBIERZ-MIESZKANIE-D.jpg 750w, https:\/\/www.24zabrze.pl\/wiadomosci\/wp-content\/uploads\/2026\/02\/20260415-Ogrody-Andersa-WYBIERZ-MIESZKANIE-D-410x109.jpg 410w\" sizes=\"(max-width: 750px) 100vw, 750px\" class=\"no-lazyload\" width=\"750\" height=\"200\"  style=\"display: inline-block; max-width: 100%; height: auto;\" \/><\/a><\/div><\/div>\n<p>(TK)<\/p>\n","protected":false},"excerpt":{"rendered":"<p>Fatalne zrz\u0105dzenie losu sprawi\u0142o, \u017ce Adam Baron, kt\u00f3ry z dniem 1 pa\u017adziernika mia\u0142 obj\u0105\u0107 to stanowisko mia\u0142 w nocy powa\u017cny wypadek. Zamiast urz\u0119du komendanta Stra\u017cy Miejskiej w Zabrzu czeka go wielomiesi\u0119czna rehabilitacja. Od \u015bmierci komendanta Jaros\u0142awa Rajdy, obowi\u0105zki sternika Stra\u017cy Miejskiej pe\u0142ni\u0142a Miros\u0142awa Uziel-Kisi\u0144ska. Jednak w konkursie na to stanowisko nie uzyska\u0142a aprobaty komisji. Konkurs [&hellip;]<\/p>\n","protected":false},"author":4,"featured_media":76743,"comment_status":"closed","ping_status":"closed","sticky":false,"template":"","format":"standard","meta":{"_monsterinsights_skip_tracking":false,"_monsterinsights_sitenote_active":false,"_monsterinsights_sitenote_note":"","_monsterinsights_sitenote_category":0,"footnotes":"","_links_to":"","_links_to_target":""},"categories":[8,9,1],"tags":[],"class_list":["post-76742","post","type-post","status-publish","format-standard","has-post-thumbnail","hentry","category-referendum","category-stronaglowna","category-wszystko"],"_links":{"self":[{"href":"https:\/\/www.24zabrze.pl\/wiadomosci\/wp-json\/wp\/v2\/posts\/76742","targetHints":{"allow":["GET"]}}],"collection":[{"href":"https:\/\/www.24zabrze.pl\/wiadomosci\/wp-json\/wp\/v2\/posts"}],"about":[{"href":"https:\/\/www.24zabrze.pl\/wiadomosci\/wp-json\/wp\/v2\/types\/post"}],"author":[{"embeddable":true,"href":"https:\/\/www.24zabrze.pl\/wiadomosci\/wp-json\/wp\/v2\/users\/4"}],"replies":[{"embeddable":true,"href":"https:\/\/www.24zabrze.pl\/wiadomosci\/wp-json\/wp\/v2\/comments?post=76742"}],"version-history":[{"count":0,"href":"https:\/\/www.24zabrze.pl\/wiadomosci\/wp-json\/wp\/v2\/posts\/76742\/revisions"}],"wp:featuredmedia":[{"embeddable":true,"href":"https:\/\/www.24zabrze.pl\/wiadomosci\/wp-json\/wp\/v2\/media\/76743"}],"wp:attachment":[{"href":"https:\/\/www.24zabrze.pl\/wiadomosci\/wp-json\/wp\/v2\/media?parent=76742"}],"wp:term":[{"taxonomy":"category","embeddable":true,"href":"https:\/\/www.24zabrze.pl\/wiadomosci\/wp-json\/wp\/v2\/categories?post=76742"},{"taxonomy":"post_tag","embeddable":true,"href":"https:\/\/www.24zabrze.pl\/wiadomosci\/wp-json\/wp\/v2\/tags?post=76742"}],"curies":[{"name":"wp","href":"https:\/\/api.w.org\/{rel}","templated":true}]}}