{"id":76707,"date":"2015-09-29T14:41:54","date_gmt":"2015-09-29T12:41:54","guid":{"rendered":"http:\/\/www.24zabrze.pl\/wiadomosci\/?p=76707"},"modified":"2015-09-29T14:47:57","modified_gmt":"2015-09-29T12:47:57","slug":"mieszkancy-nie-chca-skupu-zlomu-pisza-protest","status":"publish","type":"post","link":"https:\/\/www.24zabrze.pl\/wiadomosci\/mieszkancy-nie-chca-skupu-zlomu-pisza-protest\/","title":{"rendered":"Mieszka\u0144cy nie chc\u0105 skupu z\u0142omu. Pisz\u0105 protest"},"content":{"rendered":"<div class=\"zabrz-a6-z-nad-leadem-artykulow zabrz-entity-placement\" id=\"zabrz-2808022567\"><div class=\"zabrz-adlabel\"><span style=\"font-size: 9px\">REKLAMA<\/span><\/div><div id=\"zabrz-3394544323\" style=\"margin-bottom: 30px;margin-left: auto;margin-right: auto;text-align: center;\"><a data-no-instant=\"1\" href=\"https:\/\/dom100.eu\/\" rel=\"noopener\" class=\"a2t-link\" target=\"_blank\" aria-label=\"20260415 DOM100 D\"><img loading=\"lazy\" decoding=\"async\" src=\"https:\/\/www.24zabrze.pl\/wiadomosci\/wp-content\/uploads\/2026\/02\/20260415-DOM100-D.jpg\" alt=\"\"  srcset=\"https:\/\/www.24zabrze.pl\/wiadomosci\/wp-content\/uploads\/2026\/02\/20260415-DOM100-D.jpg 750w, https:\/\/www.24zabrze.pl\/wiadomosci\/wp-content\/uploads\/2026\/02\/20260415-DOM100-D-410x109.jpg 410w\" sizes=\"(max-width: 750px) 100vw, 750px\" class=\"no-lazyload\" width=\"750\" height=\"200\"  style=\"display: inline-block; max-width: 100%; height: auto;\" \/><\/a><\/div><\/div><h3> Z\u0142omnica ma mie\u0107 lokalizacj\u0119 przy ul. \u015bw. Urbana, ale lokatorzy okolicznych budynk\u00f3w s\u0105 temu przeciwni. Jak zaznaczaj\u0105, jest to do\u015b\u0107 spokojna okolica, a potencjalni klienci skupu, mog\u0105 im ten spok\u00f3j zm\u0105ci\u0107. <\/h3>\n<p>Na budynku przy ulicy Urbana 6, pojawi\u0142y si\u0119 nawet r\u0119cznie wypisane kartki zach\u0119caj\u0105ce do rozpocz\u0119cia oficjalnego protestu. Kamienica znajduje si\u0119 w samym sercu Zabrza &#8211; obok znajduje si\u0119 ko\u015bci\u00f3\u0142 \u015bw. Anny i siedziba S\u0105du Rejonowego. <\/p><div class=\"zabrz-a3-z-w-tresci-artykulow zabrz-entity-placement\" id=\"zabrz-1611239957\"><div class=\"zabrz-adlabel\"><span style=\"font-size: 9px\">REKLAMA<\/span><\/div><div id=\"zabrz-2981192495\" style=\"margin-bottom: 40px;margin-left: auto;margin-right: auto;text-align: center;\"><a data-no-instant=\"1\" href=\"https:\/\/ogrodyandersa.pl\/\" rel=\"noopener\" class=\"a2t-link\" target=\"_blank\" aria-label=\"20260415 Ogrody Andersa WYBIERZ MIESZKANIE D\"><img loading=\"lazy\" decoding=\"async\" src=\"https:\/\/www.24zabrze.pl\/wiadomosci\/wp-content\/uploads\/2026\/02\/20260415-Ogrody-Andersa-WYBIERZ-MIESZKANIE-D.jpg\" alt=\"\"  srcset=\"https:\/\/www.24zabrze.pl\/wiadomosci\/wp-content\/uploads\/2026\/02\/20260415-Ogrody-Andersa-WYBIERZ-MIESZKANIE-D.jpg 750w, https:\/\/www.24zabrze.pl\/wiadomosci\/wp-content\/uploads\/2026\/02\/20260415-Ogrody-Andersa-WYBIERZ-MIESZKANIE-D-410x109.jpg 410w\" sizes=\"(max-width: 750px) 100vw, 750px\" class=\"no-lazyload\" width=\"750\" height=\"200\"  style=\"display: inline-block; max-width: 100%; height: auto;\" \/><\/a><\/div><\/div>\n<p>&#8211; Je\u015bli obok pojawi si\u0119 z\u0142omnica, to wizerunek tej cz\u0119\u015bci miasta ucierpi. Poza tym b\u0105d\u017amy szczerzy: skup z\u0142omu nie b\u0119dzie przyci\u0105ga\u0142 klienteli, kt\u00f3ra jest nazwijmy rzecz po imieniu: raczej ma\u0142o ciekawa &#8211; podkre\u015bla jeden z lokator\u00f3w. <\/p>\n<p>Mieszka\u0144cy chc\u0105 skierowa\u0107 oficjalne pismo do zabrza\u0144skiego magistratu. Urz\u0119dnicy przyznaj\u0105, \u017ce lokalizacja skupu z\u0142omu w tym miejscu, nie jest wykluczona. <\/p>\n<p>&#8211; Trwa post\u0119powanie w sprawie wydania decyzji o \u015brodowiskowych uwarunkowaniach dla skupu metali kolorowych. Ale nawet je\u015bli takie pozwolenie zostanie wydane, nie jest r\u00f3wnoznaczne z uruchomieniem tego typu dzia\u0142alno\u015bci gospodarczej. Przedsi\u0119biorca, kt\u00f3ry chcia\u0142by uruchomi\u0107 tam z\u0142omnic\u0119, musi uzyska\u0107 dodatkowo pozwolenie na zagospodarowanie terenu pod tego typu dzia\u0142alno\u015b\u0107 ? wyja\u015bnia <strong>Janusz Famulicki<\/strong>, naczelnik Wydzia\u0142u Ekologii Urz\u0119du Miejskiego w Zabrzu.<\/p>\n<p>Je\u015bli jednak dope\u0142ni wymaganych formalno\u015bci, to nawet przy sprzeciwie mieszka\u0144c\u00f3w, bez przeszk\u00f3d b\u0119dzie m\u00f3g\u0142 otworzy\u0107 tam skup z\u0142omu. <\/p>\n<p>(TK)<\/p>\n","protected":false},"excerpt":{"rendered":"<p>Z\u0142omnica ma mie\u0107 lokalizacj\u0119 przy ul. \u015bw. Urbana, ale lokatorzy okolicznych budynk\u00f3w s\u0105 temu przeciwni. Jak zaznaczaj\u0105, jest to do\u015b\u0107 spokojna okolica, a potencjalni klienci skupu, mog\u0105 im ten spok\u00f3j zm\u0105ci\u0107. Na budynku przy ulicy Urbana 6, pojawi\u0142y si\u0119 nawet r\u0119cznie wypisane kartki zach\u0119caj\u0105ce do rozpocz\u0119cia oficjalnego protestu. Kamienica znajduje si\u0119 w samym sercu Zabrza [&hellip;]<\/p>\n","protected":false},"author":4,"featured_media":76708,"comment_status":"closed","ping_status":"closed","sticky":false,"template":"","format":"standard","meta":{"_monsterinsights_skip_tracking":false,"_monsterinsights_sitenote_active":false,"_monsterinsights_sitenote_note":"","_monsterinsights_sitenote_category":0,"footnotes":"","_links_to":"","_links_to_target":""},"categories":[8,9,1],"tags":[],"class_list":["post-76707","post","type-post","status-publish","format-standard","has-post-thumbnail","hentry","category-referendum","category-stronaglowna","category-wszystko"],"_links":{"self":[{"href":"https:\/\/www.24zabrze.pl\/wiadomosci\/wp-json\/wp\/v2\/posts\/76707","targetHints":{"allow":["GET"]}}],"collection":[{"href":"https:\/\/www.24zabrze.pl\/wiadomosci\/wp-json\/wp\/v2\/posts"}],"about":[{"href":"https:\/\/www.24zabrze.pl\/wiadomosci\/wp-json\/wp\/v2\/types\/post"}],"author":[{"embeddable":true,"href":"https:\/\/www.24zabrze.pl\/wiadomosci\/wp-json\/wp\/v2\/users\/4"}],"replies":[{"embeddable":true,"href":"https:\/\/www.24zabrze.pl\/wiadomosci\/wp-json\/wp\/v2\/comments?post=76707"}],"version-history":[{"count":0,"href":"https:\/\/www.24zabrze.pl\/wiadomosci\/wp-json\/wp\/v2\/posts\/76707\/revisions"}],"wp:featuredmedia":[{"embeddable":true,"href":"https:\/\/www.24zabrze.pl\/wiadomosci\/wp-json\/wp\/v2\/media\/76708"}],"wp:attachment":[{"href":"https:\/\/www.24zabrze.pl\/wiadomosci\/wp-json\/wp\/v2\/media?parent=76707"}],"wp:term":[{"taxonomy":"category","embeddable":true,"href":"https:\/\/www.24zabrze.pl\/wiadomosci\/wp-json\/wp\/v2\/categories?post=76707"},{"taxonomy":"post_tag","embeddable":true,"href":"https:\/\/www.24zabrze.pl\/wiadomosci\/wp-json\/wp\/v2\/tags?post=76707"}],"curies":[{"name":"wp","href":"https:\/\/api.w.org\/{rel}","templated":true}]}}