{"id":76690,"date":"2015-09-28T15:57:41","date_gmt":"2015-09-28T13:57:41","guid":{"rendered":"http:\/\/www.24zabrze.pl\/wiadomosci\/?p=76690"},"modified":"2015-09-28T15:57:41","modified_gmt":"2015-09-28T13:57:41","slug":"rewitalizacja-budynku-dawnej-rzezni-na-dachu-wiezy-bedzie-restauracja","status":"publish","type":"post","link":"https:\/\/www.24zabrze.pl\/wiadomosci\/rewitalizacja-budynku-dawnej-rzezni-na-dachu-wiezy-bedzie-restauracja\/","title":{"rendered":"Rewitalizacja budynku dawnej rze\u017ani. Na dachu wie\u017cy b\u0119dzie restauracja"},"content":{"rendered":"<div class=\"zabrz-a6-z-nad-leadem-artykulow zabrz-entity-placement\" id=\"zabrz-3339244855\"><div class=\"zabrz-adlabel\"><span style=\"font-size: 9px\">REKLAMA<\/span><\/div><div id=\"zabrz-3798227172\" style=\"margin-bottom: 30px;margin-left: auto;margin-right: auto;text-align: center;\"><a data-no-instant=\"1\" href=\"https:\/\/dom100.eu\/\" rel=\"noopener\" class=\"a2t-link\" target=\"_blank\" aria-label=\"20260415 DOM100 D\"><img loading=\"lazy\" decoding=\"async\" src=\"https:\/\/www.24zabrze.pl\/wiadomosci\/wp-content\/uploads\/2026\/02\/20260415-DOM100-D.jpg\" alt=\"\"  srcset=\"https:\/\/www.24zabrze.pl\/wiadomosci\/wp-content\/uploads\/2026\/02\/20260415-DOM100-D.jpg 750w, https:\/\/www.24zabrze.pl\/wiadomosci\/wp-content\/uploads\/2026\/02\/20260415-DOM100-D-410x109.jpg 410w\" sizes=\"(max-width: 750px) 100vw, 750px\" class=\"no-lazyload\" width=\"750\" height=\"200\"  style=\"display: inline-block; max-width: 100%; height: auto;\" \/><\/a><\/div><\/div><h3> W\u0142a\u015bciciel zabudowa\u0144 po dawnych zak\u0142adach mi\u0119snych w Zabrzu chce w oryginalny spos\u00f3b o\u017cywi\u0107 to miejsce. Na dachu wie\u017cy, w kt\u00f3rej kiedy\u015b znajdowa\u0142a si\u0119 w\u0119dzarnia ma powsta\u0107 restauracja z panoramicznym widokiem na miasto. <\/h3>\n<p>Inwestycja jest realizowana na licz\u0105cym dwa hektary powierzchni kompleksie w centrum Zabrza. Obecnie stoj\u0105 tam stare, ponad stuletnie hale, magazyny, budynki biurowe i dawna willa dyrektora zak\u0142adu. Ca\u0142y kompleks niszczeje od ponad 20 lat, wtedy zbankrutowa\u0142y dzia\u0142aj\u0105ce tam zak\u0142ady mi\u0119sne.<\/p><div class=\"zabrz-a3-z-w-tresci-artykulow zabrz-entity-placement\" id=\"zabrz-2352074831\"><div class=\"zabrz-adlabel\"><span style=\"font-size: 9px\">REKLAMA<\/span><\/div><div id=\"zabrz-3883324272\" style=\"margin-bottom: 40px;margin-left: auto;margin-right: auto;text-align: center;\"><a data-no-instant=\"1\" href=\"https:\/\/ogrodyandersa.pl\/\" rel=\"noopener\" class=\"a2t-link\" target=\"_blank\" aria-label=\"20260415 Ogrody Andersa WYBIERZ MIESZKANIE D\"><img loading=\"lazy\" decoding=\"async\" src=\"https:\/\/www.24zabrze.pl\/wiadomosci\/wp-content\/uploads\/2026\/02\/20260415-Ogrody-Andersa-WYBIERZ-MIESZKANIE-D.jpg\" alt=\"\"  srcset=\"https:\/\/www.24zabrze.pl\/wiadomosci\/wp-content\/uploads\/2026\/02\/20260415-Ogrody-Andersa-WYBIERZ-MIESZKANIE-D.jpg 750w, https:\/\/www.24zabrze.pl\/wiadomosci\/wp-content\/uploads\/2026\/02\/20260415-Ogrody-Andersa-WYBIERZ-MIESZKANIE-D-410x109.jpg 410w\" sizes=\"(max-width: 750px) 100vw, 750px\" class=\"no-lazyload\" width=\"750\" height=\"200\"  style=\"display: inline-block; max-width: 100%; height: auto;\" \/><\/a><\/div><\/div>\n<p>W 2012 roku ca\u0142y teren zosta\u0142 kupiony przez nowego inwestora, kt\u00f3ry stopniowo przeprowadza jego rewitalizacj\u0119. Projekt na kompleksowe o\u017cywienie miejsca powsta\u0142 w pracowni architektonicznej BAAR. Dawne obiekty zyskaj\u0105 nowe funkcje: stref\u0119 handlowo-us\u0142ugow\u0105 w przyziemiu oraz cz\u0119\u015b\u0107 bankietowo-konferencyjn\u0105 na pierwszym i drugim poziomie budynku ch\u0142odni. W wie\u017cy powstanie restauracja. Przygotowuj\u0105c projekt przebudowy obiektu, architekt <strong>Adam Radzimski<\/strong>, chcia\u0142 odnie\u015b\u0107 si\u0119 z szacunkiem do zasta\u0142ej architektury i pozostawi\u0107 j\u0105 w mo\u017cliwie nienaruszonym stanie. Jednocze\u015bnie musia\u0142 sprosta\u0107 wymaganiom inwestora, kt\u00f3ry chcia\u0142 powi\u0119kszy\u0107 powierzchni\u0119 u\u017cytkow\u0105 budynku i dostosowa\u0107 j\u0105 do wsp\u00f3\u0142czesnych przepis\u00f3w prawa budowlanego.<\/p>\n<p>W budynku ch\u0142odni zaprojektowano dodatkow\u0105 kondygnacj\u0119, dzi\u0119ki czemu zmie\u015bci\u0142a si\u0119 w nim du\u017ca, wielofunkcyjna sala bankietowo-konferencyjna. Sal\u0119 zaprojektowano tak, by mo\u017cna j\u0105 by\u0142o podzieli\u0107 na dwie mniejsze. Ka\u017cda z nich posiada antresol\u0119 i zewn\u0119trzne atrium.<\/p>\n<p>(TK)<\/p>\n","protected":false},"excerpt":{"rendered":"<p>W\u0142a\u015bciciel zabudowa\u0144 po dawnych zak\u0142adach mi\u0119snych w Zabrzu chce w oryginalny spos\u00f3b o\u017cywi\u0107 to miejsce. Na dachu wie\u017cy, w kt\u00f3rej kiedy\u015b znajdowa\u0142a si\u0119 w\u0119dzarnia ma powsta\u0107 restauracja z panoramicznym widokiem na miasto. Inwestycja jest realizowana na licz\u0105cym dwa hektary powierzchni kompleksie w centrum Zabrza. Obecnie stoj\u0105 tam stare, ponad stuletnie hale, magazyny, budynki biurowe i [&hellip;]<\/p>\n","protected":false},"author":4,"featured_media":76691,"comment_status":"closed","ping_status":"closed","sticky":false,"template":"","format":"standard","meta":{"_monsterinsights_skip_tracking":false,"_monsterinsights_sitenote_active":false,"_monsterinsights_sitenote_note":"","_monsterinsights_sitenote_category":0,"footnotes":"","_links_to":"","_links_to_target":""},"categories":[8,9,1],"tags":[],"class_list":["post-76690","post","type-post","status-publish","format-standard","has-post-thumbnail","hentry","category-referendum","category-stronaglowna","category-wszystko"],"_links":{"self":[{"href":"https:\/\/www.24zabrze.pl\/wiadomosci\/wp-json\/wp\/v2\/posts\/76690","targetHints":{"allow":["GET"]}}],"collection":[{"href":"https:\/\/www.24zabrze.pl\/wiadomosci\/wp-json\/wp\/v2\/posts"}],"about":[{"href":"https:\/\/www.24zabrze.pl\/wiadomosci\/wp-json\/wp\/v2\/types\/post"}],"author":[{"embeddable":true,"href":"https:\/\/www.24zabrze.pl\/wiadomosci\/wp-json\/wp\/v2\/users\/4"}],"replies":[{"embeddable":true,"href":"https:\/\/www.24zabrze.pl\/wiadomosci\/wp-json\/wp\/v2\/comments?post=76690"}],"version-history":[{"count":0,"href":"https:\/\/www.24zabrze.pl\/wiadomosci\/wp-json\/wp\/v2\/posts\/76690\/revisions"}],"wp:featuredmedia":[{"embeddable":true,"href":"https:\/\/www.24zabrze.pl\/wiadomosci\/wp-json\/wp\/v2\/media\/76691"}],"wp:attachment":[{"href":"https:\/\/www.24zabrze.pl\/wiadomosci\/wp-json\/wp\/v2\/media?parent=76690"}],"wp:term":[{"taxonomy":"category","embeddable":true,"href":"https:\/\/www.24zabrze.pl\/wiadomosci\/wp-json\/wp\/v2\/categories?post=76690"},{"taxonomy":"post_tag","embeddable":true,"href":"https:\/\/www.24zabrze.pl\/wiadomosci\/wp-json\/wp\/v2\/tags?post=76690"}],"curies":[{"name":"wp","href":"https:\/\/api.w.org\/{rel}","templated":true}]}}