{"id":76627,"date":"2015-09-25T19:50:59","date_gmt":"2015-09-25T17:50:59","guid":{"rendered":"http:\/\/www.24zabrze.pl\/wiadomosci\/?p=76627"},"modified":"2015-09-25T19:50:59","modified_gmt":"2015-09-25T17:50:59","slug":"wyscig-do-sejmu-i-senatu-rozpoczety-kto-z-zabrza-ma-najwieksze-szanse","status":"publish","type":"post","link":"https:\/\/www.24zabrze.pl\/wiadomosci\/wyscig-do-sejmu-i-senatu-rozpoczety-kto-z-zabrza-ma-najwieksze-szanse\/","title":{"rendered":"Wy\u015bcig do Sejmu i Senatu rozpocz\u0119ty. Kto z Zabrza ma najwi\u0119ksze szanse?"},"content":{"rendered":"<div class=\"zabrz-a6-z-nad-leadem-artykulow zabrz-entity-placement\" id=\"zabrz-1071461738\"><div class=\"zabrz-adlabel\"><span style=\"font-size: 9px\">REKLAMA<\/span><\/div><div id=\"zabrz-1592611485\" style=\"margin-bottom: 30px;margin-left: auto;margin-right: auto;text-align: center;\"><a data-no-instant=\"1\" href=\"https:\/\/dom100.eu\/\" rel=\"noopener\" class=\"a2t-link\" target=\"_blank\" aria-label=\"20260415 DOM100 D\"><img loading=\"lazy\" decoding=\"async\" src=\"https:\/\/www.24zabrze.pl\/wiadomosci\/wp-content\/uploads\/2026\/02\/20260415-DOM100-D.jpg\" alt=\"\"  srcset=\"https:\/\/www.24zabrze.pl\/wiadomosci\/wp-content\/uploads\/2026\/02\/20260415-DOM100-D.jpg 750w, https:\/\/www.24zabrze.pl\/wiadomosci\/wp-content\/uploads\/2026\/02\/20260415-DOM100-D-410x109.jpg 410w\" sizes=\"(max-width: 750px) 100vw, 750px\" class=\"no-lazyload\" width=\"750\" height=\"200\"  style=\"display: inline-block; max-width: 100%; height: auto;\" \/><\/a><\/div><\/div><h3> Peleton otwieraj\u0105 reprezentanci obecnego rz\u0105du: Borys Budka (na zdj\u0119ciu) i profesor Marian Zembala, z tym \u017ce urz\u0119duj\u0105cy minister zdrowia startuje z Katowic. Do boju o parlament stan\u0119\u0142o tak\u017ce kilku radnych. <\/h3>\n<p>Na listach do Sejmu znajd\u0105 si\u0119 miejsca dl 24 os\u00f3b z terenu Zabrza. Tylko jeden kandydat powalczy o miejsce w Senacie. <\/p><div class=\"zabrz-a3-z-w-tresci-artykulow zabrz-entity-placement\" id=\"zabrz-1610742835\"><div class=\"zabrz-adlabel\"><span style=\"font-size: 9px\">REKLAMA<\/span><\/div><div id=\"zabrz-351921973\" style=\"margin-bottom: 40px;margin-left: auto;margin-right: auto;text-align: center;\"><a data-no-instant=\"1\" href=\"https:\/\/ogrodyandersa.pl\/\" rel=\"noopener\" class=\"a2t-link\" target=\"_blank\" aria-label=\"20260415 Ogrody Andersa WYBIERZ MIESZKANIE D\"><img loading=\"lazy\" decoding=\"async\" src=\"https:\/\/www.24zabrze.pl\/wiadomosci\/wp-content\/uploads\/2026\/02\/20260415-Ogrody-Andersa-WYBIERZ-MIESZKANIE-D.jpg\" alt=\"\"  srcset=\"https:\/\/www.24zabrze.pl\/wiadomosci\/wp-content\/uploads\/2026\/02\/20260415-Ogrody-Andersa-WYBIERZ-MIESZKANIE-D.jpg 750w, https:\/\/www.24zabrze.pl\/wiadomosci\/wp-content\/uploads\/2026\/02\/20260415-Ogrody-Andersa-WYBIERZ-MIESZKANIE-D-410x109.jpg 410w\" sizes=\"(max-width: 750px) 100vw, 750px\" class=\"no-lazyload\" width=\"750\" height=\"200\"  style=\"display: inline-block; max-width: 100%; height: auto;\" \/><\/a><\/div><\/div>\n<p>Do Sejmu, z list Prawa i Sprawiedliwo\u015bci, Platformy Obywatelskiej oraz Koalicyjnego Komitet Wyborczego Zjednoczona Lewica SLD+TR+PPS+UP+Zieloni, b\u0119dzie ubiega\u0142o si\u0119 po pi\u0119ciu kandydat\u00f3w.<br \/>\nNajwy\u017csze ? drugie ? miejsce na swojej li\u015bcie ma startuj\u0105ca z lewicowej koalicji <strong>Agnieszka Rupniewska<\/strong>, prawnik, nale\u017c\u0105ca do SLD. Czwarty jest <strong>Andrzej Chwiluk<\/strong>, przewodnicz\u0105cy Zwi\u0105zku Zawodowego G\u00f3rnik\u00f3w w Polsce. Kolejni cz\u0142onkowie SLD, to: elektromechanik <strong>Jan R\u0119bas<\/strong> (nr 8 na li\u015bcie, technik technologii \u017cywno\u015bci <strong>Andrzej Matusz<\/strong> (9) i ekonomistka <strong>Krystyna Ha\u0142gas<\/strong> (17). <\/p>\n<p>Czwarte miejsce na li\u015bcie PiS zajmuje wiceprzewodnicz\u0105cy Rady Miasta <strong>Bogus\u0142aw Znyk<\/strong>. Miejsce si\u00f3dme przyznano ekonomistce <strong>Zofii Bor\u00f3wce<\/strong>, na pozycji 12 znajduje si\u0119 by\u0142y kandydat PiS na prezydenta Zabrza, <strong>Jerzy Pabis<\/strong>, a trzy miejsca ni\u017cej <strong>Tadeusz Wita<\/strong> (15), in\u017cynier budownictwa, kt\u00f3ry by\u0142 ju\u017c pos\u0142em PiS V i VI kadencji (lata 2005 ? 2011). Z ostatniej pozycji kandyduje lekarka <strong>Alicja Pigo\u0144-W\u0119giel<\/strong>.<\/p>\n<p><strong>Tomasz Olichwer<\/strong>, tak\u017ce by\u0142y kandydat na prezydenta Zabrza, a obecnie radny, kandyduje do Sejmu z 6 miejsca listy Platformy Obywatelskiej. Z 11 miejsca startuje ekonomistka <strong>Anna Zamys\u0142owska<\/strong>, a z 13 nauczycielka <strong>El\u017cbieta Maci\u0105\u017cek<\/strong> (obie s\u0105 bezpartyjne). Zabrze na li\u015bcie PO reprezentuje te\u017c audytor Justyna Kronstedt (16) i menad\u017cer <strong>Mariusz Wal<\/strong> (18). List\u0119 PO w okr\u0119gu (Zabrze-Gliwice-Bytom) otwiera minister sprawiedliwo\u015bci <strong>Borys Budka<\/strong>.<\/p>\n<p>Z komitetu ?Kukiz?15? startuj\u0105 dwie osoby ? in\u017cynier programista <strong>Alan Klimala<\/strong> (3) i fotograf <strong>Natalia Makar<\/strong> (15). <\/p>\n<p>Dw\u00f3ch kandydat\u00f3w ma partia ?Razem?: <strong>Ann\u0119 Kraszyna<\/strong> (10) i <strong>Rafa\u0142a Frelka<\/strong> (11). <\/p>\n<p>Z komitetu wyborczego KORWiN kandyduje informatyk <strong>\u0141ukasz Wysocki<\/strong> (5), a z komitetu Nowoczesna Ryszarda Petru mened\u017cer, <strong>Maciej Zgrzendek<\/strong> (4). <\/p>\n<p>Zabrzanie startuj\u0105 r\u00f3wnie\u017c z list zarejestrowanych w innych okr\u0119gach. Troje zabrzan jest na listach w okr\u0119gu nr 31 (nale\u017c\u0105 do niego m.in. Chorz\u00f3w, Katowice i Mys\u0142owice): prawnik <strong>Aneta Weihrauch<\/strong> (16 na li\u015bcie Kukiz?15), pracownik socjalny <strong>Jakub Wilczek<\/strong><strong> (2 na li\u015bcie partii Razem) i ekonomista <strong>Leszek Kraszyna<\/strong><\/strong> (4 na tej samej li\u015bcie).  <\/p>\n<p>O mandat senatora z ubiega si\u0119 artysta ? malarz <strong>Witold Berus<\/strong> (komitet wyborczy \u015alonzoki Razem).<\/p>\n<p>Reprezentant\u00f3w narodu b\u0119dziemy wybiera\u0107 ju\u017c za nieca\u0142y miesi\u0105c &#8211; do urn p\u00f3jdziemy 25 pa\u017adziernika. <\/p>\n<p>(TK)<\/p>\n","protected":false},"excerpt":{"rendered":"<p>Peleton otwieraj\u0105 reprezentanci obecnego rz\u0105du: Borys Budka (na zdj\u0119ciu) i profesor Marian Zembala, z tym \u017ce urz\u0119duj\u0105cy minister zdrowia startuje z Katowic. Do boju o parlament stan\u0119\u0142o tak\u017ce kilku radnych. Na listach do Sejmu znajd\u0105 si\u0119 miejsca dl 24 os\u00f3b z terenu Zabrza. Tylko jeden kandydat powalczy o miejsce w Senacie. Do Sejmu, z list [&hellip;]<\/p>\n","protected":false},"author":4,"featured_media":76628,"comment_status":"closed","ping_status":"closed","sticky":false,"template":"","format":"standard","meta":{"_monsterinsights_skip_tracking":false,"_monsterinsights_sitenote_active":false,"_monsterinsights_sitenote_note":"","_monsterinsights_sitenote_category":0,"footnotes":"","_links_to":"","_links_to_target":""},"categories":[8,9,1],"tags":[],"class_list":["post-76627","post","type-post","status-publish","format-standard","has-post-thumbnail","hentry","category-referendum","category-stronaglowna","category-wszystko"],"_links":{"self":[{"href":"https:\/\/www.24zabrze.pl\/wiadomosci\/wp-json\/wp\/v2\/posts\/76627","targetHints":{"allow":["GET"]}}],"collection":[{"href":"https:\/\/www.24zabrze.pl\/wiadomosci\/wp-json\/wp\/v2\/posts"}],"about":[{"href":"https:\/\/www.24zabrze.pl\/wiadomosci\/wp-json\/wp\/v2\/types\/post"}],"author":[{"embeddable":true,"href":"https:\/\/www.24zabrze.pl\/wiadomosci\/wp-json\/wp\/v2\/users\/4"}],"replies":[{"embeddable":true,"href":"https:\/\/www.24zabrze.pl\/wiadomosci\/wp-json\/wp\/v2\/comments?post=76627"}],"version-history":[{"count":0,"href":"https:\/\/www.24zabrze.pl\/wiadomosci\/wp-json\/wp\/v2\/posts\/76627\/revisions"}],"wp:featuredmedia":[{"embeddable":true,"href":"https:\/\/www.24zabrze.pl\/wiadomosci\/wp-json\/wp\/v2\/media\/76628"}],"wp:attachment":[{"href":"https:\/\/www.24zabrze.pl\/wiadomosci\/wp-json\/wp\/v2\/media?parent=76627"}],"wp:term":[{"taxonomy":"category","embeddable":true,"href":"https:\/\/www.24zabrze.pl\/wiadomosci\/wp-json\/wp\/v2\/categories?post=76627"},{"taxonomy":"post_tag","embeddable":true,"href":"https:\/\/www.24zabrze.pl\/wiadomosci\/wp-json\/wp\/v2\/tags?post=76627"}],"curies":[{"name":"wp","href":"https:\/\/api.w.org\/{rel}","templated":true}]}}