{"id":76591,"date":"2015-09-24T09:45:37","date_gmt":"2015-09-24T07:45:37","guid":{"rendered":"http:\/\/www.24zabrze.pl\/wiadomosci\/?p=76591"},"modified":"2015-09-17T14:28:02","modified_gmt":"2015-09-17T12:28:02","slug":"miasto-jest-przygotowane-na-przyjecie-uchodzcow-oczywiscie-jesli-zajdzie-taka-potrzeba","status":"publish","type":"post","link":"https:\/\/www.24zabrze.pl\/wiadomosci\/miasto-jest-przygotowane-na-przyjecie-uchodzcow-oczywiscie-jesli-zajdzie-taka-potrzeba\/","title":{"rendered":"Miasto jest przygotowane na przyj\u0119cie uchod\u017ac\u00f3w. Oczywi\u015bcie, je\u015bli zajdzie taka potrzeba"},"content":{"rendered":"<div class=\"zabrz-a6-z-nad-leadem-artykulow zabrz-entity-placement\" id=\"zabrz-3068560177\"><div class=\"zabrz-adlabel\"><span style=\"font-size: 9px\">REKLAMA<\/span><\/div><div id=\"zabrz-3713835168\" style=\"margin-bottom: 30px;margin-left: auto;margin-right: auto;text-align: center;\"><a data-no-instant=\"1\" href=\"https:\/\/dom100.eu\/\" rel=\"noopener\" class=\"a2t-link\" target=\"_blank\" aria-label=\"20260415 DOM100 D\"><img loading=\"lazy\" decoding=\"async\" src=\"https:\/\/www.24zabrze.pl\/wiadomosci\/wp-content\/uploads\/2026\/02\/20260415-DOM100-D.jpg\" alt=\"\"  srcset=\"https:\/\/www.24zabrze.pl\/wiadomosci\/wp-content\/uploads\/2026\/02\/20260415-DOM100-D.jpg 750w, https:\/\/www.24zabrze.pl\/wiadomosci\/wp-content\/uploads\/2026\/02\/20260415-DOM100-D-410x109.jpg 410w\" sizes=\"(max-width: 750px) 100vw, 750px\" class=\"no-lazyload\" width=\"750\" height=\"200\"  style=\"display: inline-block; max-width: 100%; height: auto;\" \/><\/a><\/div><\/div><h3> Przedstawiciele samorz\u0105du t\u0142umacz\u0105, \u017ce ka\u017cda gmina jest zobligowana na sytuacje nadzwyczajne. Scenariusz nap\u0142ywu imigrant\u00f3w, do takich w\u0142a\u015bnie nale\u017cy. <\/h3>\n<p> ? W bud\u017cecie miasta mamy rezerw\u0119 og\u00f3ln\u0105 na niezaplanowane wydatki w wysoko\u015bci ok. 3 mln z\u0142 i rezerw\u0119 na sytuacje kryzysowe w wysoko\u015bci 2 mln z\u0142 &#8211; wylicza skarbnik miasta, <strong>Piotr Barczyk<\/strong>, dodaj\u0105c, \u017ce miasto powinno otrzyma\u0107 z bud\u017cetu pa\u0144stwa pieni\u0105dze na pokrycie koszt\u00f3w pobytu uchod\u017ac\u00f3w. <\/p><div class=\"zabrz-a3-z-w-tresci-artykulow zabrz-entity-placement\" id=\"zabrz-3448722882\"><div class=\"zabrz-adlabel\"><span style=\"font-size: 9px\">REKLAMA<\/span><\/div><div id=\"zabrz-3416645679\" style=\"margin-bottom: 40px;margin-left: auto;margin-right: auto;text-align: center;\"><a data-no-instant=\"1\" href=\"https:\/\/ogrodyandersa.pl\/\" rel=\"noopener\" class=\"a2t-link\" target=\"_blank\" aria-label=\"20260415 Ogrody Andersa WYBIERZ MIESZKANIE D\"><img loading=\"lazy\" decoding=\"async\" src=\"https:\/\/www.24zabrze.pl\/wiadomosci\/wp-content\/uploads\/2026\/02\/20260415-Ogrody-Andersa-WYBIERZ-MIESZKANIE-D.jpg\" alt=\"\"  srcset=\"https:\/\/www.24zabrze.pl\/wiadomosci\/wp-content\/uploads\/2026\/02\/20260415-Ogrody-Andersa-WYBIERZ-MIESZKANIE-D.jpg 750w, https:\/\/www.24zabrze.pl\/wiadomosci\/wp-content\/uploads\/2026\/02\/20260415-Ogrody-Andersa-WYBIERZ-MIESZKANIE-D-410x109.jpg 410w\" sizes=\"(max-width: 750px) 100vw, 750px\" class=\"no-lazyload\" width=\"750\" height=\"200\"  style=\"display: inline-block; max-width: 100%; height: auto;\" \/><\/a><\/div><\/div>\n<p>A to oznacza, \u017ce przyj\u0119cie kilkuset os\u00f3b nie by\u0142oby jakim\u015b du\u017cym problemem. Wydzia\u0142 Zarz\u0105dzania Kryzysowego posiada w magazynach 300 koc\u00f3w. Nocleg grupie 70 os\u00f3b mo\u017cna zabezpieczy\u0107 w pokojach hali Pogoni i Walki Makoszowy. <\/p>\n<p>? To tymczasowe schronienie dla os\u00f3b poszkodowanych w zdarzeniach losowych ? t\u0142umaczy <strong>Artur Nowakowski<\/strong>, naczelnik wydzia\u0142u. ? Trudno by\u0142oby tam przebywa\u0107 d\u0142u\u017cej ni\u017c kilka dni, bo nie jest wyposa\u017cone w kuchni\u0119. <\/p>\n<p>&#8211; W\u0105tpi\u0119 jednak, aby\u015bmy byli dla nich krajem docelowym. Byliby\u015bmy raczej dla nich kolejnym etapem pobytu w Polsce. Najpierw zostan\u0105 skierowani do zamkni\u0119tych o\u015brodk\u00f3w. Tam powinni zosta\u0107 sprawdzeni, czy maj\u0105 zwi\u0105zki z terroryzmem, czy s\u0105 uchod\u017acami, czy emigrantami ekonomicznymi ? podkre\u015bla <strong>Piotr Barczyk<\/strong>.  <\/p>\n<p>Z kart\u0105 pobytu wydan\u0105 przez urz\u0119dnik\u00f3w rz\u0105dowych uchod\u017aca m\u00f3g\u0142by zg\u0142osi\u0107 si\u0119 do Urz\u0119du Miejskiego. <strong>Anna Wyle\u017co\u0142<\/strong>, naczelnik Wydzia\u0142u Zarz\u0105dzania Nieruchomo\u015bciami Urz\u0119du Miejskiego w Zabrzu jest zdania, \u017ce gdyby w kr\u00f3tkim czasie w Zabrzu pojawi\u0142o si\u0119 ich wielu z kart\u0105 pobytu, to pocz\u0105tkowo zostaliby zakwaterowani zbiorowo w salach gimnastycznych. Potem, zale\u017cnie od tego czy przez Polsk\u0119 tylko przeje\u017cd\u017caj\u0105 czy wybrali j\u0105 jako kraj docelowy, udzielana by\u0142aby im pomoc.  <\/p>\n<p>Zgodnie z przepisami cudzoziemiec przebywaj\u0105cy legalnie w naszym kraju mo\u017ce uzyska\u0107 pomoc finansow\u0105 na nauk\u0119 j\u0119zyka, utrzymanie, sk\u0142adki zdrowotne i spo\u0142eczne. <\/p>\n<p>(TK)<\/p>\n","protected":false},"excerpt":{"rendered":"<p>Przedstawiciele samorz\u0105du t\u0142umacz\u0105, \u017ce ka\u017cda gmina jest zobligowana na sytuacje nadzwyczajne. Scenariusz nap\u0142ywu imigrant\u00f3w, do takich w\u0142a\u015bnie nale\u017cy. ? W bud\u017cecie miasta mamy rezerw\u0119 og\u00f3ln\u0105 na niezaplanowane wydatki w wysoko\u015bci ok. 3 mln z\u0142 i rezerw\u0119 na sytuacje kryzysowe w wysoko\u015bci 2 mln z\u0142 &#8211; wylicza skarbnik miasta, Piotr Barczyk, dodaj\u0105c, \u017ce miasto powinno otrzyma\u0107 [&hellip;]<\/p>\n","protected":false},"author":4,"featured_media":76592,"comment_status":"closed","ping_status":"closed","sticky":false,"template":"","format":"standard","meta":{"_monsterinsights_skip_tracking":false,"_monsterinsights_sitenote_active":false,"_monsterinsights_sitenote_note":"","_monsterinsights_sitenote_category":0,"footnotes":"","_links_to":"","_links_to_target":""},"categories":[8,9,1],"tags":[],"class_list":["post-76591","post","type-post","status-publish","format-standard","has-post-thumbnail","hentry","category-referendum","category-stronaglowna","category-wszystko"],"_links":{"self":[{"href":"https:\/\/www.24zabrze.pl\/wiadomosci\/wp-json\/wp\/v2\/posts\/76591","targetHints":{"allow":["GET"]}}],"collection":[{"href":"https:\/\/www.24zabrze.pl\/wiadomosci\/wp-json\/wp\/v2\/posts"}],"about":[{"href":"https:\/\/www.24zabrze.pl\/wiadomosci\/wp-json\/wp\/v2\/types\/post"}],"author":[{"embeddable":true,"href":"https:\/\/www.24zabrze.pl\/wiadomosci\/wp-json\/wp\/v2\/users\/4"}],"replies":[{"embeddable":true,"href":"https:\/\/www.24zabrze.pl\/wiadomosci\/wp-json\/wp\/v2\/comments?post=76591"}],"version-history":[{"count":0,"href":"https:\/\/www.24zabrze.pl\/wiadomosci\/wp-json\/wp\/v2\/posts\/76591\/revisions"}],"wp:featuredmedia":[{"embeddable":true,"href":"https:\/\/www.24zabrze.pl\/wiadomosci\/wp-json\/wp\/v2\/media\/76592"}],"wp:attachment":[{"href":"https:\/\/www.24zabrze.pl\/wiadomosci\/wp-json\/wp\/v2\/media?parent=76591"}],"wp:term":[{"taxonomy":"category","embeddable":true,"href":"https:\/\/www.24zabrze.pl\/wiadomosci\/wp-json\/wp\/v2\/categories?post=76591"},{"taxonomy":"post_tag","embeddable":true,"href":"https:\/\/www.24zabrze.pl\/wiadomosci\/wp-json\/wp\/v2\/tags?post=76591"}],"curies":[{"name":"wp","href":"https:\/\/api.w.org\/{rel}","templated":true}]}}