{"id":76544,"date":"2015-09-21T00:05:21","date_gmt":"2015-09-20T22:05:21","guid":{"rendered":"http:\/\/www.24zabrze.pl\/wiadomosci\/?p=76544"},"modified":"2015-09-16T12:17:20","modified_gmt":"2015-09-16T10:17:20","slug":"przebudowa-torowisk-przeciagnie-sie-do-zimy-tramwaje-slaskie-przyznaja-ze-przyjety-termin-byl-nierealny","status":"publish","type":"post","link":"https:\/\/www.24zabrze.pl\/wiadomosci\/przebudowa-torowisk-przeciagnie-sie-do-zimy-tramwaje-slaskie-przyznaja-ze-przyjety-termin-byl-nierealny\/","title":{"rendered":"Przebudowa torowisk przeci\u0105gnie si\u0119 do zimy. Tramwaje \u015al\u0105skie przyznaj\u0105, \u017ce przyj\u0119ty termin by\u0142 nierealny"},"content":{"rendered":"<div class=\"zabrz-a6-z-nad-leadem-artykulow zabrz-entity-placement\" id=\"zabrz-3003276666\"><div class=\"zabrz-adlabel\"><span style=\"font-size: 9px\">REKLAMA<\/span><\/div><div id=\"zabrz-3795891187\" style=\"margin-bottom: 30px;margin-left: auto;margin-right: auto;text-align: center;\"><a data-no-instant=\"1\" href=\"https:\/\/dom100.eu\/\" rel=\"noopener\" class=\"a2t-link\" target=\"_blank\" aria-label=\"20260415 DOM100 D\"><img loading=\"lazy\" decoding=\"async\" src=\"https:\/\/www.24zabrze.pl\/wiadomosci\/wp-content\/uploads\/2026\/02\/20260415-DOM100-D.jpg\" alt=\"\"  srcset=\"https:\/\/www.24zabrze.pl\/wiadomosci\/wp-content\/uploads\/2026\/02\/20260415-DOM100-D.jpg 750w, https:\/\/www.24zabrze.pl\/wiadomosci\/wp-content\/uploads\/2026\/02\/20260415-DOM100-D-410x109.jpg 410w\" sizes=\"(max-width: 750px) 100vw, 750px\" class=\"no-lazyload\" width=\"750\" height=\"200\"  style=\"display: inline-block; max-width: 100%; height: auto;\" \/><\/a><\/div><\/div><h3> Mia\u0142 sko\u0144czy\u0107 si\u0119 we wrze\u015bniu, a wedle informacji przekazanej przez sp\u00f3\u0142k\u0119 Tramwaje \u015al\u0105skie, b\u0119dziemy m\u0119czy\u0107 si\u0119 z nim do grudnia. Mowa o wielkim remoncie torowisk w mie\u015bcie. <\/h3>\n<p><strong>Andrzej Zowada<\/strong>, rzecznik sp\u00f3\u0142ki Tramwaje \u015al\u0105skie w rozmowie z lokalnymi mediami przyznaje, \u017ce zak\u0142adany wcze\u015bniej termin zako\u0144czenia rob\u00f3t od pocz\u0105tku by\u0142 nierealny. Jak zaznacza, cho\u0107by z tego powodu, \u017ce prace zacz\u0119\u0142y si\u0119 o wiele p\u00f3\u017aniej ni\u017c zak\u0142adano &#8211; nie z ko\u0144cem czerwca, a dopiero 18 lipca. <\/p><div class=\"zabrz-a3-z-w-tresci-artykulow zabrz-entity-placement\" id=\"zabrz-45281106\"><div class=\"zabrz-adlabel\"><span style=\"font-size: 9px\">REKLAMA<\/span><\/div><div id=\"zabrz-3902950098\" style=\"margin-bottom: 40px;margin-left: auto;margin-right: auto;text-align: center;\"><a data-no-instant=\"1\" href=\"https:\/\/ogrodyandersa.pl\/\" rel=\"noopener\" class=\"a2t-link\" target=\"_blank\" aria-label=\"20260415 Ogrody Andersa WYBIERZ MIESZKANIE D\"><img loading=\"lazy\" decoding=\"async\" src=\"https:\/\/www.24zabrze.pl\/wiadomosci\/wp-content\/uploads\/2026\/02\/20260415-Ogrody-Andersa-WYBIERZ-MIESZKANIE-D.jpg\" alt=\"\"  srcset=\"https:\/\/www.24zabrze.pl\/wiadomosci\/wp-content\/uploads\/2026\/02\/20260415-Ogrody-Andersa-WYBIERZ-MIESZKANIE-D.jpg 750w, https:\/\/www.24zabrze.pl\/wiadomosci\/wp-content\/uploads\/2026\/02\/20260415-Ogrody-Andersa-WYBIERZ-MIESZKANIE-D-410x109.jpg 410w\" sizes=\"(max-width: 750px) 100vw, 750px\" class=\"no-lazyload\" width=\"750\" height=\"200\"  style=\"display: inline-block; max-width: 100%; height: auto;\" \/><\/a><\/div><\/div>\n<p>&#8211; Pojawi\u0142y si\u0119 tak\u017ce problemy z niezinwentaryzowanymi instalacjami podziemnymi. Niedogodno\u015bci\u0105 by\u0142y poza tym upa\u0142y, kt\u00f3re skutkowa\u0142y ni\u017csz\u0105 wydajno\u015bci\u0105 pracy. Trwaj\u0105 rozmowy z wykonawc\u0105 na temat nowego harmonogramu &#8211; dodaje <strong>Andrzej Zowada<\/strong>, zaznaczaj\u0105c, \u017ce stosowny aneks zostanie podpisany do ko\u0144ca wrze\u015bnia. <\/p>\n<p>Remont skutkuje zamkni\u0119tymi ulicami: Lutra, Brysza i plac Krakowskiego. Na ulicy Wolno\u015bci, na odcinku od skrzy\u017cowania z ul. \u015aredni\u0105 do rejonu wydzielonego torowiska przy browarze obowi\u0105zuje jeden kierunek ruchu, od centrum w stron\u0119 Zaborza. <\/p>\n<p>Realizowana w Zabrzu inwestycja b\u0119dzie kosztowa\u0142a 25 mln z\u0142 brutto. Modernizacj\u0105 zosta\u0142o obj\u0119te 3,5 km torowisk. <\/p>\n<p>(TK)<\/p>\n","protected":false},"excerpt":{"rendered":"<p>Mia\u0142 sko\u0144czy\u0107 si\u0119 we wrze\u015bniu, a wedle informacji przekazanej przez sp\u00f3\u0142k\u0119 Tramwaje \u015al\u0105skie, b\u0119dziemy m\u0119czy\u0107 si\u0119 z nim do grudnia. Mowa o wielkim remoncie torowisk w mie\u015bcie. Andrzej Zowada, rzecznik sp\u00f3\u0142ki Tramwaje \u015al\u0105skie w rozmowie z lokalnymi mediami przyznaje, \u017ce zak\u0142adany wcze\u015bniej termin zako\u0144czenia rob\u00f3t od pocz\u0105tku by\u0142 nierealny. Jak zaznacza, cho\u0107by z tego powodu, [&hellip;]<\/p>\n","protected":false},"author":4,"featured_media":76547,"comment_status":"closed","ping_status":"closed","sticky":false,"template":"","format":"standard","meta":{"_monsterinsights_skip_tracking":false,"_monsterinsights_sitenote_active":false,"_monsterinsights_sitenote_note":"","_monsterinsights_sitenote_category":0,"footnotes":"","_links_to":"","_links_to_target":""},"categories":[8,9,1],"tags":[],"class_list":["post-76544","post","type-post","status-publish","format-standard","has-post-thumbnail","hentry","category-referendum","category-stronaglowna","category-wszystko"],"_links":{"self":[{"href":"https:\/\/www.24zabrze.pl\/wiadomosci\/wp-json\/wp\/v2\/posts\/76544","targetHints":{"allow":["GET"]}}],"collection":[{"href":"https:\/\/www.24zabrze.pl\/wiadomosci\/wp-json\/wp\/v2\/posts"}],"about":[{"href":"https:\/\/www.24zabrze.pl\/wiadomosci\/wp-json\/wp\/v2\/types\/post"}],"author":[{"embeddable":true,"href":"https:\/\/www.24zabrze.pl\/wiadomosci\/wp-json\/wp\/v2\/users\/4"}],"replies":[{"embeddable":true,"href":"https:\/\/www.24zabrze.pl\/wiadomosci\/wp-json\/wp\/v2\/comments?post=76544"}],"version-history":[{"count":0,"href":"https:\/\/www.24zabrze.pl\/wiadomosci\/wp-json\/wp\/v2\/posts\/76544\/revisions"}],"wp:featuredmedia":[{"embeddable":true,"href":"https:\/\/www.24zabrze.pl\/wiadomosci\/wp-json\/wp\/v2\/media\/76547"}],"wp:attachment":[{"href":"https:\/\/www.24zabrze.pl\/wiadomosci\/wp-json\/wp\/v2\/media?parent=76544"}],"wp:term":[{"taxonomy":"category","embeddable":true,"href":"https:\/\/www.24zabrze.pl\/wiadomosci\/wp-json\/wp\/v2\/categories?post=76544"},{"taxonomy":"post_tag","embeddable":true,"href":"https:\/\/www.24zabrze.pl\/wiadomosci\/wp-json\/wp\/v2\/tags?post=76544"}],"curies":[{"name":"wp","href":"https:\/\/api.w.org\/{rel}","templated":true}]}}