{"id":76541,"date":"2015-09-19T11:35:46","date_gmt":"2015-09-19T09:35:46","guid":{"rendered":"http:\/\/www.24zabrze.pl\/wiadomosci\/?p=76541"},"modified":"2015-09-16T11:58:39","modified_gmt":"2015-09-16T09:58:39","slug":"obsuwa-w-strefie-tereny-wolniej-zbrojone","status":"publish","type":"post","link":"https:\/\/www.24zabrze.pl\/wiadomosci\/obsuwa-w-strefie-tereny-wolniej-zbrojone\/","title":{"rendered":"Obsuwa w strefie. Tereny wolniej zbrojone"},"content":{"rendered":"<div class=\"zabrz-a6-z-nad-leadem-artykulow zabrz-entity-placement\" id=\"zabrz-3813003326\"><div class=\"zabrz-adlabel\"><span style=\"font-size: 9px\">REKLAMA<\/span><\/div><div id=\"zabrz-3492549541\" style=\"margin-bottom: 30px;margin-left: auto;margin-right: auto;text-align: center;\"><a data-no-instant=\"1\" href=\"https:\/\/dom100.eu\/\" rel=\"noopener\" class=\"a2t-link\" target=\"_blank\" aria-label=\"20260415 DOM100 D\"><img loading=\"lazy\" decoding=\"async\" src=\"https:\/\/www.24zabrze.pl\/wiadomosci\/wp-content\/uploads\/2026\/02\/20260415-DOM100-D.jpg\" alt=\"\"  srcset=\"https:\/\/www.24zabrze.pl\/wiadomosci\/wp-content\/uploads\/2026\/02\/20260415-DOM100-D.jpg 750w, https:\/\/www.24zabrze.pl\/wiadomosci\/wp-content\/uploads\/2026\/02\/20260415-DOM100-D-410x109.jpg 410w\" sizes=\"(max-width: 750px) 100vw, 750px\" class=\"no-lazyload\" width=\"750\" height=\"200\"  style=\"display: inline-block; max-width: 100%; height: auto;\" \/><\/a><\/div><\/div><h3> Budowa infrastruktury na terenach strefy ekonomicznej mi\u0119dzy Mikulczycami i Rokitnic\u0105 op\u00f3\u017ania si\u0119 ju\u017c o dwa miesi\u0105ce. Nie nale\u017cy si\u0119 spodziewa\u0107 jej rych\u0142ego zako\u0144czenia. <\/h3>\n<p>Finisz prac mia\u0142 nast\u0105pi\u0107 w czerwcu, potem termin przesuni\u0119to na koniec sierpnia. Wykonawca, firma Drogomex, poprosi\u0142 jednak o przesuni\u0119cie terminu o dwa miesi\u0105ce, do ko\u0144ca pa\u017adziernika. <\/p><div class=\"zabrz-a3-z-w-tresci-artykulow zabrz-entity-placement\" id=\"zabrz-801409847\"><div class=\"zabrz-adlabel\"><span style=\"font-size: 9px\">REKLAMA<\/span><\/div><div id=\"zabrz-4224826838\" style=\"margin-bottom: 40px;margin-left: auto;margin-right: auto;text-align: center;\"><a data-no-instant=\"1\" href=\"https:\/\/ogrodyandersa.pl\/\" rel=\"noopener\" class=\"a2t-link\" target=\"_blank\" aria-label=\"20260415 Ogrody Andersa WYBIERZ MIESZKANIE D\"><img loading=\"lazy\" decoding=\"async\" src=\"https:\/\/www.24zabrze.pl\/wiadomosci\/wp-content\/uploads\/2026\/02\/20260415-Ogrody-Andersa-WYBIERZ-MIESZKANIE-D.jpg\" alt=\"\"  srcset=\"https:\/\/www.24zabrze.pl\/wiadomosci\/wp-content\/uploads\/2026\/02\/20260415-Ogrody-Andersa-WYBIERZ-MIESZKANIE-D.jpg 750w, https:\/\/www.24zabrze.pl\/wiadomosci\/wp-content\/uploads\/2026\/02\/20260415-Ogrody-Andersa-WYBIERZ-MIESZKANIE-D-410x109.jpg 410w\" sizes=\"(max-width: 750px) 100vw, 750px\" class=\"no-lazyload\" width=\"750\" height=\"200\"  style=\"display: inline-block; max-width: 100%; height: auto;\" \/><\/a><\/div><\/div>\n<p>&#8211; Uzasadnia\u0142 to przyczynami obiektywnymi, upaln\u0105 pogod\u0105, dwoma nieprzewidzianymi kolizjami podziemnymi &#8211; z wodoci\u0105giem i \u015bwiat\u0142owodami. Miasto zgodzi\u0142o si\u0119 na przesuni\u0119cie terminu o miesi\u0105c, do ko\u0144ca wrze\u015bnia ? wyja\u015bnia <strong>Leszek Szczygielski<\/strong>, naczelnik Wydzia\u0142u Inwestycji Urz\u0119du Miejskiego.  <\/p>\n<p>W ramach uzbrajania teren\u00f3w strefy powstaje 8 km nowych dr\u00f3g, 3 ronda, nowa sie\u0107 kanalizacji sanitarnej i deszczowej o d\u0142ugo\u015bci ponad 20 km, 6 km sieci wodoci\u0105gowej, nowa sie\u0107 gazowa, energetyczna i teleinformatyczna, a tak\u017ce tereny rekreacyjne i \u015bcie\u017cki rowerowe. Warto\u015b\u0107 tych prac to ponad 56 mln z\u0142, ale wi\u0119kszo\u015b\u0107, a\u017c 85 proc., Zabrze otrzyma\u0142o z Europejskiego Funduszu Rozwoju Regionalnego w ramach Regionalnego Programu Operacyjnego Wojew\u00f3dztwa \u015al\u0105skiego na lata 2007-2013. Uzbrojenie ma pom\u00f3c miastu w sprzeda\u017cy okolicznych teren\u00f3w.<\/p>\n<p>(TK)<\/p>\n","protected":false},"excerpt":{"rendered":"<p>Budowa infrastruktury na terenach strefy ekonomicznej mi\u0119dzy Mikulczycami i Rokitnic\u0105 op\u00f3\u017ania si\u0119 ju\u017c o dwa miesi\u0105ce. Nie nale\u017cy si\u0119 spodziewa\u0107 jej rych\u0142ego zako\u0144czenia. Finisz prac mia\u0142 nast\u0105pi\u0107 w czerwcu, potem termin przesuni\u0119to na koniec sierpnia. Wykonawca, firma Drogomex, poprosi\u0142 jednak o przesuni\u0119cie terminu o dwa miesi\u0105ce, do ko\u0144ca pa\u017adziernika. &#8211; Uzasadnia\u0142 to przyczynami obiektywnymi, upaln\u0105 [&hellip;]<\/p>\n","protected":false},"author":4,"featured_media":76542,"comment_status":"closed","ping_status":"closed","sticky":false,"template":"","format":"standard","meta":{"_monsterinsights_skip_tracking":false,"_monsterinsights_sitenote_active":false,"_monsterinsights_sitenote_note":"","_monsterinsights_sitenote_category":0,"footnotes":"","_links_to":"","_links_to_target":""},"categories":[8,9,1],"tags":[],"class_list":["post-76541","post","type-post","status-publish","format-standard","has-post-thumbnail","hentry","category-referendum","category-stronaglowna","category-wszystko"],"_links":{"self":[{"href":"https:\/\/www.24zabrze.pl\/wiadomosci\/wp-json\/wp\/v2\/posts\/76541","targetHints":{"allow":["GET"]}}],"collection":[{"href":"https:\/\/www.24zabrze.pl\/wiadomosci\/wp-json\/wp\/v2\/posts"}],"about":[{"href":"https:\/\/www.24zabrze.pl\/wiadomosci\/wp-json\/wp\/v2\/types\/post"}],"author":[{"embeddable":true,"href":"https:\/\/www.24zabrze.pl\/wiadomosci\/wp-json\/wp\/v2\/users\/4"}],"replies":[{"embeddable":true,"href":"https:\/\/www.24zabrze.pl\/wiadomosci\/wp-json\/wp\/v2\/comments?post=76541"}],"version-history":[{"count":0,"href":"https:\/\/www.24zabrze.pl\/wiadomosci\/wp-json\/wp\/v2\/posts\/76541\/revisions"}],"wp:featuredmedia":[{"embeddable":true,"href":"https:\/\/www.24zabrze.pl\/wiadomosci\/wp-json\/wp\/v2\/media\/76542"}],"wp:attachment":[{"href":"https:\/\/www.24zabrze.pl\/wiadomosci\/wp-json\/wp\/v2\/media?parent=76541"}],"wp:term":[{"taxonomy":"category","embeddable":true,"href":"https:\/\/www.24zabrze.pl\/wiadomosci\/wp-json\/wp\/v2\/categories?post=76541"},{"taxonomy":"post_tag","embeddable":true,"href":"https:\/\/www.24zabrze.pl\/wiadomosci\/wp-json\/wp\/v2\/tags?post=76541"}],"curies":[{"name":"wp","href":"https:\/\/api.w.org\/{rel}","templated":true}]}}