{"id":76438,"date":"2015-09-10T12:25:17","date_gmt":"2015-09-10T10:25:17","guid":{"rendered":"http:\/\/www.24zabrze.pl\/wiadomosci\/?p=76438"},"modified":"2015-09-10T12:25:17","modified_gmt":"2015-09-10T10:25:17","slug":"powstaje-szlak-wiez-cisnien-a-w-zabrzu-mamy-prawdziwa-perelke","status":"publish","type":"post","link":"https:\/\/www.24zabrze.pl\/wiadomosci\/powstaje-szlak-wiez-cisnien-a-w-zabrzu-mamy-prawdziwa-perelke\/","title":{"rendered":"Powstaje Szlak Wie\u017c Ci\u015bnie\u0144. A w Zabrzu mamy prawdziw\u0105 pere\u0142k\u0119"},"content":{"rendered":"<div class=\"zabrz-a6-z-nad-leadem-artykulow zabrz-entity-placement\" id=\"zabrz-3116932705\"><div class=\"zabrz-adlabel\"><span style=\"font-size: 9px\">REKLAMA<\/span><\/div><div id=\"zabrz-2371562744\" style=\"margin-bottom: 30px;margin-left: auto;margin-right: auto;text-align: center;\"><a data-no-instant=\"1\" href=\"https:\/\/dom100.eu\/\" rel=\"noopener\" class=\"a2t-link\" target=\"_blank\" aria-label=\"20260415 DOM100 D\"><img loading=\"lazy\" decoding=\"async\" src=\"https:\/\/www.24zabrze.pl\/wiadomosci\/wp-content\/uploads\/2026\/02\/20260415-DOM100-D.jpg\" alt=\"\"  srcset=\"https:\/\/www.24zabrze.pl\/wiadomosci\/wp-content\/uploads\/2026\/02\/20260415-DOM100-D.jpg 750w, https:\/\/www.24zabrze.pl\/wiadomosci\/wp-content\/uploads\/2026\/02\/20260415-DOM100-D-410x109.jpg 410w\" sizes=\"(max-width: 750px) 100vw, 750px\" class=\"no-lazyload\" width=\"750\" height=\"200\"  style=\"display: inline-block; max-width: 100%; height: auto;\" \/><\/a><\/div><\/div><h3> Dawne wie\u017ce wodne maj\u0105 stanowi\u0107 uzupe\u0142nienie Szlaku Zabytk\u00f3w Techniki. Na \u015al\u0105sku jest ich mn\u00f3stwo. Jedna z najwi\u0119kszych mie\u015bci si\u0119 w\u0142a\u015bnie w Zabrzu. <\/h3>\n<p>Wie\u017ce ci\u015bnie\u0144 s\u0105 sta\u0142ym elementem krajobrazu \u015al\u0105ska. W ca\u0142ym regionie jest ich ponad setka. Jedna z najwi\u0119kszych, pot\u0119\u017cna wie\u017ca o\u015bmiofilarowa z lokalami mieszkalnymi, znajduje si\u0119 w Zabrzu przy ulicy Zamoyskiego. Zbudowano j\u0105 w 1909 roku, wed\u0142ug projektu niemieckich architekt\u00f3w  Augusta Kinda i Friedricha Loose. Monumentalny obiekt o wysoko\u015bci 46 m nie ma odpowiednika na terenie Polski, jego bry\u0142a, kt\u00f3rej zasadnicz\u0105 konstrukcj\u0119 stanowi 8 filar\u00f3w na o\u015bmioboku foremnym, dor\u00f3wnuje klas\u0105 najwybitniejszym osi\u0105gni\u0119ciom \u015bwiatowej architektury przemys\u0142owej. <\/p><div class=\"zabrz-a3-z-w-tresci-artykulow zabrz-entity-placement\" id=\"zabrz-2828450281\"><div class=\"zabrz-adlabel\"><span style=\"font-size: 9px\">REKLAMA<\/span><\/div><div id=\"zabrz-3867040844\" style=\"margin-bottom: 40px;margin-left: auto;margin-right: auto;text-align: center;\"><a data-no-instant=\"1\" href=\"https:\/\/ogrodyandersa.pl\/\" rel=\"noopener\" class=\"a2t-link\" target=\"_blank\" aria-label=\"20260415 Ogrody Andersa WYBIERZ MIESZKANIE D\"><img loading=\"lazy\" decoding=\"async\" src=\"https:\/\/www.24zabrze.pl\/wiadomosci\/wp-content\/uploads\/2026\/02\/20260415-Ogrody-Andersa-WYBIERZ-MIESZKANIE-D.jpg\" alt=\"\"  srcset=\"https:\/\/www.24zabrze.pl\/wiadomosci\/wp-content\/uploads\/2026\/02\/20260415-Ogrody-Andersa-WYBIERZ-MIESZKANIE-D.jpg 750w, https:\/\/www.24zabrze.pl\/wiadomosci\/wp-content\/uploads\/2026\/02\/20260415-Ogrody-Andersa-WYBIERZ-MIESZKANIE-D-410x109.jpg 410w\" sizes=\"(max-width: 750px) 100vw, 750px\" class=\"no-lazyload\" width=\"750\" height=\"200\"  style=\"display: inline-block; max-width: 100%; height: auto;\" \/><\/a><\/div><\/div>\n<p>&#8211; To jedna z zabrza\u0144skich ikon, niezwyk\u0142y obiekt, wpisany w pejza\u017c miasta. Miasto mog\u0142oby z niego stworzy\u0107 wizyt\u00f3wk\u0119 Zabrza jako pr\u0119\u017cnego o\u015brodka turystyki poprzemys\u0142owej. Tylko trzeba wymy\u015bli\u0107 dla niego odpowiedni\u0105 funkcj\u0119, by na nowo zainteresowa\u0107 nim mieszka\u0144c\u00f3w i turyst\u00f3w ? m\u00f3wi\u0142 niedawno na \u0142amach lokalnych medi\u00f3w historyk <strong>Dariusz Walerja\u0144ski<\/strong>, pasjonat zabrza\u0144skich zabytk\u00f3w poprzemys\u0142owych.<\/p>\n<p>Pomys\u0142 na zagospodarowanie wie\u017c ma Kongres Ochrony Zabytk\u00f3w. Tworz\u0105cy go spo\u0142ecznicy zamierzaj\u0105 uczyni\u0107 z nich atrakcj\u0119 turystyczn\u0105. <\/p>\n<p><strong>Kamil \u017bbikowski<\/strong>, jeden z koordynator\u00f3w projektu \u015al\u0105ski Szlak Wie\u017c Ci\u015bnie\u0144 przekonuje o ich walorach poznawczych i historycznych. <\/p>\n<p>&#8211; Wie\u017ce s\u0105 symbolem przemys\u0142owego rodowodu regionu. Funkcjonowa\u0142y przy hutach, przy torach, gdzie zasila\u0142y w wod\u0119 parowozy. S\u0105 wci\u0105\u017c obecne, ale tak naprawd\u0119, zw\u0142aszcza m\u0142ode pokolenie nie bardzo wie, do czego s\u0142u\u017cy\u0142y &#8211; podkre\u015blaj\u0105 pomys\u0142odawcy \u015al\u0105skiego Szlaku Wie\u017c Ci\u015bnie\u0144.  <\/p>\n<p>Kongres Ochrony Zabytk\u00f3w zamierza uruchomi\u0107 stron\u0119 internetow\u0105 szlaku, a nast\u0119pnie nanie\u015b\u0107 wszystkie obiekty na map\u0119, co umo\u017cliwi w przysz\u0142o\u015bci organizowanie wycieczek. Mapy r\u00f3\u017cnych miast z naniesionymi na nie wskaz\u00f3wkami, gdzie mo\u017cna szuka\u0107 wie\u017cy, zostan\u0105 przygotowane w wydaniu papierowym.<\/p>\n<p>(TK)<\/p>\n","protected":false},"excerpt":{"rendered":"<p>Dawne wie\u017ce wodne maj\u0105 stanowi\u0107 uzupe\u0142nienie Szlaku Zabytk\u00f3w Techniki. Na \u015al\u0105sku jest ich mn\u00f3stwo. Jedna z najwi\u0119kszych mie\u015bci si\u0119 w\u0142a\u015bnie w Zabrzu. Wie\u017ce ci\u015bnie\u0144 s\u0105 sta\u0142ym elementem krajobrazu \u015al\u0105ska. W ca\u0142ym regionie jest ich ponad setka. Jedna z najwi\u0119kszych, pot\u0119\u017cna wie\u017ca o\u015bmiofilarowa z lokalami mieszkalnymi, znajduje si\u0119 w Zabrzu przy ulicy Zamoyskiego. Zbudowano j\u0105 w [&hellip;]<\/p>\n","protected":false},"author":4,"featured_media":76439,"comment_status":"closed","ping_status":"closed","sticky":false,"template":"","format":"standard","meta":{"_monsterinsights_skip_tracking":false,"_monsterinsights_sitenote_active":false,"_monsterinsights_sitenote_note":"","_monsterinsights_sitenote_category":0,"footnotes":"","_links_to":"","_links_to_target":""},"categories":[8,9,1],"tags":[],"class_list":["post-76438","post","type-post","status-publish","format-standard","has-post-thumbnail","hentry","category-referendum","category-stronaglowna","category-wszystko"],"_links":{"self":[{"href":"https:\/\/www.24zabrze.pl\/wiadomosci\/wp-json\/wp\/v2\/posts\/76438","targetHints":{"allow":["GET"]}}],"collection":[{"href":"https:\/\/www.24zabrze.pl\/wiadomosci\/wp-json\/wp\/v2\/posts"}],"about":[{"href":"https:\/\/www.24zabrze.pl\/wiadomosci\/wp-json\/wp\/v2\/types\/post"}],"author":[{"embeddable":true,"href":"https:\/\/www.24zabrze.pl\/wiadomosci\/wp-json\/wp\/v2\/users\/4"}],"replies":[{"embeddable":true,"href":"https:\/\/www.24zabrze.pl\/wiadomosci\/wp-json\/wp\/v2\/comments?post=76438"}],"version-history":[{"count":0,"href":"https:\/\/www.24zabrze.pl\/wiadomosci\/wp-json\/wp\/v2\/posts\/76438\/revisions"}],"wp:featuredmedia":[{"embeddable":true,"href":"https:\/\/www.24zabrze.pl\/wiadomosci\/wp-json\/wp\/v2\/media\/76439"}],"wp:attachment":[{"href":"https:\/\/www.24zabrze.pl\/wiadomosci\/wp-json\/wp\/v2\/media?parent=76438"}],"wp:term":[{"taxonomy":"category","embeddable":true,"href":"https:\/\/www.24zabrze.pl\/wiadomosci\/wp-json\/wp\/v2\/categories?post=76438"},{"taxonomy":"post_tag","embeddable":true,"href":"https:\/\/www.24zabrze.pl\/wiadomosci\/wp-json\/wp\/v2\/tags?post=76438"}],"curies":[{"name":"wp","href":"https:\/\/api.w.org\/{rel}","templated":true}]}}