{"id":76391,"date":"2015-09-08T13:49:04","date_gmt":"2015-09-08T11:49:04","guid":{"rendered":"http:\/\/www.24zabrze.pl\/wiadomosci\/?p=76391"},"modified":"2015-09-09T00:04:05","modified_gmt":"2015-09-08T22:04:05","slug":"coraz-blizej-otwarcia-kardio-med-silesii-to-bedzie-kolejna-medyczna-wizytowka-miasta-galeria-zdjec","status":"publish","type":"post","link":"https:\/\/www.24zabrze.pl\/wiadomosci\/coraz-blizej-otwarcia-kardio-med-silesii-to-bedzie-kolejna-medyczna-wizytowka-miasta-galeria-zdjec\/","title":{"rendered":"Coraz bli\u017cej otwarcia Kardio-Med Silesii. To b\u0119dzie kolejna medyczna wizyt\u00f3wka miasta [GALERIA ZDJ\u0118\u0106]"},"content":{"rendered":"<div class=\"zabrz-a6-z-nad-leadem-artykulow zabrz-entity-placement\" id=\"zabrz-2596415002\"><div class=\"zabrz-adlabel\"><span style=\"font-size: 9px\">REKLAMA<\/span><\/div><div id=\"zabrz-1565840144\" style=\"margin-bottom: 30px;margin-left: auto;margin-right: auto;text-align: center;\"><a data-no-instant=\"1\" href=\"https:\/\/dom100.eu\/\" rel=\"noopener\" class=\"a2t-link\" target=\"_blank\" aria-label=\"20260415 DOM100 D\"><img loading=\"lazy\" decoding=\"async\" src=\"https:\/\/www.24zabrze.pl\/wiadomosci\/wp-content\/uploads\/2026\/02\/20260415-DOM100-D.jpg\" alt=\"\"  srcset=\"https:\/\/www.24zabrze.pl\/wiadomosci\/wp-content\/uploads\/2026\/02\/20260415-DOM100-D.jpg 750w, https:\/\/www.24zabrze.pl\/wiadomosci\/wp-content\/uploads\/2026\/02\/20260415-DOM100-D-410x109.jpg 410w\" sizes=\"(max-width: 750px) 100vw, 750px\" class=\"no-lazyload\" width=\"750\" height=\"200\"  style=\"display: inline-block; max-width: 100%; height: auto;\" \/><\/a><\/div><\/div><h3> Na 21 wrze\u015bnia zaplanowano otwarcie \u015al\u0105skiego Parku Technologii Medycznych. To pierwsza taka plac\u00f3wka w regionie. Jej zadaniem jest wdra\u017canie nowych rozwi\u0105za\u0144 zwi\u0105zanych z nauk\u0105, medycyn\u0105 i bioin\u017cynieri\u0105. <\/h3>\n<p>\u015al\u0105ski Park Technologii Medycznych to inwestycja sp\u00f3\u0142ki Kardio-Med Silesia. Jej udzia\u0142owcami s\u0105  Fundacja \u015al\u0105skiego Centrum Chor\u00f3b Serca, Fundacja Rozwoju Kardiochirurgii i zabrza\u0144ski samorz\u0105d. Pawilon powsta\u0142 w bezpo\u015brednim s\u0105siedztwie \u015aCCS, pomi\u0119dzy ulicami Cieszy\u0144sk\u0105 i Marii Curie-Sk\u0142odowskiej. B\u0119d\u0105 w nim dzia\u0142a\u0107 m.in. Centrum Rozwoju Technologii Medycznych, Laboratorium Medycyny Regeneracyjnej i Izolowanych Tkanek i Narz\u0105d\u00f3w, Laboratorium Genomiki, Laboratorium Testowo-Wdro\u017ceniowe Nowych Technologii i Rozwi\u0105za\u0144 Medycznych, oraz Laboratorium Zagro\u017ce\u0144 \u015arodowiskowych i Cywilizacyjnych. Przygotowana infrastruktura umo\u017cliwi prowadzenie bada\u0144 przedklinicznych i klinicznych w obszarach kardiologii, kardiologii interwencyjnej, kardiochirurgii, onkologii, diabetologii, geriatrii, genomiki oraz obszarze chor\u00f3b \u015brodowiskowych i cywilizacyjnych.<\/p><div class=\"zabrz-a3-z-w-tresci-artykulow zabrz-entity-placement\" id=\"zabrz-962498021\"><div class=\"zabrz-adlabel\"><span style=\"font-size: 9px\">REKLAMA<\/span><\/div><div id=\"zabrz-1578028732\" style=\"margin-bottom: 40px;margin-left: auto;margin-right: auto;text-align: center;\"><a data-no-instant=\"1\" href=\"https:\/\/ogrodyandersa.pl\/\" rel=\"noopener\" class=\"a2t-link\" target=\"_blank\" aria-label=\"20260415 Ogrody Andersa WYBIERZ MIESZKANIE D\"><img loading=\"lazy\" decoding=\"async\" src=\"https:\/\/www.24zabrze.pl\/wiadomosci\/wp-content\/uploads\/2026\/02\/20260415-Ogrody-Andersa-WYBIERZ-MIESZKANIE-D.jpg\" alt=\"\"  srcset=\"https:\/\/www.24zabrze.pl\/wiadomosci\/wp-content\/uploads\/2026\/02\/20260415-Ogrody-Andersa-WYBIERZ-MIESZKANIE-D.jpg 750w, https:\/\/www.24zabrze.pl\/wiadomosci\/wp-content\/uploads\/2026\/02\/20260415-Ogrody-Andersa-WYBIERZ-MIESZKANIE-D-410x109.jpg 410w\" sizes=\"(max-width: 750px) 100vw, 750px\" class=\"no-lazyload\" width=\"750\" height=\"200\"  style=\"display: inline-block; max-width: 100%; height: auto;\" \/><\/a><\/div><\/div>\n<p>&#8211; W centrum naszych dzia\u0142a\u0144 jest chory. To z my\u015bl\u0105 o nim powsta\u0142 \u015al\u0105ski Park Technologii Medycznych ? podkre\u015bla prezydent Zabrza, <strong>Ma\u0142gorzata Ma\u0144ka-Szulik<\/strong>. &#8211; W nowej perspektywie finansowej Unia Europejska zamierza wspiera\u0107 przede wszystkim projekty oparte o innowacje. A te objawiaj\u0105 si\u0119 w Zabrzu na wielu p\u0142aszczyznach. Budowa Parku Technologii Medycznych to kolejny wa\u017cny krok w rozwoju naszego miasta. \u015al\u0105ski Park Technologii Medycznych umo\u017cliwi spi\u0119cie swoist\u0105 klamr\u0105 przedsi\u0119wzi\u0119\u0107 podejmowanych w Zabrzu do tej pory &#8211; zaznacza Adam Konka, prezes Kardio-Med Silesia, zwracaj\u0105c uwag\u0119, \u017ce zabrza\u0144ska inwestycja jest niestandardowym i unikatowym przedsi\u0119wzi\u0119ciem w skali kraju.<\/p>\n<p>&#8211; Zabrze to miasto bardzo otwarte na innowacyjne przedsi\u0119wzi\u0119cia. W przypadku Parku Technologii Medycznych mamy ju\u017c do czynienia z kolejnym projektem tego typu. Jestem przekonany, \u017ce razem stworzymy siln\u0105 mark\u0119 i prawdziw\u0105 dolin\u0119 technologii medycznych &#8211; podsumowuje prof. <strong>Marek Gzik<\/strong>, dziekan dzia\u0142aj\u0105cego w Zabrzu Wydzia\u0142u In\u017cynierii Biomedycznej Politechniki \u015al\u0105skiej. <\/p>\n<p>Koszt stworzenia \u015al\u0105skiego Parku Technologii Medycznych szacowany by\u0142 pierwotnie na 29 mln z\u0142. Ostatecznie obiekt zosta\u0142 wybudowany i wyposa\u017cony za kwot\u0119 19,5 mln z\u0142 brutto. Projekt by\u0142 realizowany w 60 procentach z dotacji Urz\u0119du Marsza\u0142kowskiego Wojew\u00f3dztwa \u015al\u0105skiego.<\/p>\n<p>(TK)<\/p>\n<div id='gallery-1' class='vce-gallery gallery galleryid-76391 gallery-columns-3 gallery-size-vce-lay-b'><div class=\"vce-gallery-big\"><div class=\"big-gallery-item item-0\" >\n\t\t\t<div class='gallery-icon'>\n\t\t\t\t<a href='https:\/\/www.24zabrze.pl\/wiadomosci\/wp-content\/uploads\/2015\/09\/1-001.jpg'><img loading=\"lazy\" decoding=\"async\" width=\"810\" height=\"472\" src=\"https:\/\/www.24zabrze.pl\/wiadomosci\/wp-content\/uploads\/2015\/09\/1-001-810x472.jpg\" class=\"attachment-vce-lay-a size-vce-lay-a\" alt=\"\" srcset=\"https:\/\/www.24zabrze.pl\/wiadomosci\/wp-content\/uploads\/2015\/09\/1-001.jpg 810w, https:\/\/www.24zabrze.pl\/wiadomosci\/wp-content\/uploads\/2015\/09\/1-001-768x448.jpg 768w, https:\/\/www.24zabrze.pl\/wiadomosci\/wp-content\/uploads\/2015\/09\/1-001-398x232.jpg 398w, https:\/\/www.24zabrze.pl\/wiadomosci\/wp-content\/uploads\/2015\/09\/1-001-781x455.jpg 781w, https:\/\/www.24zabrze.pl\/wiadomosci\/wp-content\/uploads\/2015\/09\/1-001-600x350.jpg 600w\" sizes=\"auto, (max-width: 810px) 100vw, 810px\" \/><\/a>\n\t\t\t<\/div><\/div><div class=\"big-gallery-item item-1\" style=\"display:none;\">\n\t\t\t<div class='gallery-icon'>\n\t\t\t\t<a href='https:\/\/www.24zabrze.pl\/wiadomosci\/wp-content\/uploads\/2015\/09\/3-001.jpg'><img loading=\"lazy\" decoding=\"async\" width=\"810\" height=\"415\" src=\"https:\/\/www.24zabrze.pl\/wiadomosci\/wp-content\/uploads\/2015\/09\/3-001-810x415.jpg\" class=\"attachment-vce-lay-a size-vce-lay-a\" alt=\"\" srcset=\"https:\/\/www.24zabrze.pl\/wiadomosci\/wp-content\/uploads\/2015\/09\/3-001.jpg 810w, https:\/\/www.24zabrze.pl\/wiadomosci\/wp-content\/uploads\/2015\/09\/3-001-768x393.jpg 768w, https:\/\/www.24zabrze.pl\/wiadomosci\/wp-content\/uploads\/2015\/09\/3-001-410x210.jpg 410w, https:\/\/www.24zabrze.pl\/wiadomosci\/wp-content\/uploads\/2015\/09\/3-001-600x307.jpg 600w\" sizes=\"auto, (max-width: 810px) 100vw, 810px\" \/><\/a>\n\t\t\t<\/div><\/div><div class=\"big-gallery-item item-2\" style=\"display:none;\">\n\t\t\t<div class='gallery-icon'>\n\t\t\t\t<a href='https:\/\/www.24zabrze.pl\/wiadomosci\/wp-content\/uploads\/2015\/09\/4-001.jpg'><img loading=\"lazy\" decoding=\"async\" width=\"810\" height=\"440\" src=\"https:\/\/www.24zabrze.pl\/wiadomosci\/wp-content\/uploads\/2015\/09\/4-001-810x440.jpg\" class=\"attachment-vce-lay-a size-vce-lay-a\" alt=\"\" srcset=\"https:\/\/www.24zabrze.pl\/wiadomosci\/wp-content\/uploads\/2015\/09\/4-001.jpg 810w, https:\/\/www.24zabrze.pl\/wiadomosci\/wp-content\/uploads\/2015\/09\/4-001-768x417.jpg 768w, https:\/\/www.24zabrze.pl\/wiadomosci\/wp-content\/uploads\/2015\/09\/4-001-410x223.jpg 410w, https:\/\/www.24zabrze.pl\/wiadomosci\/wp-content\/uploads\/2015\/09\/4-001-600x326.jpg 600w\" sizes=\"auto, (max-width: 810px) 100vw, 810px\" \/><\/a>\n\t\t\t<\/div><\/div><\/div><div class=\"vce-gallery-slider\" data-columns=\"3\"><figure class='gallery-item' data-item='0'>\n\t\t\t<div class='gallery-icon landscape'>\n\t\t\t\t<a href='https:\/\/www.24zabrze.pl\/wiadomosci\/wp-content\/uploads\/2015\/09\/1-001.jpg'><img loading=\"lazy\" decoding=\"async\" width=\"375\" height=\"195\" src=\"https:\/\/www.24zabrze.pl\/wiadomosci\/wp-content\/uploads\/2015\/09\/1-001-375x195.jpg\" class=\"attachment-vce-lay-b size-vce-lay-b\" alt=\"\" \/><\/a>\n\t\t\t<\/div><\/figure><figure class='gallery-item' data-item='1'>\n\t\t\t<div class='gallery-icon landscape'>\n\t\t\t\t<a href='https:\/\/www.24zabrze.pl\/wiadomosci\/wp-content\/uploads\/2015\/09\/3-001.jpg'><img loading=\"lazy\" decoding=\"async\" width=\"375\" height=\"195\" src=\"https:\/\/www.24zabrze.pl\/wiadomosci\/wp-content\/uploads\/2015\/09\/3-001-375x195.jpg\" class=\"attachment-vce-lay-b size-vce-lay-b\" alt=\"\" \/><\/a>\n\t\t\t<\/div><\/figure><figure class='gallery-item' data-item='2'>\n\t\t\t<div class='gallery-icon landscape'>\n\t\t\t\t<a href='https:\/\/www.24zabrze.pl\/wiadomosci\/wp-content\/uploads\/2015\/09\/4-001.jpg'><img loading=\"lazy\" decoding=\"async\" width=\"375\" height=\"195\" src=\"https:\/\/www.24zabrze.pl\/wiadomosci\/wp-content\/uploads\/2015\/09\/4-001-375x195.jpg\" class=\"attachment-vce-lay-b size-vce-lay-b\" alt=\"\" \/><\/a>\n\t\t\t<\/div><\/figure><\/div><\/div>\n\n","protected":false},"excerpt":{"rendered":"<p>Na 21 wrze\u015bnia zaplanowano otwarcie \u015al\u0105skiego Parku Technologii Medycznych. To pierwsza taka plac\u00f3wka w regionie. Jej zadaniem jest wdra\u017canie nowych rozwi\u0105za\u0144 zwi\u0105zanych z nauk\u0105, medycyn\u0105 i bioin\u017cynieri\u0105. \u015al\u0105ski Park Technologii Medycznych to inwestycja sp\u00f3\u0142ki Kardio-Med Silesia. Jej udzia\u0142owcami s\u0105 Fundacja \u015al\u0105skiego Centrum Chor\u00f3b Serca, Fundacja Rozwoju Kardiochirurgii i zabrza\u0144ski samorz\u0105d. Pawilon powsta\u0142 w bezpo\u015brednim s\u0105siedztwie [&hellip;]<\/p>\n","protected":false},"author":4,"featured_media":76392,"comment_status":"closed","ping_status":"closed","sticky":false,"template":"","format":"standard","meta":{"_monsterinsights_skip_tracking":false,"_monsterinsights_sitenote_active":false,"_monsterinsights_sitenote_note":"","_monsterinsights_sitenote_category":0,"footnotes":"","_links_to":"","_links_to_target":""},"categories":[8,9,1],"tags":[],"class_list":["post-76391","post","type-post","status-publish","format-standard","has-post-thumbnail","hentry","category-referendum","category-stronaglowna","category-wszystko"],"_links":{"self":[{"href":"https:\/\/www.24zabrze.pl\/wiadomosci\/wp-json\/wp\/v2\/posts\/76391","targetHints":{"allow":["GET"]}}],"collection":[{"href":"https:\/\/www.24zabrze.pl\/wiadomosci\/wp-json\/wp\/v2\/posts"}],"about":[{"href":"https:\/\/www.24zabrze.pl\/wiadomosci\/wp-json\/wp\/v2\/types\/post"}],"author":[{"embeddable":true,"href":"https:\/\/www.24zabrze.pl\/wiadomosci\/wp-json\/wp\/v2\/users\/4"}],"replies":[{"embeddable":true,"href":"https:\/\/www.24zabrze.pl\/wiadomosci\/wp-json\/wp\/v2\/comments?post=76391"}],"version-history":[{"count":0,"href":"https:\/\/www.24zabrze.pl\/wiadomosci\/wp-json\/wp\/v2\/posts\/76391\/revisions"}],"wp:featuredmedia":[{"embeddable":true,"href":"https:\/\/www.24zabrze.pl\/wiadomosci\/wp-json\/wp\/v2\/media\/76392"}],"wp:attachment":[{"href":"https:\/\/www.24zabrze.pl\/wiadomosci\/wp-json\/wp\/v2\/media?parent=76391"}],"wp:term":[{"taxonomy":"category","embeddable":true,"href":"https:\/\/www.24zabrze.pl\/wiadomosci\/wp-json\/wp\/v2\/categories?post=76391"},{"taxonomy":"post_tag","embeddable":true,"href":"https:\/\/www.24zabrze.pl\/wiadomosci\/wp-json\/wp\/v2\/tags?post=76391"}],"curies":[{"name":"wp","href":"https:\/\/api.w.org\/{rel}","templated":true}]}}