{"id":76385,"date":"2015-09-07T15:38:45","date_gmt":"2015-09-07T13:38:45","guid":{"rendered":"http:\/\/www.24zabrze.pl\/wiadomosci\/?p=76385"},"modified":"2015-09-07T15:38:45","modified_gmt":"2015-09-07T13:38:45","slug":"rocznica-tragedii-gornoslaskiej-w-rokitnicy-zostanie-wmurowana-tablica-upamietniajaca-tamte-wydarzenia","status":"publish","type":"post","link":"https:\/\/www.24zabrze.pl\/wiadomosci\/rocznica-tragedii-gornoslaskiej-w-rokitnicy-zostanie-wmurowana-tablica-upamietniajaca-tamte-wydarzenia\/","title":{"rendered":"Rocznica Tragedii G\u00f3rno\u015bl\u0105skiej. W Rokitnicy zostanie wmurowana tablica upami\u0119tniaj\u0105ca tamte wydarzenia"},"content":{"rendered":"<div class=\"zabrz-a6-z-nad-leadem-artykulow zabrz-entity-placement\" id=\"zabrz-1993206818\"><div class=\"zabrz-adlabel\"><span style=\"font-size: 9px\">REKLAMA<\/span><\/div><div id=\"zabrz-3313958853\" style=\"margin-bottom: 30px;margin-left: auto;margin-right: auto;text-align: center;\"><a data-no-instant=\"1\" href=\"https:\/\/dom100.eu\/\" rel=\"noopener\" class=\"a2t-link\" target=\"_blank\" aria-label=\"20260415 DOM100 D\"><img loading=\"lazy\" decoding=\"async\" src=\"https:\/\/www.24zabrze.pl\/wiadomosci\/wp-content\/uploads\/2026\/02\/20260415-DOM100-D.jpg\" alt=\"\"  srcset=\"https:\/\/www.24zabrze.pl\/wiadomosci\/wp-content\/uploads\/2026\/02\/20260415-DOM100-D.jpg 750w, https:\/\/www.24zabrze.pl\/wiadomosci\/wp-content\/uploads\/2026\/02\/20260415-DOM100-D-410x109.jpg 410w\" sizes=\"(max-width: 750px) 100vw, 750px\" class=\"no-lazyload\" width=\"750\" height=\"200\"  style=\"display: inline-block; max-width: 100%; height: auto;\" \/><\/a><\/div><\/div><h3> Tablica znajdzie si\u0119 na \u015bcianie miejscowego ratusza, przy ulicy Jordana. Akcja jest inicjatyw\u0105 Towarzystwa Mi\u0142o\u015bnik\u00f3w Rokitnicy. <\/h3>\n<p>W 1945 roku, po wkroczeniu Armii Czerwonej do Zabrza, masowo wywo\u017cono mieszka\u0144c\u00f3w &#8211; z Rokitnicy zabrano 1800 os\u00f3b, z Mikulczyc, kolejne 2 tysi\u0105ce. <\/p><div class=\"zabrz-a3-z-w-tresci-artykulow zabrz-entity-placement\" id=\"zabrz-3689991433\"><div class=\"zabrz-adlabel\"><span style=\"font-size: 9px\">REKLAMA<\/span><\/div><div id=\"zabrz-4097146378\" style=\"margin-bottom: 40px;margin-left: auto;margin-right: auto;text-align: center;\"><a data-no-instant=\"1\" href=\"https:\/\/ogrodyandersa.pl\/\" rel=\"noopener\" class=\"a2t-link\" target=\"_blank\" aria-label=\"20260415 Ogrody Andersa WYBIERZ MIESZKANIE D\"><img loading=\"lazy\" decoding=\"async\" src=\"https:\/\/www.24zabrze.pl\/wiadomosci\/wp-content\/uploads\/2026\/02\/20260415-Ogrody-Andersa-WYBIERZ-MIESZKANIE-D.jpg\" alt=\"\"  srcset=\"https:\/\/www.24zabrze.pl\/wiadomosci\/wp-content\/uploads\/2026\/02\/20260415-Ogrody-Andersa-WYBIERZ-MIESZKANIE-D.jpg 750w, https:\/\/www.24zabrze.pl\/wiadomosci\/wp-content\/uploads\/2026\/02\/20260415-Ogrody-Andersa-WYBIERZ-MIESZKANIE-D-410x109.jpg 410w\" sizes=\"(max-width: 750px) 100vw, 750px\" class=\"no-lazyload\" width=\"750\" height=\"200\"  style=\"display: inline-block; max-width: 100%; height: auto;\" \/><\/a><\/div><\/div>\n<p>Inicjatyw\u0105 zainteresowa\u0142o si\u0119 tak\u017ce Gimnazjum nr 24 z Helenki. <\/p>\n<p>? Kiedy\u015b byli\u015bmy jedn\u0105 dzielnic\u0105. Jeszcze we wrze\u015bniu odb\u0119d\u0105 si\u0119 tam lekcje na ten temat wyw\u00f3zek ludno\u015bci g\u00f3rno\u015bl\u0105skiej ? wyja\u015bnia <strong>Stanis\u0142awa Mikulak<\/strong>, prezes Towarzystwa Mi\u0142o\u015bnik\u00f3w Rokitnicy. <\/p>\n<p>Napis na tablicy konsultowano ze <strong>Zbigniewem Go\u0142aszem<\/strong>, historykiem ze \u015bl\u0105skiego oddzia\u0142u Instytutu Pami\u0119ci Narodowej. Brzmi on: <\/p>\n<p><strong>?Pami\u0119ci mieszka\u0144c\u00f3w Rokitnicy internowanych i deportowanych do Rosji Sowieckiej w 1945 roku oraz przetrzymywanych w obozach pracy na G\u00f3rnym \u015al\u0105sku?. <\/strong><\/p>\n<p>Tablica zostanie wmurowana w listopadzie. W tym roku mija 70 lat od tamtych dramatycznych w historii regionu wydarze\u0144. <\/p>\n<p>(TK)<\/p>\n","protected":false},"excerpt":{"rendered":"<p>Tablica znajdzie si\u0119 na \u015bcianie miejscowego ratusza, przy ulicy Jordana. Akcja jest inicjatyw\u0105 Towarzystwa Mi\u0142o\u015bnik\u00f3w Rokitnicy. W 1945 roku, po wkroczeniu Armii Czerwonej do Zabrza, masowo wywo\u017cono mieszka\u0144c\u00f3w &#8211; z Rokitnicy zabrano 1800 os\u00f3b, z Mikulczyc, kolejne 2 tysi\u0105ce. Inicjatyw\u0105 zainteresowa\u0142o si\u0119 tak\u017ce Gimnazjum nr 24 z Helenki. ? Kiedy\u015b byli\u015bmy jedn\u0105 dzielnic\u0105. Jeszcze we [&hellip;]<\/p>\n","protected":false},"author":4,"featured_media":76386,"comment_status":"closed","ping_status":"closed","sticky":false,"template":"","format":"standard","meta":{"_monsterinsights_skip_tracking":false,"_monsterinsights_sitenote_active":false,"_monsterinsights_sitenote_note":"","_monsterinsights_sitenote_category":0,"footnotes":"","_links_to":"","_links_to_target":""},"categories":[8,9,1],"tags":[],"class_list":["post-76385","post","type-post","status-publish","format-standard","has-post-thumbnail","hentry","category-referendum","category-stronaglowna","category-wszystko"],"_links":{"self":[{"href":"https:\/\/www.24zabrze.pl\/wiadomosci\/wp-json\/wp\/v2\/posts\/76385","targetHints":{"allow":["GET"]}}],"collection":[{"href":"https:\/\/www.24zabrze.pl\/wiadomosci\/wp-json\/wp\/v2\/posts"}],"about":[{"href":"https:\/\/www.24zabrze.pl\/wiadomosci\/wp-json\/wp\/v2\/types\/post"}],"author":[{"embeddable":true,"href":"https:\/\/www.24zabrze.pl\/wiadomosci\/wp-json\/wp\/v2\/users\/4"}],"replies":[{"embeddable":true,"href":"https:\/\/www.24zabrze.pl\/wiadomosci\/wp-json\/wp\/v2\/comments?post=76385"}],"version-history":[{"count":0,"href":"https:\/\/www.24zabrze.pl\/wiadomosci\/wp-json\/wp\/v2\/posts\/76385\/revisions"}],"wp:featuredmedia":[{"embeddable":true,"href":"https:\/\/www.24zabrze.pl\/wiadomosci\/wp-json\/wp\/v2\/media\/76386"}],"wp:attachment":[{"href":"https:\/\/www.24zabrze.pl\/wiadomosci\/wp-json\/wp\/v2\/media?parent=76385"}],"wp:term":[{"taxonomy":"category","embeddable":true,"href":"https:\/\/www.24zabrze.pl\/wiadomosci\/wp-json\/wp\/v2\/categories?post=76385"},{"taxonomy":"post_tag","embeddable":true,"href":"https:\/\/www.24zabrze.pl\/wiadomosci\/wp-json\/wp\/v2\/tags?post=76385"}],"curies":[{"name":"wp","href":"https:\/\/api.w.org\/{rel}","templated":true}]}}