{"id":76366,"date":"2015-09-05T18:28:59","date_gmt":"2015-09-05T16:28:59","guid":{"rendered":"http:\/\/www.24zabrze.pl\/wiadomosci\/?p=76366"},"modified":"2015-09-08T21:31:56","modified_gmt":"2015-09-08T19:31:56","slug":"zona-ministra-sprawiedliwosci-zostala-dyrektorem-u-marszalka-wygrala-konkurs","status":"publish","type":"post","link":"https:\/\/www.24zabrze.pl\/wiadomosci\/zona-ministra-sprawiedliwosci-zostala-dyrektorem-u-marszalka-wygrala-konkurs\/","title":{"rendered":"\u017bona ministra sprawiedliwo\u015bci, zosta\u0142a dyrektorem u marsza\u0142ka. Wygra\u0142a konkurs"},"content":{"rendered":"<div class=\"zabrz-a6-z-nad-leadem-artykulow zabrz-entity-placement\" id=\"zabrz-1717463015\"><div class=\"zabrz-adlabel\"><span style=\"font-size: 9px\">REKLAMA<\/span><\/div><div id=\"zabrz-2075836954\" style=\"margin-bottom: 30px;margin-left: auto;margin-right: auto;text-align: center;\"><a data-no-instant=\"1\" href=\"https:\/\/dom100.eu\/\" rel=\"noopener\" class=\"a2t-link\" target=\"_blank\" aria-label=\"20260415 DOM100 D\"><img loading=\"lazy\" decoding=\"async\" src=\"https:\/\/www.24zabrze.pl\/wiadomosci\/wp-content\/uploads\/2026\/02\/20260415-DOM100-D.jpg\" alt=\"\"  srcset=\"https:\/\/www.24zabrze.pl\/wiadomosci\/wp-content\/uploads\/2026\/02\/20260415-DOM100-D.jpg 750w, https:\/\/www.24zabrze.pl\/wiadomosci\/wp-content\/uploads\/2026\/02\/20260415-DOM100-D-410x109.jpg 410w\" sizes=\"(max-width: 750px) 100vw, 750px\" class=\"no-lazyload\" width=\"750\" height=\"200\"  style=\"display: inline-block; max-width: 100%; height: auto;\" \/><\/a><\/div><\/div><h3> Katarzyna Kuczy\u0144ska-Budka, prywatnie \u017cona Borysa Budki, zosta\u0142a szefow\u0105 gabinetu marsza\u0142ka wojew\u00f3dztwa \u015bl\u0105skiego, Wojciecha Sa\u0142ugi.<\/h3>\n<p>Poprzedni dyrektor biura marsza\u0142ka, <strong>Wojciech Kr\u00f3l<\/strong> odszed\u0142 ze stanowiska po decyzji o starcie z list Platformy Obywatelskiej w zbli\u017caj\u0105cych si\u0119 wyborach parlamentarnych. <\/p><div class=\"zabrz-a3-z-w-tresci-artykulow zabrz-entity-placement\" id=\"zabrz-1426409998\"><div class=\"zabrz-adlabel\"><span style=\"font-size: 9px\">REKLAMA<\/span><\/div><div id=\"zabrz-1727371358\" style=\"margin-bottom: 40px;margin-left: auto;margin-right: auto;text-align: center;\"><a data-no-instant=\"1\" href=\"https:\/\/ogrodyandersa.pl\/\" rel=\"noopener\" class=\"a2t-link\" target=\"_blank\" aria-label=\"20260415 Ogrody Andersa WYBIERZ MIESZKANIE D\"><img loading=\"lazy\" decoding=\"async\" src=\"https:\/\/www.24zabrze.pl\/wiadomosci\/wp-content\/uploads\/2026\/02\/20260415-Ogrody-Andersa-WYBIERZ-MIESZKANIE-D.jpg\" alt=\"\"  srcset=\"https:\/\/www.24zabrze.pl\/wiadomosci\/wp-content\/uploads\/2026\/02\/20260415-Ogrody-Andersa-WYBIERZ-MIESZKANIE-D.jpg 750w, https:\/\/www.24zabrze.pl\/wiadomosci\/wp-content\/uploads\/2026\/02\/20260415-Ogrody-Andersa-WYBIERZ-MIESZKANIE-D-410x109.jpg 410w\" sizes=\"(max-width: 750px) 100vw, 750px\" class=\"no-lazyload\" width=\"750\" height=\"200\"  style=\"display: inline-block; max-width: 100%; height: auto;\" \/><\/a><\/div><\/div>\n<p>Po jego rezygnacji, rozpisano nowy konkurs na t\u0119 funkcj\u0119. Wygra\u0142a go <strong>Katarzyna Kuczy\u0144ska-Budka<\/strong>, w przesz\u0142o\u015bci dziennikarka Dziennika Zachodniego oraz rzecznik Urz\u0119du Miasta w Zabrzu i \u015al\u0105skiego Urz\u0119du Wojew\u00f3dzkiego. <\/p>\n<p>(TK)<\/p>\n","protected":false},"excerpt":{"rendered":"<p>Katarzyna Kuczy\u0144ska-Budka, prywatnie \u017cona Borysa Budki, zosta\u0142a szefow\u0105 gabinetu marsza\u0142ka wojew\u00f3dztwa \u015bl\u0105skiego, Wojciecha Sa\u0142ugi. Poprzedni dyrektor biura marsza\u0142ka, Wojciech Kr\u00f3l odszed\u0142 ze stanowiska po decyzji o starcie z list Platformy Obywatelskiej w zbli\u017caj\u0105cych si\u0119 wyborach parlamentarnych. Po jego rezygnacji, rozpisano nowy konkurs na t\u0119 funkcj\u0119. Wygra\u0142a go Katarzyna Kuczy\u0144ska-Budka, w przesz\u0142o\u015bci dziennikarka Dziennika Zachodniego oraz [&hellip;]<\/p>\n","protected":false},"author":4,"featured_media":76367,"comment_status":"closed","ping_status":"closed","sticky":false,"template":"","format":"standard","meta":{"_monsterinsights_skip_tracking":false,"_monsterinsights_sitenote_active":false,"_monsterinsights_sitenote_note":"","_monsterinsights_sitenote_category":0,"footnotes":"","_links_to":"","_links_to_target":""},"categories":[8,1],"tags":[],"class_list":["post-76366","post","type-post","status-publish","format-standard","has-post-thumbnail","hentry","category-referendum","category-wszystko"],"_links":{"self":[{"href":"https:\/\/www.24zabrze.pl\/wiadomosci\/wp-json\/wp\/v2\/posts\/76366","targetHints":{"allow":["GET"]}}],"collection":[{"href":"https:\/\/www.24zabrze.pl\/wiadomosci\/wp-json\/wp\/v2\/posts"}],"about":[{"href":"https:\/\/www.24zabrze.pl\/wiadomosci\/wp-json\/wp\/v2\/types\/post"}],"author":[{"embeddable":true,"href":"https:\/\/www.24zabrze.pl\/wiadomosci\/wp-json\/wp\/v2\/users\/4"}],"replies":[{"embeddable":true,"href":"https:\/\/www.24zabrze.pl\/wiadomosci\/wp-json\/wp\/v2\/comments?post=76366"}],"version-history":[{"count":0,"href":"https:\/\/www.24zabrze.pl\/wiadomosci\/wp-json\/wp\/v2\/posts\/76366\/revisions"}],"wp:featuredmedia":[{"embeddable":true,"href":"https:\/\/www.24zabrze.pl\/wiadomosci\/wp-json\/wp\/v2\/media\/76367"}],"wp:attachment":[{"href":"https:\/\/www.24zabrze.pl\/wiadomosci\/wp-json\/wp\/v2\/media?parent=76366"}],"wp:term":[{"taxonomy":"category","embeddable":true,"href":"https:\/\/www.24zabrze.pl\/wiadomosci\/wp-json\/wp\/v2\/categories?post=76366"},{"taxonomy":"post_tag","embeddable":true,"href":"https:\/\/www.24zabrze.pl\/wiadomosci\/wp-json\/wp\/v2\/tags?post=76366"}],"curies":[{"name":"wp","href":"https:\/\/api.w.org\/{rel}","templated":true}]}}