{"id":76347,"date":"2015-09-05T12:31:41","date_gmt":"2015-09-05T10:31:41","guid":{"rendered":"http:\/\/www.24zabrze.pl\/wiadomosci\/?p=76347"},"modified":"2015-09-05T18:07:58","modified_gmt":"2015-09-05T16:07:58","slug":"final-konkursu-marka-slaskie-zabrze-nie-dostanie-zadnej-statuetki","status":"publish","type":"post","link":"https:\/\/www.24zabrze.pl\/wiadomosci\/final-konkursu-marka-slaskie-zabrze-nie-dostanie-zadnej-statuetki\/","title":{"rendered":"Fina\u0142 konkursu &#8220;Marka-\u015al\u0105skie&#8221;. Zabrze nie dostanie \u017cadnej statuetki"},"content":{"rendered":"<div class=\"zabrz-a6-z-nad-leadem-artykulow zabrz-entity-placement\" id=\"zabrz-3084858524\"><div class=\"zabrz-adlabel\"><span style=\"font-size: 9px\">REKLAMA<\/span><\/div><div id=\"zabrz-1786515773\" style=\"margin-bottom: 30px;margin-left: auto;margin-right: auto;text-align: center;\"><a data-no-instant=\"1\" href=\"https:\/\/dom100.eu\/\" rel=\"noopener\" class=\"a2t-link\" target=\"_blank\" aria-label=\"20260415 DOM100 D\"><img loading=\"lazy\" decoding=\"async\" src=\"https:\/\/www.24zabrze.pl\/wiadomosci\/wp-content\/uploads\/2026\/02\/20260415-DOM100-D.jpg\" alt=\"\"  srcset=\"https:\/\/www.24zabrze.pl\/wiadomosci\/wp-content\/uploads\/2026\/02\/20260415-DOM100-D.jpg 750w, https:\/\/www.24zabrze.pl\/wiadomosci\/wp-content\/uploads\/2026\/02\/20260415-DOM100-D-410x109.jpg 410w\" sizes=\"(max-width: 750px) 100vw, 750px\" class=\"no-lazyload\" width=\"750\" height=\"200\"  style=\"display: inline-block; max-width: 100%; height: auto;\" \/><\/a><\/div><\/div><h3> Zabrza nie ma w gronie nominowanych po raz pierwszy w historii konkursu. Jest za to sporo akcent\u00f3w gliwickich. <\/h3>\n<p>Konkurs organizowany jest o sze\u015bciu lat przez Regionaln\u0105 Izb\u0119 Przemys\u0142owo-Handlow\u0105 w Gliwicach, marsza\u0142ka wojew\u00f3dztwa \u015bl\u0105skiego oraz regionalne media. W za\u0142o\u017ceniu ma promowa\u0107 \u015al\u0105sk, a jego laureatem konkursu mo\u017ce zosta\u0107 osoba, firma lub instytucja. Nagrody przyznawane s\u0105 w 12 kategoriach.<\/p><div class=\"zabrz-a3-z-w-tresci-artykulow zabrz-entity-placement\" id=\"zabrz-3560427194\"><div class=\"zabrz-adlabel\"><span style=\"font-size: 9px\">REKLAMA<\/span><\/div><div id=\"zabrz-3015174760\" style=\"margin-bottom: 40px;margin-left: auto;margin-right: auto;text-align: center;\"><a data-no-instant=\"1\" href=\"https:\/\/ogrodyandersa.pl\/\" rel=\"noopener\" class=\"a2t-link\" target=\"_blank\" aria-label=\"20260415 Ogrody Andersa WYBIERZ MIESZKANIE D\"><img loading=\"lazy\" decoding=\"async\" src=\"https:\/\/www.24zabrze.pl\/wiadomosci\/wp-content\/uploads\/2026\/02\/20260415-Ogrody-Andersa-WYBIERZ-MIESZKANIE-D.jpg\" alt=\"\"  srcset=\"https:\/\/www.24zabrze.pl\/wiadomosci\/wp-content\/uploads\/2026\/02\/20260415-Ogrody-Andersa-WYBIERZ-MIESZKANIE-D.jpg 750w, https:\/\/www.24zabrze.pl\/wiadomosci\/wp-content\/uploads\/2026\/02\/20260415-Ogrody-Andersa-WYBIERZ-MIESZKANIE-D-410x109.jpg 410w\" sizes=\"(max-width: 750px) 100vw, 750px\" class=\"no-lazyload\" width=\"750\" height=\"200\"  style=\"display: inline-block; max-width: 100%; height: auto;\" \/><\/a><\/div><\/div>\n<p>W tym roku w\u015br\u00f3d nominowanych nie ma zabrzan ani zabrza\u0144skich przedsi\u0119biorstw.<\/p>\n<p>Rozstrzygni\u0119cie konkursu odbywa si\u0119 dzi\u015b, 5 wrze\u015bnia, w Gliwicach na dorocznej Gali RIPH. <\/p>\n<p>Nominowanymi do statuetek ?Marka-\u015al\u0105skie? s\u0105:<\/p>\n<p>Kategoria <strong>Gospodarka<\/strong> 1. Federacja Firm Lotniczych Bielsko 2. ALUPROF S.A. Bielsko-Bia\u0142a 3. G\u00f3rno\u015bl\u0105skie Towarzystwo Lotnicze S.A. Katowice.<\/p>\n<p>Kategoria <strong>Nauka<\/strong>: 1. Instytut Technik Innowacyjnych EMAG Katowice<\/p>\n<p>Kategoria <strong>Kultura<\/strong>: 1. Akademicki Ch\u00f3r Politechniki \u015al\u0105skiej w Gliwicach 2. Gliwicki Teatr Muzyczny 3. Teatr Rozrywki w Chorzowie 4. Narodowa Orkiestra Symfoniczna Polskiego Radia w Katowicach 5. Teatr Polski w Bielsku-Bia\u0142ej<\/p>\n<p>Kategoria <strong>Dziedzictwo Kulturowe Regionu<\/strong>: 1. Centrum Dokumentacji Deportacji G\u00f3rno\u015bl\u0105zak\u00f3w do ZSRR w 1945 r. Radzionk\u00f3w 2. Muzeum Powsta\u0144 \u015al\u0105skich \u015awi\u0119toch\u0142owice 3. Stowarzyszenie Razem dla Nikiszowca Katowice<\/p>\n<p>Kategoria <strong>Sport, Turystyka i Rekreacja<\/strong>: 1. O\u015brodek Sportu Politechniki \u015al\u0105skiej w Gliwicach W kategorii Produkt: 1. D\u0105browska Fabryka Maszyn Elektrycznych ?DAMEL? S.A. Separator elektromagnetyczny SEM-4Ex.<\/p>\n<p>Kategoria <strong>Us\u0142uga<\/strong>: 1. Delta Trans Transporte Sp. z o.o. \u015awi\u0119toch\u0142owice 2. Fundusz G\u00f3rno\u015bl\u0105ski S.A. Katowice 3. Park Naukowo-Technologiczny TECHNOPARK GLIWICE Sp. z o.o.<\/p>\n<p>Kategoria <strong>Zdrowie<\/strong>: 1. Centrum Leczenia Oparze\u0144 w Siemianowicach \u015al\u0105skich 2. BetaMed S.A. Katowice<\/p>\n<p>Kategoria <strong>Organizacje Pozarz\u0105dowe<\/strong>: 1. Stowarzyszenie na rzecz os\u00f3b z upo\u015bledzeniem umys\u0142owym RAZEM Bielsko-Bia\u0142a 2. Spo\u0142eczne Towarzystwo Hospicjum CORDIS<\/p>\n<p>Kategoria <strong>Spo\u0142eczna Odpowiedzialno\u015b\u0107 Biznesu<\/strong>: 1. Firma Przemys\u0142owo-Budowlana LECHBUD Leszek Dziub Bytom 2. Murapol S.A. Bielsko-Bia\u0142a 3. Kopex SA Katowice<\/p>\n<p>Kategoria Media<strong>: 1. Radio Bielsko Sp. z o.o.<\/p>\n<p>Do nagrody honorowej Osobowo\u015b\u0107 Roku nominowanymi s\u0105: 1. <strong>Jan Kosmol<\/strong>, K\u0119dzierzyn Ko\u017ale 2. <strong>Zbigniew Gieleciak<\/strong>, Tychy 3. <strong>Zygmunt Frankiewicz<\/strong>, Gliwice.<\/p>\n<p>(TK)<\/p>\n","protected":false},"excerpt":{"rendered":"<p>Zabrza nie ma w gronie nominowanych po raz pierwszy w historii konkursu. Jest za to sporo akcent\u00f3w gliwickich. Konkurs organizowany jest o sze\u015bciu lat przez Regionaln\u0105 Izb\u0119 Przemys\u0142owo-Handlow\u0105 w Gliwicach, marsza\u0142ka wojew\u00f3dztwa \u015bl\u0105skiego oraz regionalne media. W za\u0142o\u017ceniu ma promowa\u0107 \u015al\u0105sk, a jego laureatem konkursu mo\u017ce zosta\u0107 osoba, firma lub instytucja. Nagrody przyznawane s\u0105 w [&hellip;]<\/p>\n","protected":false},"author":4,"featured_media":76348,"comment_status":"closed","ping_status":"closed","sticky":false,"template":"","format":"standard","meta":{"_monsterinsights_skip_tracking":false,"_monsterinsights_sitenote_active":false,"_monsterinsights_sitenote_note":"","_monsterinsights_sitenote_category":0,"footnotes":"","_links_to":"","_links_to_target":""},"categories":[8,9,1],"tags":[],"class_list":["post-76347","post","type-post","status-publish","format-standard","has-post-thumbnail","hentry","category-referendum","category-stronaglowna","category-wszystko"],"_links":{"self":[{"href":"https:\/\/www.24zabrze.pl\/wiadomosci\/wp-json\/wp\/v2\/posts\/76347","targetHints":{"allow":["GET"]}}],"collection":[{"href":"https:\/\/www.24zabrze.pl\/wiadomosci\/wp-json\/wp\/v2\/posts"}],"about":[{"href":"https:\/\/www.24zabrze.pl\/wiadomosci\/wp-json\/wp\/v2\/types\/post"}],"author":[{"embeddable":true,"href":"https:\/\/www.24zabrze.pl\/wiadomosci\/wp-json\/wp\/v2\/users\/4"}],"replies":[{"embeddable":true,"href":"https:\/\/www.24zabrze.pl\/wiadomosci\/wp-json\/wp\/v2\/comments?post=76347"}],"version-history":[{"count":0,"href":"https:\/\/www.24zabrze.pl\/wiadomosci\/wp-json\/wp\/v2\/posts\/76347\/revisions"}],"wp:featuredmedia":[{"embeddable":true,"href":"https:\/\/www.24zabrze.pl\/wiadomosci\/wp-json\/wp\/v2\/media\/76348"}],"wp:attachment":[{"href":"https:\/\/www.24zabrze.pl\/wiadomosci\/wp-json\/wp\/v2\/media?parent=76347"}],"wp:term":[{"taxonomy":"category","embeddable":true,"href":"https:\/\/www.24zabrze.pl\/wiadomosci\/wp-json\/wp\/v2\/categories?post=76347"},{"taxonomy":"post_tag","embeddable":true,"href":"https:\/\/www.24zabrze.pl\/wiadomosci\/wp-json\/wp\/v2\/tags?post=76347"}],"curies":[{"name":"wp","href":"https:\/\/api.w.org\/{rel}","templated":true}]}}