{"id":76335,"date":"2015-09-03T14:42:42","date_gmt":"2015-09-03T12:42:42","guid":{"rendered":"http:\/\/www.24zabrze.pl\/wiadomosci\/?p=76335"},"modified":"2015-09-03T14:44:04","modified_gmt":"2015-09-03T12:44:04","slug":"gornik-od-pierwszaka-zabrzanski-klub-jako-jeden-z-niewielu-w-kraju-otworzyl-tak-wczesna-klase-sportowa","status":"publish","type":"post","link":"https:\/\/www.24zabrze.pl\/wiadomosci\/gornik-od-pierwszaka-zabrzanski-klub-jako-jeden-z-niewielu-w-kraju-otworzyl-tak-wczesna-klase-sportowa\/","title":{"rendered":"G\u00f3rnik od pierwszaka. Zabrza\u0144ski klub, jako jeden z niewielu, otworzy\u0142 tak\u0105 klas\u0119 sportow\u0105"},"content":{"rendered":"<div class=\"zabrz-a6-z-nad-leadem-artykulow zabrz-entity-placement\" id=\"zabrz-3867156007\"><div class=\"zabrz-adlabel\"><span style=\"font-size: 9px\">REKLAMA<\/span><\/div><div id=\"zabrz-2199500850\" style=\"margin-bottom: 30px;margin-left: auto;margin-right: auto;text-align: center;\"><a data-no-instant=\"1\" href=\"https:\/\/dom100.eu\/\" rel=\"noopener\" class=\"a2t-link\" target=\"_blank\" aria-label=\"20260415 DOM100 D\"><img loading=\"lazy\" decoding=\"async\" src=\"https:\/\/www.24zabrze.pl\/wiadomosci\/wp-content\/uploads\/2026\/02\/20260415-DOM100-D.jpg\" alt=\"\"  srcset=\"https:\/\/www.24zabrze.pl\/wiadomosci\/wp-content\/uploads\/2026\/02\/20260415-DOM100-D.jpg 750w, https:\/\/www.24zabrze.pl\/wiadomosci\/wp-content\/uploads\/2026\/02\/20260415-DOM100-D-410x109.jpg 410w\" sizes=\"(max-width: 750px) 100vw, 750px\" class=\"no-lazyload\" width=\"750\" height=\"200\"  style=\"display: inline-block; max-width: 100%; height: auto;\" \/><\/a><\/div><\/div><h3> W Szkole Podstawowej nr 1 w Zabrzu edukacj\u0119 sportow\u0105 z akcentem na pi\u0142k\u0119 no\u017cn\u0105 zaczynaj\u0105 ju\u017c pierwszoklasi\u015bci. Klasy powsta\u0142y dzi\u0119ki staraniom Akademii Pi\u0142karskiej G\u00f3rnika i Wydzia\u0142u O\u015bwiaty Urz\u0119du Miasta.<\/h3>\n<p>&#8211; Cieszymy si\u0119, \u017ce udanie wystartowali\u015bmy z tym projektem. To na pewno krok w dobrym kierunku ? przekonuje <strong>\u0141ukasz Milik<\/strong>, dyrektor Pi\u0142karskiego Przedszkola, dzia\u0142aj\u0105cego w ramach Akademii Pi\u0142karskiej G\u00f3rnika. <\/p><div class=\"zabrz-a3-z-w-tresci-artykulow zabrz-entity-placement\" id=\"zabrz-1594833717\"><div class=\"zabrz-adlabel\"><span style=\"font-size: 9px\">REKLAMA<\/span><\/div><div id=\"zabrz-469949427\" style=\"margin-bottom: 40px;margin-left: auto;margin-right: auto;text-align: center;\"><a data-no-instant=\"1\" href=\"https:\/\/ogrodyandersa.pl\/\" rel=\"noopener\" class=\"a2t-link\" target=\"_blank\" aria-label=\"20260415 Ogrody Andersa WYBIERZ MIESZKANIE D\"><img loading=\"lazy\" decoding=\"async\" src=\"https:\/\/www.24zabrze.pl\/wiadomosci\/wp-content\/uploads\/2026\/02\/20260415-Ogrody-Andersa-WYBIERZ-MIESZKANIE-D.jpg\" alt=\"\"  srcset=\"https:\/\/www.24zabrze.pl\/wiadomosci\/wp-content\/uploads\/2026\/02\/20260415-Ogrody-Andersa-WYBIERZ-MIESZKANIE-D.jpg 750w, https:\/\/www.24zabrze.pl\/wiadomosci\/wp-content\/uploads\/2026\/02\/20260415-Ogrody-Andersa-WYBIERZ-MIESZKANIE-D-410x109.jpg 410w\" sizes=\"(max-width: 750px) 100vw, 750px\" class=\"no-lazyload\" width=\"750\" height=\"200\"  style=\"display: inline-block; max-width: 100%; height: auto;\" \/><\/a><\/div><\/div>\n<p>Opiekunem najm\u0142odszej klasy sportowej jest <strong>Tomasz Macha<\/strong>. Pierwszoklasi\u015bci pochodz\u0105 nie tylko z Zabrza, ale tak\u017ce z Giera\u0142towic. Dzieci ucz\u0105ce si\u0119 w klasie G\u00f3rnika maj\u0105 w tygodniu 6 godzin wychowania fizycznego plus zaj\u0119cia na basenie. <\/p>\n<p>Grono tegorocznych pierwszoklasist\u00f3w zasili\u0142 <strong>Oskar Kwiek<\/strong> &#8211; syn <strong>Aleksandra Kwieka<\/strong>, kt\u00f3ry w aktualnym sezonie zn\u00f3w reprezentuje barwy G\u00f3rnika Zabrze. Dumny tata towarzyszy\u0142 <strong>Oskarowi<\/strong> podczas uroczystej inauguracji roku szkolnego. <\/p>\n<p>(TK)<\/p>\n","protected":false},"excerpt":{"rendered":"<p>W Szkole Podstawowej nr 1 w Zabrzu edukacj\u0119 sportow\u0105 z akcentem na pi\u0142k\u0119 no\u017cn\u0105 zaczynaj\u0105 ju\u017c pierwszoklasi\u015bci. Klasy powsta\u0142y dzi\u0119ki staraniom Akademii Pi\u0142karskiej G\u00f3rnika i Wydzia\u0142u O\u015bwiaty Urz\u0119du Miasta. &#8211; Cieszymy si\u0119, \u017ce udanie wystartowali\u015bmy z tym projektem. To na pewno krok w dobrym kierunku ? przekonuje \u0141ukasz Milik, dyrektor Pi\u0142karskiego Przedszkola, dzia\u0142aj\u0105cego w ramach [&hellip;]<\/p>\n","protected":false},"author":4,"featured_media":76336,"comment_status":"closed","ping_status":"closed","sticky":false,"template":"","format":"standard","meta":{"_monsterinsights_skip_tracking":false,"_monsterinsights_sitenote_active":false,"_monsterinsights_sitenote_note":"","_monsterinsights_sitenote_category":0,"footnotes":"","_links_to":"","_links_to_target":""},"categories":[8,9,1],"tags":[],"class_list":["post-76335","post","type-post","status-publish","format-standard","has-post-thumbnail","hentry","category-referendum","category-stronaglowna","category-wszystko"],"_links":{"self":[{"href":"https:\/\/www.24zabrze.pl\/wiadomosci\/wp-json\/wp\/v2\/posts\/76335","targetHints":{"allow":["GET"]}}],"collection":[{"href":"https:\/\/www.24zabrze.pl\/wiadomosci\/wp-json\/wp\/v2\/posts"}],"about":[{"href":"https:\/\/www.24zabrze.pl\/wiadomosci\/wp-json\/wp\/v2\/types\/post"}],"author":[{"embeddable":true,"href":"https:\/\/www.24zabrze.pl\/wiadomosci\/wp-json\/wp\/v2\/users\/4"}],"replies":[{"embeddable":true,"href":"https:\/\/www.24zabrze.pl\/wiadomosci\/wp-json\/wp\/v2\/comments?post=76335"}],"version-history":[{"count":0,"href":"https:\/\/www.24zabrze.pl\/wiadomosci\/wp-json\/wp\/v2\/posts\/76335\/revisions"}],"wp:featuredmedia":[{"embeddable":true,"href":"https:\/\/www.24zabrze.pl\/wiadomosci\/wp-json\/wp\/v2\/media\/76336"}],"wp:attachment":[{"href":"https:\/\/www.24zabrze.pl\/wiadomosci\/wp-json\/wp\/v2\/media?parent=76335"}],"wp:term":[{"taxonomy":"category","embeddable":true,"href":"https:\/\/www.24zabrze.pl\/wiadomosci\/wp-json\/wp\/v2\/categories?post=76335"},{"taxonomy":"post_tag","embeddable":true,"href":"https:\/\/www.24zabrze.pl\/wiadomosci\/wp-json\/wp\/v2\/tags?post=76335"}],"curies":[{"name":"wp","href":"https:\/\/api.w.org\/{rel}","templated":true}]}}