{"id":76316,"date":"2015-09-02T12:57:04","date_gmt":"2015-09-02T10:57:04","guid":{"rendered":"http:\/\/www.24zabrze.pl\/wiadomosci\/?p=76316"},"modified":"2015-09-02T12:57:04","modified_gmt":"2015-09-02T10:57:04","slug":"lampy-solarne-na-osiedlu-kopernika-to-pierwsza-inwestycja-z-budzetu-obywatelskiego","status":"publish","type":"post","link":"https:\/\/www.24zabrze.pl\/wiadomosci\/lampy-solarne-na-osiedlu-kopernika-to-pierwsza-inwestycja-z-budzetu-obywatelskiego\/","title":{"rendered":"Lampy solarne na osiedlu Kopernika. To pierwsza inwestycja z bud\u017cetu obywatelskiego"},"content":{"rendered":"<div class=\"zabrz-a6-z-nad-leadem-artykulow zabrz-entity-placement\" id=\"zabrz-507031760\"><div class=\"zabrz-adlabel\"><span style=\"font-size: 9px\">REKLAMA<\/span><\/div><div id=\"zabrz-1485324740\" style=\"margin-bottom: 30px;margin-left: auto;margin-right: auto;text-align: center;\"><a data-no-instant=\"1\" href=\"https:\/\/dom100.eu\/\" rel=\"noopener\" class=\"a2t-link\" target=\"_blank\" aria-label=\"20260415 DOM100 D\"><img loading=\"lazy\" decoding=\"async\" src=\"https:\/\/www.24zabrze.pl\/wiadomosci\/wp-content\/uploads\/2026\/02\/20260415-DOM100-D.jpg\" alt=\"\"  srcset=\"https:\/\/www.24zabrze.pl\/wiadomosci\/wp-content\/uploads\/2026\/02\/20260415-DOM100-D.jpg 750w, https:\/\/www.24zabrze.pl\/wiadomosci\/wp-content\/uploads\/2026\/02\/20260415-DOM100-D-410x109.jpg 410w\" sizes=\"(max-width: 750px) 100vw, 750px\" class=\"no-lazyload\" width=\"750\" height=\"200\"  style=\"display: inline-block; max-width: 100%; height: auto;\" \/><\/a><\/div><\/div><h3> A\u017c trudno w to uwierzy\u0107, ale na monta\u017c o\u015bwietlenia w tej cz\u0119\u015bci osiedla mieszka\u0144cy czekali prawie 20 lat. Uda\u0142o si\u0119 dopiero dzi\u0119ki wnioskowi i g\u0142osowaniu w bud\u017cecie partycypacyjnym. <\/h3>\n<p>Lampy s\u0105 pierwsz\u0105 inwestycj\u0105 debiutanckiej edycji bud\u017cetu partycypacyjnego. Postawienie ich kosztowa\u0142o w sumie 14 tysi\u0119cy. Dzi\u0119ki nim o\u015bwietlony zostanie odcinek prowadz\u0105cy z ulicy Banachiewicza do ul. Heweliusza. Ja\u015bniej b\u0119dzie tak\u017ce przy Przedszkolu nr 36 i miejscowym parkingu, o co mieszka\u0144cy walczyli od pierwszej po\u0142owy lat 90.<\/p><div class=\"zabrz-a3-z-w-tresci-artykulow zabrz-entity-placement\" id=\"zabrz-2642576550\"><div class=\"zabrz-adlabel\"><span style=\"font-size: 9px\">REKLAMA<\/span><\/div><div id=\"zabrz-196024502\" style=\"margin-bottom: 40px;margin-left: auto;margin-right: auto;text-align: center;\"><a data-no-instant=\"1\" href=\"https:\/\/ogrodyandersa.pl\/\" rel=\"noopener\" class=\"a2t-link\" target=\"_blank\" aria-label=\"20260415 Ogrody Andersa WYBIERZ MIESZKANIE D\"><img loading=\"lazy\" decoding=\"async\" src=\"https:\/\/www.24zabrze.pl\/wiadomosci\/wp-content\/uploads\/2026\/02\/20260415-Ogrody-Andersa-WYBIERZ-MIESZKANIE-D.jpg\" alt=\"\"  srcset=\"https:\/\/www.24zabrze.pl\/wiadomosci\/wp-content\/uploads\/2026\/02\/20260415-Ogrody-Andersa-WYBIERZ-MIESZKANIE-D.jpg 750w, https:\/\/www.24zabrze.pl\/wiadomosci\/wp-content\/uploads\/2026\/02\/20260415-Ogrody-Andersa-WYBIERZ-MIESZKANIE-D-410x109.jpg 410w\" sizes=\"(max-width: 750px) 100vw, 750px\" class=\"no-lazyload\" width=\"750\" height=\"200\"  style=\"display: inline-block; max-width: 100%; height: auto;\" \/><\/a><\/div><\/div>\n<p>Jeszcze w tym roku maj\u0105 powsta\u0107: si\u0142ownia pod chmurk\u0105 na Zandce, plac zabaw Weso\u0142a Helenka i deptak w Rokitnicy.<\/p>\n<p>Realizacji pozosta\u0142ych inwestycji z pierwszej edycji bud\u017cetu partycypacyjnego nale\u017cy spodziewa\u0107 si\u0119 raczej dopiero w przysz\u0142ym roku. <\/p>\n<p>(TK)<\/p>\n","protected":false},"excerpt":{"rendered":"<p>A\u017c trudno w to uwierzy\u0107, ale na monta\u017c o\u015bwietlenia w tej cz\u0119\u015bci osiedla mieszka\u0144cy czekali prawie 20 lat. Uda\u0142o si\u0119 dopiero dzi\u0119ki wnioskowi i g\u0142osowaniu w bud\u017cecie partycypacyjnym. Lampy s\u0105 pierwsz\u0105 inwestycj\u0105 debiutanckiej edycji bud\u017cetu partycypacyjnego. Postawienie ich kosztowa\u0142o w sumie 14 tysi\u0119cy. Dzi\u0119ki nim o\u015bwietlony zostanie odcinek prowadz\u0105cy z ulicy Banachiewicza do ul. Heweliusza. [&hellip;]<\/p>\n","protected":false},"author":4,"featured_media":76317,"comment_status":"closed","ping_status":"closed","sticky":false,"template":"","format":"standard","meta":{"_monsterinsights_skip_tracking":false,"_monsterinsights_sitenote_active":false,"_monsterinsights_sitenote_note":"","_monsterinsights_sitenote_category":0,"footnotes":"","_links_to":"","_links_to_target":""},"categories":[8,9,1],"tags":[],"class_list":["post-76316","post","type-post","status-publish","format-standard","has-post-thumbnail","hentry","category-referendum","category-stronaglowna","category-wszystko"],"_links":{"self":[{"href":"https:\/\/www.24zabrze.pl\/wiadomosci\/wp-json\/wp\/v2\/posts\/76316","targetHints":{"allow":["GET"]}}],"collection":[{"href":"https:\/\/www.24zabrze.pl\/wiadomosci\/wp-json\/wp\/v2\/posts"}],"about":[{"href":"https:\/\/www.24zabrze.pl\/wiadomosci\/wp-json\/wp\/v2\/types\/post"}],"author":[{"embeddable":true,"href":"https:\/\/www.24zabrze.pl\/wiadomosci\/wp-json\/wp\/v2\/users\/4"}],"replies":[{"embeddable":true,"href":"https:\/\/www.24zabrze.pl\/wiadomosci\/wp-json\/wp\/v2\/comments?post=76316"}],"version-history":[{"count":0,"href":"https:\/\/www.24zabrze.pl\/wiadomosci\/wp-json\/wp\/v2\/posts\/76316\/revisions"}],"wp:featuredmedia":[{"embeddable":true,"href":"https:\/\/www.24zabrze.pl\/wiadomosci\/wp-json\/wp\/v2\/media\/76317"}],"wp:attachment":[{"href":"https:\/\/www.24zabrze.pl\/wiadomosci\/wp-json\/wp\/v2\/media?parent=76316"}],"wp:term":[{"taxonomy":"category","embeddable":true,"href":"https:\/\/www.24zabrze.pl\/wiadomosci\/wp-json\/wp\/v2\/categories?post=76316"},{"taxonomy":"post_tag","embeddable":true,"href":"https:\/\/www.24zabrze.pl\/wiadomosci\/wp-json\/wp\/v2\/tags?post=76316"}],"curies":[{"name":"wp","href":"https:\/\/api.w.org\/{rel}","templated":true}]}}