{"id":76297,"date":"2015-09-01T10:08:32","date_gmt":"2015-09-01T08:08:32","guid":{"rendered":"http:\/\/www.24zabrze.pl\/wiadomosci\/?p=76297"},"modified":"2015-09-02T13:41:17","modified_gmt":"2015-09-02T11:41:17","slug":"zabrze-nagrodzone-w-konkursie-modernizacja-roku-jury-spodobaly-sie-budynki-zespolu-szkol-ogolnoksztalcacych-i-powiatowego-urzedu-pracy","status":"publish","type":"post","link":"https:\/\/www.24zabrze.pl\/wiadomosci\/zabrze-nagrodzone-w-konkursie-modernizacja-roku-jury-spodobaly-sie-budynki-zespolu-szkol-ogolnoksztalcacych-i-powiatowego-urzedu-pracy\/","title":{"rendered":"Zabrze nagrodzone w konkursie Modernizacja Roku. Jury spodoba\u0142y si\u0119 budynki Zespo\u0142u Szk\u00f3\u0142 Og\u00f3lnokszta\u0142c\u0105cych i Powiatowego Urz\u0119du Pracy"},"content":{"rendered":"<div class=\"zabrz-a6-z-nad-leadem-artykulow zabrz-entity-placement\" id=\"zabrz-4282900490\"><div class=\"zabrz-adlabel\"><span style=\"font-size: 9px\">REKLAMA<\/span><\/div><div id=\"zabrz-387969113\" style=\"margin-bottom: 30px;margin-left: auto;margin-right: auto;text-align: center;\"><a data-no-instant=\"1\" href=\"https:\/\/dom100.eu\/\" rel=\"noopener\" class=\"a2t-link\" target=\"_blank\" aria-label=\"20260415 DOM100 D\"><img loading=\"lazy\" decoding=\"async\" src=\"https:\/\/www.24zabrze.pl\/wiadomosci\/wp-content\/uploads\/2026\/02\/20260415-DOM100-D.jpg\" alt=\"\"  srcset=\"https:\/\/www.24zabrze.pl\/wiadomosci\/wp-content\/uploads\/2026\/02\/20260415-DOM100-D.jpg 750w, https:\/\/www.24zabrze.pl\/wiadomosci\/wp-content\/uploads\/2026\/02\/20260415-DOM100-D-410x109.jpg 410w\" sizes=\"(max-width: 750px) 100vw, 750px\" class=\"no-lazyload\" width=\"750\" height=\"200\"  style=\"display: inline-block; max-width: 100%; height: auto;\" \/><\/a><\/div><\/div><h3> Tytu\u0142 Modernizacja Roku 2014 w kategorii: elewacje i termomodernizacje miasto otrzyma\u0142o za remont Zespo\u0142u Szk\u00f3\u0142 Og\u00f3lnokszta\u0142c\u0105cych przy ul. Wolno\u015bci 323 (na zdj\u0119ciu). <\/h3>\n<p>Z kolei pe\u0142nomocnik rz\u0105du do Spraw Os\u00f3b Niepe\u0142nosprawnych przyzna\u0142 nagrod\u0119 za rozbudow\u0119 i adaptacj\u0119 siedziby PUP, kt\u00f3rej budynek powsta\u0142 jeszcze w XIX wieku.<\/p><div class=\"zabrz-a3-z-w-tresci-artykulow zabrz-entity-placement\" id=\"zabrz-1101232854\"><div class=\"zabrz-adlabel\"><span style=\"font-size: 9px\">REKLAMA<\/span><\/div><div id=\"zabrz-2813033664\" style=\"margin-bottom: 40px;margin-left: auto;margin-right: auto;text-align: center;\"><a data-no-instant=\"1\" href=\"https:\/\/ogrodyandersa.pl\/\" rel=\"noopener\" class=\"a2t-link\" target=\"_blank\" aria-label=\"20260415 Ogrody Andersa WYBIERZ MIESZKANIE D\"><img loading=\"lazy\" decoding=\"async\" src=\"https:\/\/www.24zabrze.pl\/wiadomosci\/wp-content\/uploads\/2026\/02\/20260415-Ogrody-Andersa-WYBIERZ-MIESZKANIE-D.jpg\" alt=\"\"  srcset=\"https:\/\/www.24zabrze.pl\/wiadomosci\/wp-content\/uploads\/2026\/02\/20260415-Ogrody-Andersa-WYBIERZ-MIESZKANIE-D.jpg 750w, https:\/\/www.24zabrze.pl\/wiadomosci\/wp-content\/uploads\/2026\/02\/20260415-Ogrody-Andersa-WYBIERZ-MIESZKANIE-D-410x109.jpg 410w\" sizes=\"(max-width: 750px) 100vw, 750px\" class=\"no-lazyload\" width=\"750\" height=\"200\"  style=\"display: inline-block; max-width: 100%; height: auto;\" \/><\/a><\/div><\/div>\n<p>Celem konkursu jest wy\u0142onienie i nagrodzenie realizacji przedsi\u0119wzi\u0119\u0107 budowlanych uko\u0144czonych w danym roku wyr\u00f3\u017cniaj\u0105cych si\u0119 szczeg\u00f3lnymi walorami, a ide\u0105 propagowanie dzia\u0142a\u0144 dla ratowania obiekt\u00f3w i budowli dziedzictwa narodowego oraz promocja modernizacji. <\/p>\n<p>Patronami przedsi\u0119wzi\u0119cia s\u0105, m.in. Ministerstwo Infrastruktury i Rozwoju, Ministerstwo Edukacji Narodowej oraz G\u0142\u00f3wny Inspektorat Nadzoru Budowlanego. <\/p>\n<p>(TK)<\/p>\n","protected":false},"excerpt":{"rendered":"<p>Tytu\u0142 Modernizacja Roku 2014 w kategorii: elewacje i termomodernizacje miasto otrzyma\u0142o za remont Zespo\u0142u Szk\u00f3\u0142 Og\u00f3lnokszta\u0142c\u0105cych przy ul. Wolno\u015bci 323 (na zdj\u0119ciu). Z kolei pe\u0142nomocnik rz\u0105du do Spraw Os\u00f3b Niepe\u0142nosprawnych przyzna\u0142 nagrod\u0119 za rozbudow\u0119 i adaptacj\u0119 siedziby PUP, kt\u00f3rej budynek powsta\u0142 jeszcze w XIX wieku. Celem konkursu jest wy\u0142onienie i nagrodzenie realizacji przedsi\u0119wzi\u0119\u0107 budowlanych uko\u0144czonych [&hellip;]<\/p>\n","protected":false},"author":4,"featured_media":76324,"comment_status":"closed","ping_status":"closed","sticky":false,"template":"","format":"standard","meta":{"_monsterinsights_skip_tracking":false,"_monsterinsights_sitenote_active":false,"_monsterinsights_sitenote_note":"","_monsterinsights_sitenote_category":0,"footnotes":"","_links_to":"","_links_to_target":""},"categories":[8,9,1],"tags":[],"class_list":["post-76297","post","type-post","status-publish","format-standard","has-post-thumbnail","hentry","category-referendum","category-stronaglowna","category-wszystko"],"_links":{"self":[{"href":"https:\/\/www.24zabrze.pl\/wiadomosci\/wp-json\/wp\/v2\/posts\/76297","targetHints":{"allow":["GET"]}}],"collection":[{"href":"https:\/\/www.24zabrze.pl\/wiadomosci\/wp-json\/wp\/v2\/posts"}],"about":[{"href":"https:\/\/www.24zabrze.pl\/wiadomosci\/wp-json\/wp\/v2\/types\/post"}],"author":[{"embeddable":true,"href":"https:\/\/www.24zabrze.pl\/wiadomosci\/wp-json\/wp\/v2\/users\/4"}],"replies":[{"embeddable":true,"href":"https:\/\/www.24zabrze.pl\/wiadomosci\/wp-json\/wp\/v2\/comments?post=76297"}],"version-history":[{"count":0,"href":"https:\/\/www.24zabrze.pl\/wiadomosci\/wp-json\/wp\/v2\/posts\/76297\/revisions"}],"wp:featuredmedia":[{"embeddable":true,"href":"https:\/\/www.24zabrze.pl\/wiadomosci\/wp-json\/wp\/v2\/media\/76324"}],"wp:attachment":[{"href":"https:\/\/www.24zabrze.pl\/wiadomosci\/wp-json\/wp\/v2\/media?parent=76297"}],"wp:term":[{"taxonomy":"category","embeddable":true,"href":"https:\/\/www.24zabrze.pl\/wiadomosci\/wp-json\/wp\/v2\/categories?post=76297"},{"taxonomy":"post_tag","embeddable":true,"href":"https:\/\/www.24zabrze.pl\/wiadomosci\/wp-json\/wp\/v2\/tags?post=76297"}],"curies":[{"name":"wp","href":"https:\/\/api.w.org\/{rel}","templated":true}]}}