{"id":76294,"date":"2015-09-01T09:55:19","date_gmt":"2015-09-01T07:55:19","guid":{"rendered":"http:\/\/www.24zabrze.pl\/wiadomosci\/?p=76294"},"modified":"2015-09-01T09:55:19","modified_gmt":"2015-09-01T07:55:19","slug":"wrocily-upaly-a-wraz-z-nimi-kurtyny-wodne-korzystajcie-poki-mozecie","status":"publish","type":"post","link":"https:\/\/www.24zabrze.pl\/wiadomosci\/wrocily-upaly-a-wraz-z-nimi-kurtyny-wodne-korzystajcie-poki-mozecie\/","title":{"rendered":"Wr\u00f3ci\u0142y upa\u0142y, a wraz z nimi kurtyny wodne. Korzystajcie, p\u00f3ki mo\u017cecie!"},"content":{"rendered":"<div class=\"zabrz-a6-z-nad-leadem-artykulow zabrz-entity-placement\" id=\"zabrz-1253576283\"><div class=\"zabrz-adlabel\"><span style=\"font-size: 9px\">REKLAMA<\/span><\/div><div id=\"zabrz-3189499671\" style=\"margin-bottom: 30px;margin-left: auto;margin-right: auto;text-align: center;\"><a data-no-instant=\"1\" href=\"https:\/\/dom100.eu\/\" rel=\"noopener\" class=\"a2t-link\" target=\"_blank\" aria-label=\"20260415 DOM100 D\"><img loading=\"lazy\" decoding=\"async\" src=\"https:\/\/www.24zabrze.pl\/wiadomosci\/wp-content\/uploads\/2026\/02\/20260415-DOM100-D.jpg\" alt=\"\"  srcset=\"https:\/\/www.24zabrze.pl\/wiadomosci\/wp-content\/uploads\/2026\/02\/20260415-DOM100-D.jpg 750w, https:\/\/www.24zabrze.pl\/wiadomosci\/wp-content\/uploads\/2026\/02\/20260415-DOM100-D-410x109.jpg 410w\" sizes=\"(max-width: 750px) 100vw, 750px\" class=\"no-lazyload\" width=\"750\" height=\"200\"  style=\"display: inline-block; max-width: 100%; height: auto;\" \/><\/a><\/div><\/div><h3> Dzieciaki mog\u0105 mie\u0107 jedynie \u017cal, \u017ce wakacje ju\u017c si\u0119 sko\u0144czy\u0142y. Bo wysokie temperatury maj\u0105 utrzyma\u0107 si\u0119 przez wi\u0119kszo\u015b\u0107 wrze\u015bnia. <\/h3>\n<p>Po kilku dniach z pogod\u0105 poni\u017cej plus 30 stopni Celsjusza, zn\u00f3w mamy i\u015bcie afryka\u0144sk\u0105 aur\u0119. Na t\u0119 okoliczno\u015b\u0107 miasto na powr\u00f3t uruchomi\u0142o kurtyny wodne. Mgie\u0142ki sch\u0142odz\u0105 nas na placu Wolno\u015bci i placu Teatralnym. <\/p><div class=\"zabrz-a3-z-w-tresci-artykulow zabrz-entity-placement\" id=\"zabrz-631061681\"><div class=\"zabrz-adlabel\"><span style=\"font-size: 9px\">REKLAMA<\/span><\/div><div id=\"zabrz-3591342084\" style=\"margin-bottom: 40px;margin-left: auto;margin-right: auto;text-align: center;\"><a data-no-instant=\"1\" href=\"https:\/\/ogrodyandersa.pl\/\" rel=\"noopener\" class=\"a2t-link\" target=\"_blank\" aria-label=\"20260415 Ogrody Andersa WYBIERZ MIESZKANIE D\"><img loading=\"lazy\" decoding=\"async\" src=\"https:\/\/www.24zabrze.pl\/wiadomosci\/wp-content\/uploads\/2026\/02\/20260415-Ogrody-Andersa-WYBIERZ-MIESZKANIE-D.jpg\" alt=\"\"  srcset=\"https:\/\/www.24zabrze.pl\/wiadomosci\/wp-content\/uploads\/2026\/02\/20260415-Ogrody-Andersa-WYBIERZ-MIESZKANIE-D.jpg 750w, https:\/\/www.24zabrze.pl\/wiadomosci\/wp-content\/uploads\/2026\/02\/20260415-Ogrody-Andersa-WYBIERZ-MIESZKANIE-D-410x109.jpg 410w\" sizes=\"(max-width: 750px) 100vw, 750px\" class=\"no-lazyload\" width=\"750\" height=\"200\"  style=\"display: inline-block; max-width: 100%; height: auto;\" \/><\/a><\/div><\/div>\n<p>&#8211; I na pewno pozostan\u0105 z nami tak d\u0142ugo, p\u00f3ki utrzyma si\u0119 letnia pogoda &#8211; zapewnia <strong>S\u0142awomir Gruszka<\/strong> z Wydzia\u0142u Kontakt\u00f3w Spo\u0142ecznych zabrza\u0144skiego magistratu. <\/p>\n<p>(TK)<\/p>\n","protected":false},"excerpt":{"rendered":"<p>Dzieciaki mog\u0105 mie\u0107 jedynie \u017cal, \u017ce wakacje ju\u017c si\u0119 sko\u0144czy\u0142y. Bo wysokie temperatury maj\u0105 utrzyma\u0107 si\u0119 przez wi\u0119kszo\u015b\u0107 wrze\u015bnia. Po kilku dniach z pogod\u0105 poni\u017cej plus 30 stopni Celsjusza, zn\u00f3w mamy i\u015bcie afryka\u0144sk\u0105 aur\u0119. Na t\u0119 okoliczno\u015b\u0107 miasto na powr\u00f3t uruchomi\u0142o kurtyny wodne. Mgie\u0142ki sch\u0142odz\u0105 nas na placu Wolno\u015bci i placu Teatralnym. &#8211; I na [&hellip;]<\/p>\n","protected":false},"author":4,"featured_media":76295,"comment_status":"closed","ping_status":"closed","sticky":false,"template":"","format":"standard","meta":{"_monsterinsights_skip_tracking":false,"_monsterinsights_sitenote_active":false,"_monsterinsights_sitenote_note":"","_monsterinsights_sitenote_category":0,"footnotes":"","_links_to":"","_links_to_target":""},"categories":[8,9,1],"tags":[],"class_list":["post-76294","post","type-post","status-publish","format-standard","has-post-thumbnail","hentry","category-referendum","category-stronaglowna","category-wszystko"],"_links":{"self":[{"href":"https:\/\/www.24zabrze.pl\/wiadomosci\/wp-json\/wp\/v2\/posts\/76294","targetHints":{"allow":["GET"]}}],"collection":[{"href":"https:\/\/www.24zabrze.pl\/wiadomosci\/wp-json\/wp\/v2\/posts"}],"about":[{"href":"https:\/\/www.24zabrze.pl\/wiadomosci\/wp-json\/wp\/v2\/types\/post"}],"author":[{"embeddable":true,"href":"https:\/\/www.24zabrze.pl\/wiadomosci\/wp-json\/wp\/v2\/users\/4"}],"replies":[{"embeddable":true,"href":"https:\/\/www.24zabrze.pl\/wiadomosci\/wp-json\/wp\/v2\/comments?post=76294"}],"version-history":[{"count":0,"href":"https:\/\/www.24zabrze.pl\/wiadomosci\/wp-json\/wp\/v2\/posts\/76294\/revisions"}],"wp:featuredmedia":[{"embeddable":true,"href":"https:\/\/www.24zabrze.pl\/wiadomosci\/wp-json\/wp\/v2\/media\/76295"}],"wp:attachment":[{"href":"https:\/\/www.24zabrze.pl\/wiadomosci\/wp-json\/wp\/v2\/media?parent=76294"}],"wp:term":[{"taxonomy":"category","embeddable":true,"href":"https:\/\/www.24zabrze.pl\/wiadomosci\/wp-json\/wp\/v2\/categories?post=76294"},{"taxonomy":"post_tag","embeddable":true,"href":"https:\/\/www.24zabrze.pl\/wiadomosci\/wp-json\/wp\/v2\/tags?post=76294"}],"curies":[{"name":"wp","href":"https:\/\/api.w.org\/{rel}","templated":true}]}}