{"id":76257,"date":"2015-08-28T12:28:43","date_gmt":"2015-08-28T10:28:43","guid":{"rendered":"http:\/\/www.24zabrze.pl\/wiadomosci\/?p=76257"},"modified":"2015-08-28T12:28:43","modified_gmt":"2015-08-28T10:28:43","slug":"pierwsza-lopata-wbita-kamien-wegielny-wmurowany-najnowoczesniejsza-fabryka-na-swiecie-ma-powstac-do-lutego-galeria-zdjec","status":"publish","type":"post","link":"https:\/\/www.24zabrze.pl\/wiadomosci\/pierwsza-lopata-wbita-kamien-wegielny-wmurowany-najnowoczesniejsza-fabryka-na-swiecie-ma-powstac-do-lutego-galeria-zdjec\/","title":{"rendered":"Pierwsza \u0142opata wbita, kamie\u0144 w\u0119gielny wmurowany. Najnowocze\u015bniejsza fabryka na \u015bwiecie ma powsta\u0107 do lutego [GALERIA ZDJ\u0118\u0106]"},"content":{"rendered":"<div class=\"zabrz-a6-z-nad-leadem-artykulow zabrz-entity-placement\" id=\"zabrz-22473840\"><div class=\"zabrz-adlabel\"><span style=\"font-size: 9px\">REKLAMA<\/span><\/div><div id=\"zabrz-1314307676\" style=\"margin-bottom: 30px;margin-left: auto;margin-right: auto;text-align: center;\"><a data-no-instant=\"1\" href=\"https:\/\/dom100.eu\/\" rel=\"noopener\" class=\"a2t-link\" target=\"_blank\" aria-label=\"20260415 DOM100 D\"><img loading=\"lazy\" decoding=\"async\" src=\"https:\/\/www.24zabrze.pl\/wiadomosci\/wp-content\/uploads\/2026\/02\/20260415-DOM100-D.jpg\" alt=\"\"  srcset=\"https:\/\/www.24zabrze.pl\/wiadomosci\/wp-content\/uploads\/2026\/02\/20260415-DOM100-D.jpg 750w, https:\/\/www.24zabrze.pl\/wiadomosci\/wp-content\/uploads\/2026\/02\/20260415-DOM100-D-410x109.jpg 410w\" sizes=\"(max-width: 750px) 100vw, 750px\" class=\"no-lazyload\" width=\"750\" height=\"200\"  style=\"display: inline-block; max-width: 100%; height: auto;\" \/><\/a><\/div><\/div><h3> Fabryk\u0119, dla potrzeb holenderskiego Schoeller Allibert  zaprojektowa\u0142a i zbuduje katowicka firma Pro-Invest. Prace nad inwestycj\u0105 w strefie ekonomicznej b\u0119d\u0105 toczy\u0142y si\u0119 bardzo szybko. Ju\u017c w lutym przysz\u0142ego roku zak\u0142ad ma by\u0107 gotowy. <\/h3>\n<p>Schoeller Allibert jest potentatem bran\u017cy opakowa\u0144 wielokrotnego u\u017cytku z tworzyw sztucznych. Posiada 14 fabryk rozsianych po ca\u0142ym \u015bwiecie oraz biura handlowe w 55 krajach. Zatrudnia ponad 2 tysi\u0105ce os\u00f3b.<\/p><div class=\"zabrz-a3-z-w-tresci-artykulow zabrz-entity-placement\" id=\"zabrz-3252442369\"><div class=\"zabrz-adlabel\"><span style=\"font-size: 9px\">REKLAMA<\/span><\/div><div id=\"zabrz-3299458791\" style=\"margin-bottom: 40px;margin-left: auto;margin-right: auto;text-align: center;\"><a data-no-instant=\"1\" href=\"https:\/\/ogrodyandersa.pl\/\" rel=\"noopener\" class=\"a2t-link\" target=\"_blank\" aria-label=\"20260415 Ogrody Andersa WYBIERZ MIESZKANIE D\"><img loading=\"lazy\" decoding=\"async\" src=\"https:\/\/www.24zabrze.pl\/wiadomosci\/wp-content\/uploads\/2026\/02\/20260415-Ogrody-Andersa-WYBIERZ-MIESZKANIE-D.jpg\" alt=\"\"  srcset=\"https:\/\/www.24zabrze.pl\/wiadomosci\/wp-content\/uploads\/2026\/02\/20260415-Ogrody-Andersa-WYBIERZ-MIESZKANIE-D.jpg 750w, https:\/\/www.24zabrze.pl\/wiadomosci\/wp-content\/uploads\/2026\/02\/20260415-Ogrody-Andersa-WYBIERZ-MIESZKANIE-D-410x109.jpg 410w\" sizes=\"(max-width: 750px) 100vw, 750px\" class=\"no-lazyload\" width=\"750\" height=\"200\"  style=\"display: inline-block; max-width: 100%; height: auto;\" \/><\/a><\/div><\/div>\n<p>? Nasze produkty s\u0105 obecne w\u0142a\u015bciwie ka\u017cdej ga\u0142\u0119zi gospodarki: motoryzacji, rolnictwie, przetw\u00f3rstwie spo\u017cywczym, sadownictwie. Korzysta z nich tak\u017ce poczta i handel detaliczny &#8211; podkre\u015bla <strong>Maciej Zi\u0119tek<\/strong>, dyrektor zarz\u0105dzaj\u0105cy Schoeller Allibert.<\/p>\n<p>W Zabrzu powstanie hala produkcyjna o powierzchni 6 tys. metr\u00f3w kwadratowych z budynkiem biurowym i placem sk\u0142adowania. B\u0119dzie tu pracowa\u0107 14 nowoczesnych wtryskarek.<\/p>\n<p>Schoeller Allibert jest obecny w Polsce od 1994. Wybudowa\u0142 fabryk\u0119 w Bytomiu, kt\u00f3ra zaprzestanie produkcji, gdy ruszy zak\u0142ad w Zabrzu. <\/p>\n<p>? To b\u0119dzie nasz najnowocze\u015bniejszy zak\u0142ad na \u015bwiecie ? t\u0142umaczy <strong>Maciej Zi\u0119tek<\/strong>. <\/p>\n<p>Pracownicy z Bytomia znajd\u0105 zatrudnienie w Zabrzu. Docelowo przyj\u0119tych zostanie kolejnych 75 os\u00f3b. <\/p>\n<p>W czwartek, 27 sierpnia, uroczy\u015bcie wmurowano kamie\u0144 w\u0119gielny pod now\u0105 fabryk\u0119. W uroczysto\u015bci wzi\u0119\u0142a udzia\u0142 prezydent Zabrza, <strong>Ma\u0142gorzata Ma\u0144ka-Szulik<\/strong>. <\/p>\n<p>(TK)<\/p>\n<div id='gallery-1' class='vce-gallery gallery galleryid-76257 gallery-columns-3 gallery-size-vce-lay-b'><div class=\"vce-gallery-big\"><div class=\"big-gallery-item item-0\" >\n\t\t\t<div class='gallery-icon'>\n\t\t\t\t<a href='https:\/\/www.24zabrze.pl\/wiadomosci\/wp-content\/uploads\/2015\/08\/1-4.jpg'><img loading=\"lazy\" decoding=\"async\" width=\"810\" height=\"457\" src=\"https:\/\/www.24zabrze.pl\/wiadomosci\/wp-content\/uploads\/2015\/08\/1-4-810x457.jpg\" class=\"attachment-vce-lay-a size-vce-lay-a\" alt=\"\" srcset=\"https:\/\/www.24zabrze.pl\/wiadomosci\/wp-content\/uploads\/2015\/08\/1-4.jpg 810w, https:\/\/www.24zabrze.pl\/wiadomosci\/wp-content\/uploads\/2015\/08\/1-4-768x433.jpg 768w, https:\/\/www.24zabrze.pl\/wiadomosci\/wp-content\/uploads\/2015\/08\/1-4-410x232.jpg 410w, https:\/\/www.24zabrze.pl\/wiadomosci\/wp-content\/uploads\/2015\/08\/1-4-806x455.jpg 806w\" sizes=\"auto, (max-width: 810px) 100vw, 810px\" \/><\/a>\n\t\t\t<\/div><\/div><div class=\"big-gallery-item item-1\" style=\"display:none;\">\n\t\t\t<div class='gallery-icon'>\n\t\t\t\t<a href='https:\/\/www.24zabrze.pl\/wiadomosci\/wp-content\/uploads\/2015\/08\/1-5.jpg'><img loading=\"lazy\" decoding=\"async\" width=\"810\" height=\"456\" src=\"https:\/\/www.24zabrze.pl\/wiadomosci\/wp-content\/uploads\/2015\/08\/1-5-810x456.jpg\" class=\"attachment-vce-lay-a size-vce-lay-a\" alt=\"\" srcset=\"https:\/\/www.24zabrze.pl\/wiadomosci\/wp-content\/uploads\/2015\/08\/1-5.jpg 810w, https:\/\/www.24zabrze.pl\/wiadomosci\/wp-content\/uploads\/2015\/08\/1-5-768x432.jpg 768w, https:\/\/www.24zabrze.pl\/wiadomosci\/wp-content\/uploads\/2015\/08\/1-5-410x232.jpg 410w, https:\/\/www.24zabrze.pl\/wiadomosci\/wp-content\/uploads\/2015\/08\/1-5-808x455.jpg 808w\" sizes=\"auto, (max-width: 810px) 100vw, 810px\" \/><\/a>\n\t\t\t<\/div><\/div><div class=\"big-gallery-item item-2\" style=\"display:none;\">\n\t\t\t<div class='gallery-icon'>\n\t\t\t\t<a href='https:\/\/www.24zabrze.pl\/wiadomosci\/wp-content\/uploads\/2015\/08\/1-6.jpg'><img loading=\"lazy\" decoding=\"async\" width=\"810\" height=\"457\" src=\"https:\/\/www.24zabrze.pl\/wiadomosci\/wp-content\/uploads\/2015\/08\/1-6-810x457.jpg\" class=\"attachment-vce-lay-a size-vce-lay-a\" alt=\"\" srcset=\"https:\/\/www.24zabrze.pl\/wiadomosci\/wp-content\/uploads\/2015\/08\/1-6.jpg 810w, https:\/\/www.24zabrze.pl\/wiadomosci\/wp-content\/uploads\/2015\/08\/1-6-768x433.jpg 768w, https:\/\/www.24zabrze.pl\/wiadomosci\/wp-content\/uploads\/2015\/08\/1-6-410x232.jpg 410w, https:\/\/www.24zabrze.pl\/wiadomosci\/wp-content\/uploads\/2015\/08\/1-6-806x455.jpg 806w\" sizes=\"auto, (max-width: 810px) 100vw, 810px\" \/><\/a>\n\t\t\t<\/div><\/div><div class=\"big-gallery-item item-3\" style=\"display:none;\">\n\t\t\t<div class='gallery-icon'>\n\t\t\t\t<a href='https:\/\/www.24zabrze.pl\/wiadomosci\/wp-content\/uploads\/2015\/08\/1-7.jpg'><img loading=\"lazy\" decoding=\"async\" width=\"810\" height=\"457\" src=\"https:\/\/www.24zabrze.pl\/wiadomosci\/wp-content\/uploads\/2015\/08\/1-7-810x457.jpg\" class=\"attachment-vce-lay-a size-vce-lay-a\" alt=\"\" srcset=\"https:\/\/www.24zabrze.pl\/wiadomosci\/wp-content\/uploads\/2015\/08\/1-7.jpg 810w, https:\/\/www.24zabrze.pl\/wiadomosci\/wp-content\/uploads\/2015\/08\/1-7-768x433.jpg 768w, https:\/\/www.24zabrze.pl\/wiadomosci\/wp-content\/uploads\/2015\/08\/1-7-410x232.jpg 410w, https:\/\/www.24zabrze.pl\/wiadomosci\/wp-content\/uploads\/2015\/08\/1-7-806x455.jpg 806w\" sizes=\"auto, (max-width: 810px) 100vw, 810px\" \/><\/a>\n\t\t\t<\/div><\/div><div class=\"big-gallery-item item-4\" style=\"display:none;\">\n\t\t\t<div class='gallery-icon'>\n\t\t\t\t<a href='https:\/\/www.24zabrze.pl\/wiadomosci\/wp-content\/uploads\/2015\/08\/1-8.jpg'><img loading=\"lazy\" decoding=\"async\" width=\"810\" height=\"456\" src=\"https:\/\/www.24zabrze.pl\/wiadomosci\/wp-content\/uploads\/2015\/08\/1-8-810x456.jpg\" class=\"attachment-vce-lay-a size-vce-lay-a\" alt=\"\" srcset=\"https:\/\/www.24zabrze.pl\/wiadomosci\/wp-content\/uploads\/2015\/08\/1-8.jpg 810w, https:\/\/www.24zabrze.pl\/wiadomosci\/wp-content\/uploads\/2015\/08\/1-8-768x432.jpg 768w, https:\/\/www.24zabrze.pl\/wiadomosci\/wp-content\/uploads\/2015\/08\/1-8-410x232.jpg 410w, https:\/\/www.24zabrze.pl\/wiadomosci\/wp-content\/uploads\/2015\/08\/1-8-808x455.jpg 808w\" sizes=\"auto, (max-width: 810px) 100vw, 810px\" \/><\/a>\n\t\t\t<\/div><\/div><\/div><div class=\"vce-gallery-slider\" data-columns=\"3\"><figure class='gallery-item' data-item='0'>\n\t\t\t<div class='gallery-icon landscape'>\n\t\t\t\t<a href='https:\/\/www.24zabrze.pl\/wiadomosci\/wp-content\/uploads\/2015\/08\/1-4.jpg'><img loading=\"lazy\" decoding=\"async\" width=\"375\" height=\"195\" src=\"https:\/\/www.24zabrze.pl\/wiadomosci\/wp-content\/uploads\/2015\/08\/1-4-375x195.jpg\" class=\"attachment-vce-lay-b size-vce-lay-b\" alt=\"\" \/><\/a>\n\t\t\t<\/div><\/figure><figure class='gallery-item' data-item='1'>\n\t\t\t<div class='gallery-icon landscape'>\n\t\t\t\t<a href='https:\/\/www.24zabrze.pl\/wiadomosci\/wp-content\/uploads\/2015\/08\/1-5.jpg'><img loading=\"lazy\" decoding=\"async\" width=\"375\" height=\"195\" src=\"https:\/\/www.24zabrze.pl\/wiadomosci\/wp-content\/uploads\/2015\/08\/1-5-375x195.jpg\" class=\"attachment-vce-lay-b size-vce-lay-b\" alt=\"\" \/><\/a>\n\t\t\t<\/div><\/figure><figure class='gallery-item' data-item='2'>\n\t\t\t<div class='gallery-icon landscape'>\n\t\t\t\t<a href='https:\/\/www.24zabrze.pl\/wiadomosci\/wp-content\/uploads\/2015\/08\/1-6.jpg'><img loading=\"lazy\" decoding=\"async\" width=\"375\" height=\"195\" src=\"https:\/\/www.24zabrze.pl\/wiadomosci\/wp-content\/uploads\/2015\/08\/1-6-375x195.jpg\" class=\"attachment-vce-lay-b size-vce-lay-b\" alt=\"\" \/><\/a>\n\t\t\t<\/div><\/figure><figure class='gallery-item' data-item='3'>\n\t\t\t<div class='gallery-icon landscape'>\n\t\t\t\t<a href='https:\/\/www.24zabrze.pl\/wiadomosci\/wp-content\/uploads\/2015\/08\/1-7.jpg'><img loading=\"lazy\" decoding=\"async\" width=\"375\" height=\"195\" src=\"https:\/\/www.24zabrze.pl\/wiadomosci\/wp-content\/uploads\/2015\/08\/1-7-375x195.jpg\" class=\"attachment-vce-lay-b size-vce-lay-b\" alt=\"\" \/><\/a>\n\t\t\t<\/div><\/figure><figure class='gallery-item' data-item='4'>\n\t\t\t<div class='gallery-icon landscape'>\n\t\t\t\t<a href='https:\/\/www.24zabrze.pl\/wiadomosci\/wp-content\/uploads\/2015\/08\/1-8.jpg'><img loading=\"lazy\" decoding=\"async\" width=\"375\" height=\"195\" src=\"https:\/\/www.24zabrze.pl\/wiadomosci\/wp-content\/uploads\/2015\/08\/1-8-375x195.jpg\" class=\"attachment-vce-lay-b size-vce-lay-b\" alt=\"\" \/><\/a>\n\t\t\t<\/div><\/figure><\/div><\/div>\n\n","protected":false},"excerpt":{"rendered":"<p>Fabryk\u0119, dla potrzeb holenderskiego Schoeller Allibert zaprojektowa\u0142a i zbuduje katowicka firma Pro-Invest. Prace nad inwestycj\u0105 w strefie ekonomicznej b\u0119d\u0105 toczy\u0142y si\u0119 bardzo szybko. Ju\u017c w lutym przysz\u0142ego roku zak\u0142ad ma by\u0107 gotowy. Schoeller Allibert jest potentatem bran\u017cy opakowa\u0144 wielokrotnego u\u017cytku z tworzyw sztucznych. Posiada 14 fabryk rozsianych po ca\u0142ym \u015bwiecie oraz biura handlowe w 55 [&hellip;]<\/p>\n","protected":false},"author":4,"featured_media":76258,"comment_status":"closed","ping_status":"closed","sticky":false,"template":"","format":"standard","meta":{"_monsterinsights_skip_tracking":false,"_monsterinsights_sitenote_active":false,"_monsterinsights_sitenote_note":"","_monsterinsights_sitenote_category":0,"footnotes":"","_links_to":"","_links_to_target":""},"categories":[8,9,1],"tags":[],"class_list":["post-76257","post","type-post","status-publish","format-standard","has-post-thumbnail","hentry","category-referendum","category-stronaglowna","category-wszystko"],"_links":{"self":[{"href":"https:\/\/www.24zabrze.pl\/wiadomosci\/wp-json\/wp\/v2\/posts\/76257","targetHints":{"allow":["GET"]}}],"collection":[{"href":"https:\/\/www.24zabrze.pl\/wiadomosci\/wp-json\/wp\/v2\/posts"}],"about":[{"href":"https:\/\/www.24zabrze.pl\/wiadomosci\/wp-json\/wp\/v2\/types\/post"}],"author":[{"embeddable":true,"href":"https:\/\/www.24zabrze.pl\/wiadomosci\/wp-json\/wp\/v2\/users\/4"}],"replies":[{"embeddable":true,"href":"https:\/\/www.24zabrze.pl\/wiadomosci\/wp-json\/wp\/v2\/comments?post=76257"}],"version-history":[{"count":0,"href":"https:\/\/www.24zabrze.pl\/wiadomosci\/wp-json\/wp\/v2\/posts\/76257\/revisions"}],"wp:featuredmedia":[{"embeddable":true,"href":"https:\/\/www.24zabrze.pl\/wiadomosci\/wp-json\/wp\/v2\/media\/76258"}],"wp:attachment":[{"href":"https:\/\/www.24zabrze.pl\/wiadomosci\/wp-json\/wp\/v2\/media?parent=76257"}],"wp:term":[{"taxonomy":"category","embeddable":true,"href":"https:\/\/www.24zabrze.pl\/wiadomosci\/wp-json\/wp\/v2\/categories?post=76257"},{"taxonomy":"post_tag","embeddable":true,"href":"https:\/\/www.24zabrze.pl\/wiadomosci\/wp-json\/wp\/v2\/tags?post=76257"}],"curies":[{"name":"wp","href":"https:\/\/api.w.org\/{rel}","templated":true}]}}