{"id":76189,"date":"2015-08-25T14:18:12","date_gmt":"2015-08-25T12:18:12","guid":{"rendered":"http:\/\/www.24zabrze.pl\/wiadomosci\/?p=76189"},"modified":"2015-08-26T17:09:08","modified_gmt":"2015-08-26T15:09:08","slug":"trwa-kampania-wyborcza-beata-szydlo-przyjezdza-do-zabrza","status":"publish","type":"post","link":"https:\/\/www.24zabrze.pl\/wiadomosci\/trwa-kampania-wyborcza-beata-szydlo-przyjezdza-do-zabrza\/","title":{"rendered":"Trwa kampania wyborcza. Beata Szyd\u0142o przyje\u017cd\u017ca do Zabrza"},"content":{"rendered":"<div class=\"zabrz-a6-z-nad-leadem-artykulow zabrz-entity-placement\" id=\"zabrz-3225289837\"><div class=\"zabrz-adlabel\"><span style=\"font-size: 9px\">REKLAMA<\/span><\/div><div id=\"zabrz-861708027\" style=\"margin-bottom: 30px;margin-left: auto;margin-right: auto;text-align: center;\"><a data-no-instant=\"1\" href=\"https:\/\/dom100.eu\/\" rel=\"noopener\" class=\"a2t-link\" target=\"_blank\" aria-label=\"20260415 DOM100 D\"><img loading=\"lazy\" decoding=\"async\" src=\"https:\/\/www.24zabrze.pl\/wiadomosci\/wp-content\/uploads\/2026\/02\/20260415-DOM100-D.jpg\" alt=\"\"  srcset=\"https:\/\/www.24zabrze.pl\/wiadomosci\/wp-content\/uploads\/2026\/02\/20260415-DOM100-D.jpg 750w, https:\/\/www.24zabrze.pl\/wiadomosci\/wp-content\/uploads\/2026\/02\/20260415-DOM100-D-410x109.jpg 410w\" sizes=\"(max-width: 750px) 100vw, 750px\" class=\"no-lazyload\" width=\"750\" height=\"200\"  style=\"display: inline-block; max-width: 100%; height: auto;\" \/><\/a><\/div><\/div><h3> Kandydatka Prawa i Sprawiedliwo\u015bci na premiera pojawi si\u0119 w Zabrzu w \u015brod\u0119, 26 sierpnia. Spotka si\u0119 m.in. z przedstawicielami g\u00f3rniczych zwi\u0105zk\u00f3w zawodowych Kopalni ?Makoszowy?.<\/h3>\n<p>Wizyta u przedstawiciel zwi\u0105zk\u00f3w zawodowych zaplanowana jest na godz. 11.00 w Izbie Pami\u0119ci kopalni &#8220;Makoszowy&#8221;. O godz. 11.40 pos\u0142anka z\u0142o\u017cy kwiaty pod pomnikiem naprzeciw g\u0142\u00f3wnego wej\u015bcia do zak\u0142adu, upami\u0119tniaj\u0105cym tragedi\u0119 w kopalni, do kt\u00f3rej dosz\u0142o w 1958 roku. Zgin\u0119\u0142o w\u00f3wczas 72 g\u00f3rnik\u00f3w, a 87 powa\u017cnie zatru\u0142o si\u0119 gazem.<\/p><div class=\"zabrz-a3-z-w-tresci-artykulow zabrz-entity-placement\" id=\"zabrz-326821733\"><div class=\"zabrz-adlabel\"><span style=\"font-size: 9px\">REKLAMA<\/span><\/div><div id=\"zabrz-3628720095\" style=\"margin-bottom: 40px;margin-left: auto;margin-right: auto;text-align: center;\"><a data-no-instant=\"1\" href=\"https:\/\/ogrodyandersa.pl\/\" rel=\"noopener\" class=\"a2t-link\" target=\"_blank\" aria-label=\"20260415 Ogrody Andersa WYBIERZ MIESZKANIE D\"><img loading=\"lazy\" decoding=\"async\" src=\"https:\/\/www.24zabrze.pl\/wiadomosci\/wp-content\/uploads\/2026\/02\/20260415-Ogrody-Andersa-WYBIERZ-MIESZKANIE-D.jpg\" alt=\"\"  srcset=\"https:\/\/www.24zabrze.pl\/wiadomosci\/wp-content\/uploads\/2026\/02\/20260415-Ogrody-Andersa-WYBIERZ-MIESZKANIE-D.jpg 750w, https:\/\/www.24zabrze.pl\/wiadomosci\/wp-content\/uploads\/2026\/02\/20260415-Ogrody-Andersa-WYBIERZ-MIESZKANIE-D-410x109.jpg 410w\" sizes=\"(max-width: 750px) 100vw, 750px\" class=\"no-lazyload\" width=\"750\" height=\"200\"  style=\"display: inline-block; max-width: 100%; height: auto;\" \/><\/a><\/div><\/div>\n<p>(TK)<\/p>\n","protected":false},"excerpt":{"rendered":"<p>Kandydatka Prawa i Sprawiedliwo\u015bci na premiera pojawi si\u0119 w Zabrzu w \u015brod\u0119, 26 sierpnia. Spotka si\u0119 m.in. z przedstawicielami g\u00f3rniczych zwi\u0105zk\u00f3w zawodowych Kopalni ?Makoszowy?. Wizyta u przedstawiciel zwi\u0105zk\u00f3w zawodowych zaplanowana jest na godz. 11.00 w Izbie Pami\u0119ci kopalni &#8220;Makoszowy&#8221;. O godz. 11.40 pos\u0142anka z\u0142o\u017cy kwiaty pod pomnikiem naprzeciw g\u0142\u00f3wnego wej\u015bcia do zak\u0142adu, upami\u0119tniaj\u0105cym tragedi\u0119 w [&hellip;]<\/p>\n","protected":false},"author":4,"featured_media":76190,"comment_status":"closed","ping_status":"closed","sticky":false,"template":"","format":"standard","meta":{"_monsterinsights_skip_tracking":false,"_monsterinsights_sitenote_active":false,"_monsterinsights_sitenote_note":"","_monsterinsights_sitenote_category":0,"footnotes":"","_links_to":"","_links_to_target":""},"categories":[8,1],"tags":[],"class_list":["post-76189","post","type-post","status-publish","format-standard","has-post-thumbnail","hentry","category-referendum","category-wszystko"],"_links":{"self":[{"href":"https:\/\/www.24zabrze.pl\/wiadomosci\/wp-json\/wp\/v2\/posts\/76189","targetHints":{"allow":["GET"]}}],"collection":[{"href":"https:\/\/www.24zabrze.pl\/wiadomosci\/wp-json\/wp\/v2\/posts"}],"about":[{"href":"https:\/\/www.24zabrze.pl\/wiadomosci\/wp-json\/wp\/v2\/types\/post"}],"author":[{"embeddable":true,"href":"https:\/\/www.24zabrze.pl\/wiadomosci\/wp-json\/wp\/v2\/users\/4"}],"replies":[{"embeddable":true,"href":"https:\/\/www.24zabrze.pl\/wiadomosci\/wp-json\/wp\/v2\/comments?post=76189"}],"version-history":[{"count":0,"href":"https:\/\/www.24zabrze.pl\/wiadomosci\/wp-json\/wp\/v2\/posts\/76189\/revisions"}],"wp:featuredmedia":[{"embeddable":true,"href":"https:\/\/www.24zabrze.pl\/wiadomosci\/wp-json\/wp\/v2\/media\/76190"}],"wp:attachment":[{"href":"https:\/\/www.24zabrze.pl\/wiadomosci\/wp-json\/wp\/v2\/media?parent=76189"}],"wp:term":[{"taxonomy":"category","embeddable":true,"href":"https:\/\/www.24zabrze.pl\/wiadomosci\/wp-json\/wp\/v2\/categories?post=76189"},{"taxonomy":"post_tag","embeddable":true,"href":"https:\/\/www.24zabrze.pl\/wiadomosci\/wp-json\/wp\/v2\/tags?post=76189"}],"curies":[{"name":"wp","href":"https:\/\/api.w.org\/{rel}","templated":true}]}}