{"id":76183,"date":"2015-08-25T13:55:20","date_gmt":"2015-08-25T11:55:20","guid":{"rendered":"http:\/\/www.24zabrze.pl\/wiadomosci\/?p=76183"},"modified":"2015-08-25T13:55:20","modified_gmt":"2015-08-25T11:55:20","slug":"w-strefie-ekonomicznej-powstanie-gigantyczna-hala-produkcyjna-beda-nowe-miejsca-pracy","status":"publish","type":"post","link":"https:\/\/www.24zabrze.pl\/wiadomosci\/w-strefie-ekonomicznej-powstanie-gigantyczna-hala-produkcyjna-beda-nowe-miejsca-pracy\/","title":{"rendered":"W strefie ekonomicznej powstanie gigantyczna hala produkcyjna. B\u0119d\u0105 nowe miejsca pracy"},"content":{"rendered":"<div class=\"zabrz-a6-z-nad-leadem-artykulow zabrz-entity-placement\" id=\"zabrz-408850451\"><div class=\"zabrz-adlabel\"><span style=\"font-size: 9px\">REKLAMA<\/span><\/div><div id=\"zabrz-2513363280\" style=\"margin-bottom: 30px;margin-left: auto;margin-right: auto;text-align: center;\"><a data-no-instant=\"1\" href=\"https:\/\/dom100.eu\/\" rel=\"noopener\" class=\"a2t-link\" target=\"_blank\" aria-label=\"20260415 DOM100 D\"><img loading=\"lazy\" decoding=\"async\" src=\"https:\/\/www.24zabrze.pl\/wiadomosci\/wp-content\/uploads\/2026\/02\/20260415-DOM100-D.jpg\" alt=\"\"  srcset=\"https:\/\/www.24zabrze.pl\/wiadomosci\/wp-content\/uploads\/2026\/02\/20260415-DOM100-D.jpg 750w, https:\/\/www.24zabrze.pl\/wiadomosci\/wp-content\/uploads\/2026\/02\/20260415-DOM100-D-410x109.jpg 410w\" sizes=\"(max-width: 750px) 100vw, 750px\" class=\"no-lazyload\" width=\"750\" height=\"200\"  style=\"display: inline-block; max-width: 100%; height: auto;\" \/><\/a><\/div><\/div><h3> W czwartek, 27 sierpnia, punktualnie w samo po\u0142udnie, symbolicznym wmurowaniem kamienia w\u0119gielnego rozpocznie si\u0119 budowa nowej hali produkcyjno-magazynowej Schoeller Allibert.<\/h3>\n<p>Sp\u00f3\u0142ka Schoeller Allibert zajmuje si\u0119 produkcj\u0105 opakowa\u0144 zwrotnych z tworzywa sztucznego. Planowany termin zako\u0144czenia inwestycji to 31 grudnia 2016 r. Firma planuje zatrudni\u0107 ok. 75 os\u00f3b.<\/p><div class=\"zabrz-a3-z-w-tresci-artykulow zabrz-entity-placement\" id=\"zabrz-3808341650\"><div class=\"zabrz-adlabel\"><span style=\"font-size: 9px\">REKLAMA<\/span><\/div><div id=\"zabrz-2492337425\" style=\"margin-bottom: 40px;margin-left: auto;margin-right: auto;text-align: center;\"><a data-no-instant=\"1\" href=\"https:\/\/ogrodyandersa.pl\/\" rel=\"noopener\" class=\"a2t-link\" target=\"_blank\" aria-label=\"20260415 Ogrody Andersa WYBIERZ MIESZKANIE D\"><img loading=\"lazy\" decoding=\"async\" src=\"https:\/\/www.24zabrze.pl\/wiadomosci\/wp-content\/uploads\/2026\/02\/20260415-Ogrody-Andersa-WYBIERZ-MIESZKANIE-D.jpg\" alt=\"\"  srcset=\"https:\/\/www.24zabrze.pl\/wiadomosci\/wp-content\/uploads\/2026\/02\/20260415-Ogrody-Andersa-WYBIERZ-MIESZKANIE-D.jpg 750w, https:\/\/www.24zabrze.pl\/wiadomosci\/wp-content\/uploads\/2026\/02\/20260415-Ogrody-Andersa-WYBIERZ-MIESZKANIE-D-410x109.jpg 410w\" sizes=\"(max-width: 750px) 100vw, 750px\" class=\"no-lazyload\" width=\"750\" height=\"200\"  style=\"display: inline-block; max-width: 100%; height: auto;\" \/><\/a><\/div><\/div>\n<p>&#8211; W ramach inwestycji powstan\u0105 obiekty produkcyjne, magazynowe oraz biurowo-socjalne o \u0142\u0105cznej powierzchni zabudowy ok. 7 tys. m kw.- informuje <strong>Jartom Real Estate<\/strong>. <\/p>\n<p>Kompleks powstanie na nieruchomo\u015bci po\u0142o\u017conej przy ul. Karola Goduli. <\/p>\n<p>W ostatnich miesi\u0105cach w zabrza\u0144skiej strefie ekonomicznej sporo si\u0119 dzieje. Trwa tu nie tylko uzbrajanie dzia\u0142ek, ale powstaj\u0105 nowe zak\u0142ady. Pod koniec czerwca Zak\u0142ad Piekarniczy K\u0142os otworzy\u0142 tu za 30 mln z\u0142 kolejn\u0105 piekarni\u0119, w kt\u00f3rej pracuje 50 os\u00f3b. Przy nowym odcinku ul. Handlowej trwa obecnie budowa zak\u0142adu produkcyjnego du\u0144skiej firmy Bellmaflex, kt\u00f3ra zajmuje si\u0119 szeroko poj\u0119t\u0105 produkcj\u0105 armatury. Planowany termin zako\u0144czenia budowy to grudzie\u0144 2015 r.<\/p>\n<p>Spore zainteresowanie inwestor\u00f3w dzia\u0142kami znajduj\u0105cymi si\u0119 na terenie parku przemys\u0142owego przy ul. Goduli i Ofiar Katynia w Zabrzu  sk\u0142oni\u0142o w\u0142adze miasta do ubiegania si\u0119 o status Specjalnej Strefy Ekonomicznej dla kolejnych teren\u00f3w w tym rejonie. Obecnie znajduje si\u0119 tam 19 dzia\u0142ek, ale podczas majowej sesji Rady Miejskiej w Zabrzu zapad\u0142a uchwa\u0142a w sprawie rozszerzenia strefy. Uchwa\u0142a przewiduje w\u0142\u0105czenie 20 dzia\u0142ek, o powierzchni 44 ha. <\/p>\n<p>(TK)<\/p>\n","protected":false},"excerpt":{"rendered":"<p>W czwartek, 27 sierpnia, punktualnie w samo po\u0142udnie, symbolicznym wmurowaniem kamienia w\u0119gielnego rozpocznie si\u0119 budowa nowej hali produkcyjno-magazynowej Schoeller Allibert. Sp\u00f3\u0142ka Schoeller Allibert zajmuje si\u0119 produkcj\u0105 opakowa\u0144 zwrotnych z tworzywa sztucznego. Planowany termin zako\u0144czenia inwestycji to 31 grudnia 2016 r. Firma planuje zatrudni\u0107 ok. 75 os\u00f3b. &#8211; W ramach inwestycji powstan\u0105 obiekty produkcyjne, magazynowe oraz [&hellip;]<\/p>\n","protected":false},"author":4,"featured_media":76184,"comment_status":"closed","ping_status":"closed","sticky":false,"template":"","format":"standard","meta":{"_monsterinsights_skip_tracking":false,"_monsterinsights_sitenote_active":false,"_monsterinsights_sitenote_note":"","_monsterinsights_sitenote_category":0,"footnotes":"","_links_to":"","_links_to_target":""},"categories":[8,9,1],"tags":[],"class_list":["post-76183","post","type-post","status-publish","format-standard","has-post-thumbnail","hentry","category-referendum","category-stronaglowna","category-wszystko"],"_links":{"self":[{"href":"https:\/\/www.24zabrze.pl\/wiadomosci\/wp-json\/wp\/v2\/posts\/76183","targetHints":{"allow":["GET"]}}],"collection":[{"href":"https:\/\/www.24zabrze.pl\/wiadomosci\/wp-json\/wp\/v2\/posts"}],"about":[{"href":"https:\/\/www.24zabrze.pl\/wiadomosci\/wp-json\/wp\/v2\/types\/post"}],"author":[{"embeddable":true,"href":"https:\/\/www.24zabrze.pl\/wiadomosci\/wp-json\/wp\/v2\/users\/4"}],"replies":[{"embeddable":true,"href":"https:\/\/www.24zabrze.pl\/wiadomosci\/wp-json\/wp\/v2\/comments?post=76183"}],"version-history":[{"count":0,"href":"https:\/\/www.24zabrze.pl\/wiadomosci\/wp-json\/wp\/v2\/posts\/76183\/revisions"}],"wp:featuredmedia":[{"embeddable":true,"href":"https:\/\/www.24zabrze.pl\/wiadomosci\/wp-json\/wp\/v2\/media\/76184"}],"wp:attachment":[{"href":"https:\/\/www.24zabrze.pl\/wiadomosci\/wp-json\/wp\/v2\/media?parent=76183"}],"wp:term":[{"taxonomy":"category","embeddable":true,"href":"https:\/\/www.24zabrze.pl\/wiadomosci\/wp-json\/wp\/v2\/categories?post=76183"},{"taxonomy":"post_tag","embeddable":true,"href":"https:\/\/www.24zabrze.pl\/wiadomosci\/wp-json\/wp\/v2\/tags?post=76183"}],"curies":[{"name":"wp","href":"https:\/\/api.w.org\/{rel}","templated":true}]}}