{"id":76171,"date":"2015-08-24T12:22:36","date_gmt":"2015-08-24T10:22:36","guid":{"rendered":"http:\/\/www.24zabrze.pl\/wiadomosci\/?p=76171"},"modified":"2015-08-24T12:22:36","modified_gmt":"2015-08-24T10:22:36","slug":"wracaja-upaly-ale-w-basenie-na-osiedlu-kopernika-sie-nie-wykapiecie","status":"publish","type":"post","link":"https:\/\/www.24zabrze.pl\/wiadomosci\/wracaja-upaly-ale-w-basenie-na-osiedlu-kopernika-sie-nie-wykapiecie\/","title":{"rendered":"Wracaj\u0105 upa\u0142y. Ale w basenie na osiedlu Kopernika si\u0119 nie wyk\u0105piecie"},"content":{"rendered":"<div class=\"zabrz-a6-z-nad-leadem-artykulow zabrz-entity-placement\" id=\"zabrz-2484300606\"><div class=\"zabrz-adlabel\"><span style=\"font-size: 9px\">REKLAMA<\/span><\/div><div id=\"zabrz-1423410258\" style=\"margin-bottom: 30px;margin-left: auto;margin-right: auto;text-align: center;\"><a data-no-instant=\"1\" href=\"https:\/\/dom100.eu\/\" rel=\"noopener\" class=\"a2t-link\" target=\"_blank\" aria-label=\"20260415 DOM100 D\"><img loading=\"lazy\" decoding=\"async\" src=\"https:\/\/www.24zabrze.pl\/wiadomosci\/wp-content\/uploads\/2026\/02\/20260415-DOM100-D.jpg\" alt=\"\"  srcset=\"https:\/\/www.24zabrze.pl\/wiadomosci\/wp-content\/uploads\/2026\/02\/20260415-DOM100-D.jpg 750w, https:\/\/www.24zabrze.pl\/wiadomosci\/wp-content\/uploads\/2026\/02\/20260415-DOM100-D-410x109.jpg 410w\" sizes=\"(max-width: 750px) 100vw, 750px\" class=\"no-lazyload\" width=\"750\" height=\"200\"  style=\"display: inline-block; max-width: 100%; height: auto;\" \/><\/a><\/div><\/div><h3> Kryta p\u0142ywalnia Aquarius jest zamkni\u0119ta na cztery spusty. I tak b\u0119dzie do ko\u0144ca wakacji. <\/h3>\n<p>Basen jest zamkni\u0119ty od 15 sierpnia. Ma to zwi\u0105zek z przerw\u0105 technologiczn\u0105. K\u0105pieli w Aquariusie za\u017cyjemy dopiero we wrze\u015bniu. P\u00f3ki co do dyspozycji zostaje K\u0105pielisko Le\u015bne w Maciejowie i Miejski Zak\u0142ad K\u0105pielowy przy placu Krakowskim. <\/p><div class=\"zabrz-a3-z-w-tresci-artykulow zabrz-entity-placement\" id=\"zabrz-4061880963\"><div class=\"zabrz-adlabel\"><span style=\"font-size: 9px\">REKLAMA<\/span><\/div><div id=\"zabrz-2484806124\" style=\"margin-bottom: 40px;margin-left: auto;margin-right: auto;text-align: center;\"><a data-no-instant=\"1\" href=\"https:\/\/ogrodyandersa.pl\/\" rel=\"noopener\" class=\"a2t-link\" target=\"_blank\" aria-label=\"20260415 Ogrody Andersa WYBIERZ MIESZKANIE D\"><img loading=\"lazy\" decoding=\"async\" src=\"https:\/\/www.24zabrze.pl\/wiadomosci\/wp-content\/uploads\/2026\/02\/20260415-Ogrody-Andersa-WYBIERZ-MIESZKANIE-D.jpg\" alt=\"\"  srcset=\"https:\/\/www.24zabrze.pl\/wiadomosci\/wp-content\/uploads\/2026\/02\/20260415-Ogrody-Andersa-WYBIERZ-MIESZKANIE-D.jpg 750w, https:\/\/www.24zabrze.pl\/wiadomosci\/wp-content\/uploads\/2026\/02\/20260415-Ogrody-Andersa-WYBIERZ-MIESZKANIE-D-410x109.jpg 410w\" sizes=\"(max-width: 750px) 100vw, 750px\" class=\"no-lazyload\" width=\"750\" height=\"200\"  style=\"display: inline-block; max-width: 100%; height: auto;\" \/><\/a><\/div><\/div>\n<p>(TK)<\/p>\n","protected":false},"excerpt":{"rendered":"<p>Kryta p\u0142ywalnia Aquarius jest zamkni\u0119ta na cztery spusty. I tak b\u0119dzie do ko\u0144ca wakacji. Basen jest zamkni\u0119ty od 15 sierpnia. Ma to zwi\u0105zek z przerw\u0105 technologiczn\u0105. K\u0105pieli w Aquariusie za\u017cyjemy dopiero we wrze\u015bniu. P\u00f3ki co do dyspozycji zostaje K\u0105pielisko Le\u015bne w Maciejowie i Miejski Zak\u0142ad K\u0105pielowy przy placu Krakowskim. (TK)<\/p>\n","protected":false},"author":4,"featured_media":76172,"comment_status":"closed","ping_status":"closed","sticky":false,"template":"","format":"standard","meta":{"_monsterinsights_skip_tracking":false,"_monsterinsights_sitenote_active":false,"_monsterinsights_sitenote_note":"","_monsterinsights_sitenote_category":0,"footnotes":"","_links_to":"","_links_to_target":""},"categories":[8,9,1],"tags":[],"class_list":["post-76171","post","type-post","status-publish","format-standard","has-post-thumbnail","hentry","category-referendum","category-stronaglowna","category-wszystko"],"_links":{"self":[{"href":"https:\/\/www.24zabrze.pl\/wiadomosci\/wp-json\/wp\/v2\/posts\/76171","targetHints":{"allow":["GET"]}}],"collection":[{"href":"https:\/\/www.24zabrze.pl\/wiadomosci\/wp-json\/wp\/v2\/posts"}],"about":[{"href":"https:\/\/www.24zabrze.pl\/wiadomosci\/wp-json\/wp\/v2\/types\/post"}],"author":[{"embeddable":true,"href":"https:\/\/www.24zabrze.pl\/wiadomosci\/wp-json\/wp\/v2\/users\/4"}],"replies":[{"embeddable":true,"href":"https:\/\/www.24zabrze.pl\/wiadomosci\/wp-json\/wp\/v2\/comments?post=76171"}],"version-history":[{"count":0,"href":"https:\/\/www.24zabrze.pl\/wiadomosci\/wp-json\/wp\/v2\/posts\/76171\/revisions"}],"wp:featuredmedia":[{"embeddable":true,"href":"https:\/\/www.24zabrze.pl\/wiadomosci\/wp-json\/wp\/v2\/media\/76172"}],"wp:attachment":[{"href":"https:\/\/www.24zabrze.pl\/wiadomosci\/wp-json\/wp\/v2\/media?parent=76171"}],"wp:term":[{"taxonomy":"category","embeddable":true,"href":"https:\/\/www.24zabrze.pl\/wiadomosci\/wp-json\/wp\/v2\/categories?post=76171"},{"taxonomy":"post_tag","embeddable":true,"href":"https:\/\/www.24zabrze.pl\/wiadomosci\/wp-json\/wp\/v2\/tags?post=76171"}],"curies":[{"name":"wp","href":"https:\/\/api.w.org\/{rel}","templated":true}]}}