{"id":76160,"date":"2015-08-23T13:02:02","date_gmt":"2015-08-23T11:02:02","guid":{"rendered":"http:\/\/www.24zabrze.pl\/wiadomosci\/?p=76160"},"modified":"2015-08-23T13:02:02","modified_gmt":"2015-08-23T11:02:02","slug":"do-rozpoczecia-roku-szkolnego-pozostal-tydzien-tymczasem-w-oswiacie-szykuja-sie-zwolnienia-nauczycieli","status":"publish","type":"post","link":"https:\/\/www.24zabrze.pl\/wiadomosci\/do-rozpoczecia-roku-szkolnego-pozostal-tydzien-tymczasem-w-oswiacie-szykuja-sie-zwolnienia-nauczycieli\/","title":{"rendered":"Do rozpocz\u0119cia roku szkolnego pozosta\u0142 tydzie\u0144. Tymczasem w o\u015bwiacie szykuj\u0105 si\u0119 zwolnienia nauczycieli"},"content":{"rendered":"<div class=\"zabrz-a6-z-nad-leadem-artykulow zabrz-entity-placement\" id=\"zabrz-86428602\"><div class=\"zabrz-adlabel\"><span style=\"font-size: 9px\">REKLAMA<\/span><\/div><div id=\"zabrz-301722579\" style=\"margin-bottom: 30px;margin-left: auto;margin-right: auto;text-align: center;\"><a data-no-instant=\"1\" href=\"https:\/\/dom100.eu\/\" rel=\"noopener\" class=\"a2t-link\" target=\"_blank\" aria-label=\"20260415 DOM100 D\"><img loading=\"lazy\" decoding=\"async\" src=\"https:\/\/www.24zabrze.pl\/wiadomosci\/wp-content\/uploads\/2026\/02\/20260415-DOM100-D.jpg\" alt=\"\"  srcset=\"https:\/\/www.24zabrze.pl\/wiadomosci\/wp-content\/uploads\/2026\/02\/20260415-DOM100-D.jpg 750w, https:\/\/www.24zabrze.pl\/wiadomosci\/wp-content\/uploads\/2026\/02\/20260415-DOM100-D-410x109.jpg 410w\" sizes=\"(max-width: 750px) 100vw, 750px\" class=\"no-lazyload\" width=\"750\" height=\"200\"  style=\"display: inline-block; max-width: 100%; height: auto;\" \/><\/a><\/div><\/div><h3> Powr\u00f3t do pracy mo\u017ce by\u0107 dla przedstawicieli grona pedagogicznego okre\u015bleniem nieco na wyrost. W szko\u0142ach b\u0119d\u0105 bowiem redukcje zatrudnienia. <\/h3>\n<p>Prac\u0119 ma straci\u0107 og\u00f3\u0142em 19 nauczycieli. Wszyscy mieli umowy na czas nieokre\u015blony, a wypowiedzenia zosta\u0142y wr\u0119czone w czerwcu. Pow\u00f3d jest od kilku lat ten sam &#8211; ni\u017c demograficzny. Uczni\u00f3w jest po prostu coraz mniej. <\/p><div class=\"zabrz-a3-z-w-tresci-artykulow zabrz-entity-placement\" id=\"zabrz-2764168307\"><div class=\"zabrz-adlabel\"><span style=\"font-size: 9px\">REKLAMA<\/span><\/div><div id=\"zabrz-1898122695\" style=\"margin-bottom: 40px;margin-left: auto;margin-right: auto;text-align: center;\"><a data-no-instant=\"1\" href=\"https:\/\/ogrodyandersa.pl\/\" rel=\"noopener\" class=\"a2t-link\" target=\"_blank\" aria-label=\"20260415 Ogrody Andersa WYBIERZ MIESZKANIE D\"><img loading=\"lazy\" decoding=\"async\" src=\"https:\/\/www.24zabrze.pl\/wiadomosci\/wp-content\/uploads\/2026\/02\/20260415-Ogrody-Andersa-WYBIERZ-MIESZKANIE-D.jpg\" alt=\"\"  srcset=\"https:\/\/www.24zabrze.pl\/wiadomosci\/wp-content\/uploads\/2026\/02\/20260415-Ogrody-Andersa-WYBIERZ-MIESZKANIE-D.jpg 750w, https:\/\/www.24zabrze.pl\/wiadomosci\/wp-content\/uploads\/2026\/02\/20260415-Ogrody-Andersa-WYBIERZ-MIESZKANIE-D-410x109.jpg 410w\" sizes=\"(max-width: 750px) 100vw, 750px\" class=\"no-lazyload\" width=\"750\" height=\"200\"  style=\"display: inline-block; max-width: 100%; height: auto;\" \/><\/a><\/div><\/div>\n<p>&#8211; Zwolnienia dotycz\u0105 trzech nauczycieli w przedszkolach, trzech w podstaw\u00f3wkach, jednego w szkole specjalnej, siedmiu w gimnazjach i pi\u0119ciu w szko\u0142ach ponadgimnazjalnych ? wylicza <strong>Andrzej G\u0105ska<\/strong>, naczelnik Wydzia\u0142u O\u015bwiaty Urz\u0119du Miejskiego. <\/p>\n<p>To nie koniec z\u0142ych wie\u015bci. A\u017c 96 nauczycieli b\u0119dzie mia\u0142o ograniczone zatrudnienie, czyli brak pe\u0142nego etatu. W swojej dotychczasowej szkole b\u0119d\u0105 mieli co najmniej p\u00f3\u0142 etatu. Problem w tym, \u017ce nie maj\u0105 wyboru w kontek\u015bcie miejsca, gdzie ewentualnie mogliby poszuka\u0107 dodatkowych godzin. <\/p>\n<p>(TK)<\/p>\n","protected":false},"excerpt":{"rendered":"<p>Powr\u00f3t do pracy mo\u017ce by\u0107 dla przedstawicieli grona pedagogicznego okre\u015bleniem nieco na wyrost. W szko\u0142ach b\u0119d\u0105 bowiem redukcje zatrudnienia. Prac\u0119 ma straci\u0107 og\u00f3\u0142em 19 nauczycieli. Wszyscy mieli umowy na czas nieokre\u015blony, a wypowiedzenia zosta\u0142y wr\u0119czone w czerwcu. Pow\u00f3d jest od kilku lat ten sam &#8211; ni\u017c demograficzny. Uczni\u00f3w jest po prostu coraz mniej. &#8211; Zwolnienia [&hellip;]<\/p>\n","protected":false},"author":4,"featured_media":76161,"comment_status":"closed","ping_status":"closed","sticky":false,"template":"","format":"standard","meta":{"_monsterinsights_skip_tracking":false,"_monsterinsights_sitenote_active":false,"_monsterinsights_sitenote_note":"","_monsterinsights_sitenote_category":0,"footnotes":"","_links_to":"","_links_to_target":""},"categories":[8,9,1],"tags":[],"class_list":["post-76160","post","type-post","status-publish","format-standard","has-post-thumbnail","hentry","category-referendum","category-stronaglowna","category-wszystko"],"_links":{"self":[{"href":"https:\/\/www.24zabrze.pl\/wiadomosci\/wp-json\/wp\/v2\/posts\/76160","targetHints":{"allow":["GET"]}}],"collection":[{"href":"https:\/\/www.24zabrze.pl\/wiadomosci\/wp-json\/wp\/v2\/posts"}],"about":[{"href":"https:\/\/www.24zabrze.pl\/wiadomosci\/wp-json\/wp\/v2\/types\/post"}],"author":[{"embeddable":true,"href":"https:\/\/www.24zabrze.pl\/wiadomosci\/wp-json\/wp\/v2\/users\/4"}],"replies":[{"embeddable":true,"href":"https:\/\/www.24zabrze.pl\/wiadomosci\/wp-json\/wp\/v2\/comments?post=76160"}],"version-history":[{"count":0,"href":"https:\/\/www.24zabrze.pl\/wiadomosci\/wp-json\/wp\/v2\/posts\/76160\/revisions"}],"wp:featuredmedia":[{"embeddable":true,"href":"https:\/\/www.24zabrze.pl\/wiadomosci\/wp-json\/wp\/v2\/media\/76161"}],"wp:attachment":[{"href":"https:\/\/www.24zabrze.pl\/wiadomosci\/wp-json\/wp\/v2\/media?parent=76160"}],"wp:term":[{"taxonomy":"category","embeddable":true,"href":"https:\/\/www.24zabrze.pl\/wiadomosci\/wp-json\/wp\/v2\/categories?post=76160"},{"taxonomy":"post_tag","embeddable":true,"href":"https:\/\/www.24zabrze.pl\/wiadomosci\/wp-json\/wp\/v2\/tags?post=76160"}],"curies":[{"name":"wp","href":"https:\/\/api.w.org\/{rel}","templated":true}]}}