{"id":76122,"date":"2015-08-19T11:41:14","date_gmt":"2015-08-19T09:41:14","guid":{"rendered":"http:\/\/www.24zabrze.pl\/wiadomosci\/?p=76122"},"modified":"2015-08-21T20:43:07","modified_gmt":"2015-08-21T18:43:07","slug":"osrodek-bedzie-likwidowany-ale-co-stanie-sie-z-wychowankami","status":"publish","type":"post","link":"https:\/\/www.24zabrze.pl\/wiadomosci\/osrodek-bedzie-likwidowany-ale-co-stanie-sie-z-wychowankami\/","title":{"rendered":"O\u015brodek b\u0119dzie likwidowany. Ale co stanie si\u0119 z wychowankami?"},"content":{"rendered":"<div class=\"zabrz-a6-z-nad-leadem-artykulow zabrz-entity-placement\" id=\"zabrz-1298398948\"><div class=\"zabrz-adlabel\"><span style=\"font-size: 9px\">REKLAMA<\/span><\/div><div id=\"zabrz-559171089\" style=\"margin-bottom: 30px;margin-left: auto;margin-right: auto;text-align: center;\"><a data-no-instant=\"1\" href=\"https:\/\/dom100.eu\/\" rel=\"noopener\" class=\"a2t-link\" target=\"_blank\" aria-label=\"20260415 DOM100 D\"><img loading=\"lazy\" decoding=\"async\" src=\"https:\/\/www.24zabrze.pl\/wiadomosci\/wp-content\/uploads\/2026\/02\/20260415-DOM100-D.jpg\" alt=\"\"  srcset=\"https:\/\/www.24zabrze.pl\/wiadomosci\/wp-content\/uploads\/2026\/02\/20260415-DOM100-D.jpg 750w, https:\/\/www.24zabrze.pl\/wiadomosci\/wp-content\/uploads\/2026\/02\/20260415-DOM100-D-410x109.jpg 410w\" sizes=\"(max-width: 750px) 100vw, 750px\" class=\"no-lazyload\" width=\"750\" height=\"200\"  style=\"display: inline-block; max-width: 100%; height: auto;\" \/><\/a><\/div><\/div><h3> Lokalne w\u0142adze zapewniaj\u0105, \u017ce \u017cadne z dzieci z terenu Zabrza, kt\u00f3re przebywaj\u0105 w o\u015brodku nie pozostan\u0105 bez opieki. Wiadomo ju\u017c, \u017ce przyczyn\u0105 zamkni\u0119cia sieroci\u0144ca jest zmiana w przepisach. <\/h3>\n<p>Obecnie w o\u015brodku mieszka 23 dzieci. <\/p><div class=\"zabrz-a3-z-w-tresci-artykulow zabrz-entity-placement\" id=\"zabrz-2344851520\"><div class=\"zabrz-adlabel\"><span style=\"font-size: 9px\">REKLAMA<\/span><\/div><div id=\"zabrz-1717904338\" style=\"margin-bottom: 40px;margin-left: auto;margin-right: auto;text-align: center;\"><a data-no-instant=\"1\" href=\"https:\/\/ogrodyandersa.pl\/\" rel=\"noopener\" class=\"a2t-link\" target=\"_blank\" aria-label=\"20260415 Ogrody Andersa WYBIERZ MIESZKANIE D\"><img loading=\"lazy\" decoding=\"async\" src=\"https:\/\/www.24zabrze.pl\/wiadomosci\/wp-content\/uploads\/2026\/02\/20260415-Ogrody-Andersa-WYBIERZ-MIESZKANIE-D.jpg\" alt=\"\"  srcset=\"https:\/\/www.24zabrze.pl\/wiadomosci\/wp-content\/uploads\/2026\/02\/20260415-Ogrody-Andersa-WYBIERZ-MIESZKANIE-D.jpg 750w, https:\/\/www.24zabrze.pl\/wiadomosci\/wp-content\/uploads\/2026\/02\/20260415-Ogrody-Andersa-WYBIERZ-MIESZKANIE-D-410x109.jpg 410w\" sizes=\"(max-width: 750px) 100vw, 750px\" class=\"no-lazyload\" width=\"750\" height=\"200\"  style=\"display: inline-block; max-width: 100%; height: auto;\" \/><\/a><\/div><\/div>\n<p>&#8211; Miasto jest organem dotuj\u0105cym, ale to zgromadzenie si\u00f3str podejmuje decyzj\u0119. Zamkni\u0119cie o\u015brodka ma zwi\u0105zek z decyzj\u0105 Ministerstwa Edukacji Narodowej o zaostrzeniu interpretacji przepis\u00f3w, dotycz\u0105cych Szkolnych O\u015brodk\u00f3w Wychowawczych. By\u0142em w Warszawie na spotkaniu z przedstawicielami MEN oraz Kuratorium O\u015bwiaty w Katowicach. Zdecydowano, \u017ce Szkolne O\u015brodki Wychowawcze powinny posiada\u0107 szko\u0142y albo przekszta\u0142ci\u0107 si\u0119 w plac\u00f3wki opieku\u0144cze, kt\u00f3re nie podlega\u0142yby kuratorium a o\u015brodkom pomocy. Ta sytuacja dotyczy nie tylko zabrza\u0144skiego o\u015brodka, ale ca\u0142ego kraju. Zosta\u0142a powo\u0142ana komisja, w sk\u0142ad kt\u00f3rej weszli przedstawiciel Wojew\u00f3dzkiego Wydzia\u0142u Ochrony Zdrowia i naszego Wydzia\u0142u O\u015bwiaty. Niestety stwierdzi\u0142a, \u017ce nie by\u0142o mo\u017cliwo\u015bci utworzenia plac\u00f3wki szkolnej w o\u015brodku. Nie spe\u0142nia\u0142aby ona np. wymog\u00f3w sanitarnych. Na zmian\u0119 przepis\u00f3w o o\u015brodkach wychowawczych na\u0142o\u017cy\u0142y si\u0119 te\u017c te, m\u00f3wi\u0105ce o tym, \u017ce dzieci powinny przebywa\u0107 nie w o\u015brodku, a w pieczy zast\u0119pczej. A dzieci przebywaj\u0105ce w o\u015brodku si\u00f3str s\u0105 tam najcz\u0119\u015bciej na podstawie wyrok\u00f3w s\u0105d\u00f3w, wi\u0119c sytuacja jest tym bardziej skomplikowana ? dodaje <strong>Andrzej G\u0105ska<\/strong>, naczelnik Wydzia\u0142u O\u015bwiaty zabrza\u0144skiego magistratu. <\/p>\n<p>Zabrza\u0144ski MOPR zadba o 15 wychowank\u00f3w o\u015brodka boromeuszek. To dzieci z Zabrza. Pozosta\u0142ymi podopiecznymi, pochodz\u0105cymi z innych miast, b\u0119d\u0105 musia\u0142y zaj\u0105\u0107 si\u0119 tamtejsze  w\u0142adze.<\/p>\n<p><strong>Winne jest ustawodawstwo <\/strong><\/p>\n<p>W wydanym o\u015bwiadczeniu prze\u0142o\u017cona generalna zgromadzenia siostra <strong>Claret Kr\u00f3l <\/strong>napisa\u0142a, \u017ce Kongregacja ?zosta\u0142a zobligowana&#8221; do zamkni\u0119cia o\u015brodka zgodnie z istniej\u0105cym ustawodawstwem o\u015bwiatowym. Wszystko wskazuje na to, \u017ce wp\u0142yw na decyzj\u0119 kongregacji o likwidacji o\u015brodka mia\u0142y nowe przepisy Ustawy o systemie o\u015bwiaty, nak\u0142adaj\u0105ce na niepubliczne plac\u00f3wki o\u015bwiatowe &#8211; jak o\u015brodek boromeuszek &#8211; takie same obowi\u0105zki, jakie maj\u0105 plac\u00f3wki publiczne. <\/p>\n<p>Do 31 marca niepubliczne plac\u00f3wki dzia\u0142a\u0142y na podstawie napisanych przez siebie statut\u00f3w. Obecnie podporz\u0105dkowano je przepisom dotycz\u0105cych plac\u00f3wek publicznych. Musz\u0105 spe\u0142ni\u0107 warunki z blisko 10 rozporz\u0105dze\u0144 dotycz\u0105cych r\u00f3\u017cnych obszar\u00f3w funkcjonowania. Chodzi m.in. o liczb\u0119 zatrudnionych, wykonywane zadania, liczebno\u015b\u0107 grup wychowawczych, prowadzenie dokumentacji.<\/p>\n<p><strong>Z\u0142a s\u0142awa o\u015brodka<\/strong><\/p>\n<p>O zabrza\u0144skiej plac\u00f3wce zrobi\u0142o si\u0119 g\u0142o\u015bno za spraw\u0105 akt\u00f3w przemocy, do kt\u00f3rych tam dochodzi\u0142o. <strong>Agnieszka F<\/strong>., czyli siostra <strong>Bernadetta<\/strong> &#8211; kt\u00f3ra kierowa\u0142a o\u015brodkiem &#8211; w procesie karnym zosta\u0142a prawomocnie uznana winn\u0105 zn\u0119cania si\u0119 nad wychowankami. W 2011 r. gliwicki S\u0105d Okr\u0119gowy skaza\u0142 j\u0105 na bezwzgl\u0119dn\u0105 kar\u0119 dw\u00f3ch lat wi\u0119zienia. Mimo prawomocnego wyroku Agnieszka F. trafi\u0142a do wi\u0119zienia dopiero po orzeczeniu s\u0105du w Zabrzu z kwietnia 2014 r. Przed p\u00f3j\u015bciem do wi\u0119zienia przes\u0142a\u0142a do s\u0105du pismo, w kt\u00f3rym przeprosi\u0142a za swoje czyny i poprosi\u0142a o wybaczenie tych, kt\u00f3rych z jej powodu dotkn\u0119\u0142o cierpienie. <\/p>\n<p>(TK)<\/p>\n","protected":false},"excerpt":{"rendered":"<p>Lokalne w\u0142adze zapewniaj\u0105, \u017ce \u017cadne z dzieci z terenu Zabrza, kt\u00f3re przebywaj\u0105 w o\u015brodku nie pozostan\u0105 bez opieki. Wiadomo ju\u017c, \u017ce przyczyn\u0105 zamkni\u0119cia sieroci\u0144ca jest zmiana w przepisach. Obecnie w o\u015brodku mieszka 23 dzieci. &#8211; Miasto jest organem dotuj\u0105cym, ale to zgromadzenie si\u00f3str podejmuje decyzj\u0119. Zamkni\u0119cie o\u015brodka ma zwi\u0105zek z decyzj\u0105 Ministerstwa Edukacji Narodowej o [&hellip;]<\/p>\n","protected":false},"author":4,"featured_media":76123,"comment_status":"closed","ping_status":"closed","sticky":false,"template":"","format":"standard","meta":{"_monsterinsights_skip_tracking":false,"_monsterinsights_sitenote_active":false,"_monsterinsights_sitenote_note":"","_monsterinsights_sitenote_category":0,"footnotes":"","_links_to":"","_links_to_target":""},"categories":[8,9,1],"tags":[],"class_list":["post-76122","post","type-post","status-publish","format-standard","has-post-thumbnail","hentry","category-referendum","category-stronaglowna","category-wszystko"],"_links":{"self":[{"href":"https:\/\/www.24zabrze.pl\/wiadomosci\/wp-json\/wp\/v2\/posts\/76122","targetHints":{"allow":["GET"]}}],"collection":[{"href":"https:\/\/www.24zabrze.pl\/wiadomosci\/wp-json\/wp\/v2\/posts"}],"about":[{"href":"https:\/\/www.24zabrze.pl\/wiadomosci\/wp-json\/wp\/v2\/types\/post"}],"author":[{"embeddable":true,"href":"https:\/\/www.24zabrze.pl\/wiadomosci\/wp-json\/wp\/v2\/users\/4"}],"replies":[{"embeddable":true,"href":"https:\/\/www.24zabrze.pl\/wiadomosci\/wp-json\/wp\/v2\/comments?post=76122"}],"version-history":[{"count":0,"href":"https:\/\/www.24zabrze.pl\/wiadomosci\/wp-json\/wp\/v2\/posts\/76122\/revisions"}],"wp:featuredmedia":[{"embeddable":true,"href":"https:\/\/www.24zabrze.pl\/wiadomosci\/wp-json\/wp\/v2\/media\/76123"}],"wp:attachment":[{"href":"https:\/\/www.24zabrze.pl\/wiadomosci\/wp-json\/wp\/v2\/media?parent=76122"}],"wp:term":[{"taxonomy":"category","embeddable":true,"href":"https:\/\/www.24zabrze.pl\/wiadomosci\/wp-json\/wp\/v2\/categories?post=76122"},{"taxonomy":"post_tag","embeddable":true,"href":"https:\/\/www.24zabrze.pl\/wiadomosci\/wp-json\/wp\/v2\/tags?post=76122"}],"curies":[{"name":"wp","href":"https:\/\/api.w.org\/{rel}","templated":true}]}}