{"id":76105,"date":"2015-08-18T12:41:22","date_gmt":"2015-08-18T10:41:22","guid":{"rendered":"http:\/\/www.24zabrze.pl\/wiadomosci\/?p=76105"},"modified":"2015-08-18T14:34:12","modified_gmt":"2015-08-18T12:34:12","slug":"miasto-probuje-sprzedac-budynek-po-dawnej-siedzibie-filharmonii-ale-nie-ma-chetnego","status":"publish","type":"post","link":"https:\/\/www.24zabrze.pl\/wiadomosci\/miasto-probuje-sprzedac-budynek-po-dawnej-siedzibie-filharmonii-ale-nie-ma-chetnego\/","title":{"rendered":"Miasto pr\u00f3buje sprzeda\u0107 budynek po dawnej siedzibie filharmonii. Ale nie ma ch\u0119tnego"},"content":{"rendered":"<div class=\"zabrz-a6-z-nad-leadem-artykulow zabrz-entity-placement\" id=\"zabrz-3546435725\"><div class=\"zabrz-adlabel\"><span style=\"font-size: 9px\">REKLAMA<\/span><\/div><div id=\"zabrz-1711741910\" style=\"margin-bottom: 30px;margin-left: auto;margin-right: auto;text-align: center;\"><a data-no-instant=\"1\" href=\"https:\/\/dom100.eu\/\" rel=\"noopener\" class=\"a2t-link\" target=\"_blank\" aria-label=\"20260415 DOM100 D\"><img loading=\"lazy\" decoding=\"async\" src=\"https:\/\/www.24zabrze.pl\/wiadomosci\/wp-content\/uploads\/2026\/02\/20260415-DOM100-D.jpg\" alt=\"\"  srcset=\"https:\/\/www.24zabrze.pl\/wiadomosci\/wp-content\/uploads\/2026\/02\/20260415-DOM100-D.jpg 750w, https:\/\/www.24zabrze.pl\/wiadomosci\/wp-content\/uploads\/2026\/02\/20260415-DOM100-D-410x109.jpg 410w\" sizes=\"(max-width: 750px) 100vw, 750px\" class=\"no-lazyload\" width=\"750\" height=\"200\"  style=\"display: inline-block; max-width: 100%; height: auto;\" \/><\/a><\/div><\/div><h3> Potencjalnego nabywc\u0119 mo\u017ce odstrasza\u0107 ilo\u015b\u0107 pracy, kt\u00f3r\u0105 trzeba by w\u0142o\u017cy\u0107, by przywr\u00f3ci\u0107 mu dawny blask. A za tym id\u0105 koszty. Na pocz\u0105tku wrze\u015bnia ma odby\u0107 si\u0119 kolejny, dziewi\u0105ty ju\u017c przetarg. <\/h3>\n<p>W fatalnym stanie znajduje si\u0119 cz\u0119\u015b\u0107 gospodarcza. W nieco lepszym stanie jest dach, bo dwa lata temu miasto zleci\u0142o napraw\u0119 i remont dachu. Dawna filharmonia wymaga jednak tak\u017ce remontu na zewn\u0105trz &#8211; elewacja wygl\u0105da koszmarnie. <\/p><div class=\"zabrz-a3-z-w-tresci-artykulow zabrz-entity-placement\" id=\"zabrz-3537534023\"><div class=\"zabrz-adlabel\"><span style=\"font-size: 9px\">REKLAMA<\/span><\/div><div id=\"zabrz-1361357796\" style=\"margin-bottom: 40px;margin-left: auto;margin-right: auto;text-align: center;\"><a data-no-instant=\"1\" href=\"https:\/\/ogrodyandersa.pl\/\" rel=\"noopener\" class=\"a2t-link\" target=\"_blank\" aria-label=\"20260415 Ogrody Andersa WYBIERZ MIESZKANIE D\"><img loading=\"lazy\" decoding=\"async\" src=\"https:\/\/www.24zabrze.pl\/wiadomosci\/wp-content\/uploads\/2026\/02\/20260415-Ogrody-Andersa-WYBIERZ-MIESZKANIE-D.jpg\" alt=\"\"  srcset=\"https:\/\/www.24zabrze.pl\/wiadomosci\/wp-content\/uploads\/2026\/02\/20260415-Ogrody-Andersa-WYBIERZ-MIESZKANIE-D.jpg 750w, https:\/\/www.24zabrze.pl\/wiadomosci\/wp-content\/uploads\/2026\/02\/20260415-Ogrody-Andersa-WYBIERZ-MIESZKANIE-D-410x109.jpg 410w\" sizes=\"(max-width: 750px) 100vw, 750px\" class=\"no-lazyload\" width=\"750\" height=\"200\"  style=\"display: inline-block; max-width: 100%; height: auto;\" \/><\/a><\/div><\/div>\n<p>Budynek znajduje si\u0119 na stanie zasob\u00f3w Urz\u0119du Wojew\u00f3dzkiego. To na wojewodzie spoczywa obowi\u0105zek jego utrzymywania. <\/p>\n<p>&#8211; Problem w tym, \u017ce przekazywana na ten cel dotacja, jest po prostu zbyt ma\u0142a &#8211; t\u0142umaczy <strong>Anna Wyle\u017co\u0142<\/strong>, naczelnik Wydzia\u0142u Gospodarki Nieruchomo\u015bciami zabrza\u0144skiego magistratu, dodaj\u0105c, \u017ce \u015brodk\u00f3w z tej puli nie wystarcza nawet na podstawowe op\u0142aty i podatek. <\/p>\n<p>W przesz\u0142o\u015bci pojawi\u0142 si\u0119 pomys\u0142, by urz\u0105dzi\u0107 tam muzeum komputer\u00f3w. Mia\u0142a to jednak by\u0107 inicjatywa prywatna, a pomys\u0142odawca w mi\u0119dzyczasie si\u0119 rozmy\u015bli\u0142. <strong>Dariusz Walerja\u0144ski<\/strong>, historyk, a obecnie radny wskazuje, \u017ce mog\u0142o to by by\u0107 dobre miejsce na restauracj\u0119 lub kawiarni\u0119, kt\u00f3rych tak naprawd\u0119 nie ma w Zabrzu zbyt wiele. <\/p>\n<p>Obiekt ma warto\u015b\u0107 historyczn\u0105 &#8211; pochodzi z ko\u0144ca XIX wieku, ale nie jest wpisany do rejestru zabytk\u00f3w. <\/p>\n<p>Kolejny ? dziewi\u0105ty ju\u017c &#8211; przetarg na star\u0105 filharmoni\u0119 zaplanowano na 3 wrze\u015bnia. Pierwszy odby\u0142 si\u0119 w grudniu 2012. Cena wywo\u0142awcza wynosi\u0142a 846 tys. z\u0142. Najbli\u017csza licytacja rozpocznie si\u0119 od kwoty 355,5 tys. z\u0142. <\/p>\n<p>Budynek przy ulicy Floriana 15 stoi pusty od 2010 roku. Do zagospodarowania jest 614 metr\u00f3w kwadratowych.<\/p>\n<p>(TK)<\/p>\n","protected":false},"excerpt":{"rendered":"<p>Potencjalnego nabywc\u0119 mo\u017ce odstrasza\u0107 ilo\u015b\u0107 pracy, kt\u00f3r\u0105 trzeba by w\u0142o\u017cy\u0107, by przywr\u00f3ci\u0107 mu dawny blask. A za tym id\u0105 koszty. Na pocz\u0105tku wrze\u015bnia ma odby\u0107 si\u0119 kolejny, dziewi\u0105ty ju\u017c przetarg. W fatalnym stanie znajduje si\u0119 cz\u0119\u015b\u0107 gospodarcza. W nieco lepszym stanie jest dach, bo dwa lata temu miasto zleci\u0142o napraw\u0119 i remont dachu. Dawna filharmonia [&hellip;]<\/p>\n","protected":false},"author":4,"featured_media":76113,"comment_status":"closed","ping_status":"closed","sticky":false,"template":"","format":"standard","meta":{"_monsterinsights_skip_tracking":false,"_monsterinsights_sitenote_active":false,"_monsterinsights_sitenote_note":"","_monsterinsights_sitenote_category":0,"footnotes":"","_links_to":"","_links_to_target":""},"categories":[8,9,1],"tags":[],"class_list":["post-76105","post","type-post","status-publish","format-standard","has-post-thumbnail","hentry","category-referendum","category-stronaglowna","category-wszystko"],"_links":{"self":[{"href":"https:\/\/www.24zabrze.pl\/wiadomosci\/wp-json\/wp\/v2\/posts\/76105","targetHints":{"allow":["GET"]}}],"collection":[{"href":"https:\/\/www.24zabrze.pl\/wiadomosci\/wp-json\/wp\/v2\/posts"}],"about":[{"href":"https:\/\/www.24zabrze.pl\/wiadomosci\/wp-json\/wp\/v2\/types\/post"}],"author":[{"embeddable":true,"href":"https:\/\/www.24zabrze.pl\/wiadomosci\/wp-json\/wp\/v2\/users\/4"}],"replies":[{"embeddable":true,"href":"https:\/\/www.24zabrze.pl\/wiadomosci\/wp-json\/wp\/v2\/comments?post=76105"}],"version-history":[{"count":0,"href":"https:\/\/www.24zabrze.pl\/wiadomosci\/wp-json\/wp\/v2\/posts\/76105\/revisions"}],"wp:featuredmedia":[{"embeddable":true,"href":"https:\/\/www.24zabrze.pl\/wiadomosci\/wp-json\/wp\/v2\/media\/76113"}],"wp:attachment":[{"href":"https:\/\/www.24zabrze.pl\/wiadomosci\/wp-json\/wp\/v2\/media?parent=76105"}],"wp:term":[{"taxonomy":"category","embeddable":true,"href":"https:\/\/www.24zabrze.pl\/wiadomosci\/wp-json\/wp\/v2\/categories?post=76105"},{"taxonomy":"post_tag","embeddable":true,"href":"https:\/\/www.24zabrze.pl\/wiadomosci\/wp-json\/wp\/v2\/tags?post=76105"}],"curies":[{"name":"wp","href":"https:\/\/api.w.org\/{rel}","templated":true}]}}