{"id":76042,"date":"2015-08-15T13:10:40","date_gmt":"2015-08-15T11:10:40","guid":{"rendered":"http:\/\/www.24zabrze.pl\/wiadomosci\/?p=76042"},"modified":"2015-08-15T16:20:00","modified_gmt":"2015-08-15T14:20:00","slug":"miala-byc-piekna-a-wygladem-kluje-w-oczy-co-z-remontem-kamienicy-w-centrum-miasta","status":"publish","type":"post","link":"https:\/\/www.24zabrze.pl\/wiadomosci\/miala-byc-piekna-a-wygladem-kluje-w-oczy-co-z-remontem-kamienicy-w-centrum-miasta\/","title":{"rendered":"Mia\u0142a by\u0107 pi\u0119kna, a wygl\u0105dem k\u0142uje w oczy. Co z remontem kamienicy w centrum miasta?"},"content":{"rendered":"<div class=\"zabrz-a6-z-nad-leadem-artykulow zabrz-entity-placement\" id=\"zabrz-1880631265\"><div class=\"zabrz-adlabel\"><span style=\"font-size: 9px\">REKLAMA<\/span><\/div><div id=\"zabrz-1015260552\" style=\"margin-bottom: 30px;margin-left: auto;margin-right: auto;text-align: center;\"><a data-no-instant=\"1\" href=\"https:\/\/dom100.eu\/\" rel=\"noopener\" class=\"a2t-link\" target=\"_blank\" aria-label=\"20260415 DOM100 D\"><img loading=\"lazy\" decoding=\"async\" src=\"https:\/\/www.24zabrze.pl\/wiadomosci\/wp-content\/uploads\/2026\/02\/20260415-DOM100-D.jpg\" alt=\"\"  srcset=\"https:\/\/www.24zabrze.pl\/wiadomosci\/wp-content\/uploads\/2026\/02\/20260415-DOM100-D.jpg 750w, https:\/\/www.24zabrze.pl\/wiadomosci\/wp-content\/uploads\/2026\/02\/20260415-DOM100-D-410x109.jpg 410w\" sizes=\"(max-width: 750px) 100vw, 750px\" class=\"no-lazyload\" width=\"750\" height=\"200\"  style=\"display: inline-block; max-width: 100%; height: auto;\" \/><\/a><\/div><\/div><h3> A\u017c trudno uwierzy\u0107, ale wed\u0142ug pierwotnych plan\u00f3w, to miejsce mia\u0142o zosta\u0107 zagospodarowane na potrzeby lokalnej&#8230; kultury i edukacji. Jak wida\u0107, nic z tego nie wysz\u0142o. <\/h3>\n<p>Kamienica, o kt\u00f3rej piszemy jest zlokalizowana w samym sercu Zabrza, pomi\u0119dzy placem dworcowym a ulic\u0105 Wolno\u015bci.<br \/>\nBy\u0142 taki moment, \u017ce teren wok\u00f3\u0142 oczyszczono, naprawiono chodniki, pojawi\u0142y si\u0119 elementy ma\u0142ej architektury, zamontowano o\u015bwietlenie.<br \/>\nCz\u0119\u015b\u0107 oficyny nale\u017ca\u0142a do wsp\u00f3lnoty mieszkaniowej, ale znajduj\u0105ce si\u0119 w budynku lokale by\u0142y ju\u017c w\u0142asno\u015bci\u0105 gminy. <\/p><div class=\"zabrz-a3-z-w-tresci-artykulow zabrz-entity-placement\" id=\"zabrz-736453052\"><div class=\"zabrz-adlabel\"><span style=\"font-size: 9px\">REKLAMA<\/span><\/div><div id=\"zabrz-3569288643\" style=\"margin-bottom: 40px;margin-left: auto;margin-right: auto;text-align: center;\"><a data-no-instant=\"1\" href=\"https:\/\/ogrodyandersa.pl\/\" rel=\"noopener\" class=\"a2t-link\" target=\"_blank\" aria-label=\"20260415 Ogrody Andersa WYBIERZ MIESZKANIE D\"><img loading=\"lazy\" decoding=\"async\" src=\"https:\/\/www.24zabrze.pl\/wiadomosci\/wp-content\/uploads\/2026\/02\/20260415-Ogrody-Andersa-WYBIERZ-MIESZKANIE-D.jpg\" alt=\"\"  srcset=\"https:\/\/www.24zabrze.pl\/wiadomosci\/wp-content\/uploads\/2026\/02\/20260415-Ogrody-Andersa-WYBIERZ-MIESZKANIE-D.jpg 750w, https:\/\/www.24zabrze.pl\/wiadomosci\/wp-content\/uploads\/2026\/02\/20260415-Ogrody-Andersa-WYBIERZ-MIESZKANIE-D-410x109.jpg 410w\" sizes=\"(max-width: 750px) 100vw, 750px\" class=\"no-lazyload\" width=\"750\" height=\"200\"  style=\"display: inline-block; max-width: 100%; height: auto;\" \/><\/a><\/div><\/div>\n<p><a href=\"http:\/\/www.24zabrze.pl\/wiadomosci\/wp-content\/uploads\/2015\/08\/1-Screenshot_23.jpg\"><img loading=\"lazy\" decoding=\"async\" src=\"http:\/\/www.24zabrze.pl\/wiadomosci\/wp-content\/uploads\/2015\/08\/1-Screenshot_23.jpg\" alt=\"1-Screenshot_23\" width=\"810\" height=\"456\" class=\"aligncenter size-full wp-image-76050\" data-wp-pid=\"76050\" srcset=\"https:\/\/www.24zabrze.pl\/wiadomosci\/wp-content\/uploads\/2015\/08\/1-Screenshot_23.jpg 810w, https:\/\/www.24zabrze.pl\/wiadomosci\/wp-content\/uploads\/2015\/08\/1-Screenshot_23-768x432.jpg 768w, https:\/\/www.24zabrze.pl\/wiadomosci\/wp-content\/uploads\/2015\/08\/1-Screenshot_23-410x232.jpg 410w, https:\/\/www.24zabrze.pl\/wiadomosci\/wp-content\/uploads\/2015\/08\/1-Screenshot_23-808x455.jpg 808w\" sizes=\"auto, (max-width: 810px) 100vw, 810px\" \/><\/a><\/p>\n<p>Co dalej z kamienic\u0105? Wed\u0142ug informacji przekazanych przez magistrat, zanim jakiekolwiek kroki zwi\u0105zane z modernizacj\u0105 zostan\u0105 podj\u0119te, konieczne jest uregulowanie sytuacji prawnej nieruchomo\u015bci, w tym wydzielenie jej ze wsp\u00f3lnoty, by nie musia\u0142a ona ponosi\u0107 koszt\u00f3w remontu.<br \/>\nSzans\u0105 maj\u0105 by\u0107 \u015brodki z program\u00f3w rz\u0105dowych przeznaczane na remont tego typu zasob\u00f3w. Miasto zamierza o nie wyst\u0105pi\u0107. <\/p>\n<p>(TK)<\/p>\n","protected":false},"excerpt":{"rendered":"<p>A\u017c trudno uwierzy\u0107, ale wed\u0142ug pierwotnych plan\u00f3w, to miejsce mia\u0142o zosta\u0107 zagospodarowane na potrzeby lokalnej&#8230; kultury i edukacji. Jak wida\u0107, nic z tego nie wysz\u0142o. Kamienica, o kt\u00f3rej piszemy jest zlokalizowana w samym sercu Zabrza, pomi\u0119dzy placem dworcowym a ulic\u0105 Wolno\u015bci. By\u0142 taki moment, \u017ce teren wok\u00f3\u0142 oczyszczono, naprawiono chodniki, pojawi\u0142y si\u0119 elementy ma\u0142ej architektury, [&hellip;]<\/p>\n","protected":false},"author":4,"featured_media":76046,"comment_status":"closed","ping_status":"closed","sticky":false,"template":"","format":"standard","meta":{"_monsterinsights_skip_tracking":false,"_monsterinsights_sitenote_active":false,"_monsterinsights_sitenote_note":"","_monsterinsights_sitenote_category":0,"footnotes":"","_links_to":"","_links_to_target":""},"categories":[8,9,1],"tags":[],"class_list":["post-76042","post","type-post","status-publish","format-standard","has-post-thumbnail","hentry","category-referendum","category-stronaglowna","category-wszystko"],"_links":{"self":[{"href":"https:\/\/www.24zabrze.pl\/wiadomosci\/wp-json\/wp\/v2\/posts\/76042","targetHints":{"allow":["GET"]}}],"collection":[{"href":"https:\/\/www.24zabrze.pl\/wiadomosci\/wp-json\/wp\/v2\/posts"}],"about":[{"href":"https:\/\/www.24zabrze.pl\/wiadomosci\/wp-json\/wp\/v2\/types\/post"}],"author":[{"embeddable":true,"href":"https:\/\/www.24zabrze.pl\/wiadomosci\/wp-json\/wp\/v2\/users\/4"}],"replies":[{"embeddable":true,"href":"https:\/\/www.24zabrze.pl\/wiadomosci\/wp-json\/wp\/v2\/comments?post=76042"}],"version-history":[{"count":0,"href":"https:\/\/www.24zabrze.pl\/wiadomosci\/wp-json\/wp\/v2\/posts\/76042\/revisions"}],"wp:featuredmedia":[{"embeddable":true,"href":"https:\/\/www.24zabrze.pl\/wiadomosci\/wp-json\/wp\/v2\/media\/76046"}],"wp:attachment":[{"href":"https:\/\/www.24zabrze.pl\/wiadomosci\/wp-json\/wp\/v2\/media?parent=76042"}],"wp:term":[{"taxonomy":"category","embeddable":true,"href":"https:\/\/www.24zabrze.pl\/wiadomosci\/wp-json\/wp\/v2\/categories?post=76042"},{"taxonomy":"post_tag","embeddable":true,"href":"https:\/\/www.24zabrze.pl\/wiadomosci\/wp-json\/wp\/v2\/tags?post=76042"}],"curies":[{"name":"wp","href":"https:\/\/api.w.org\/{rel}","templated":true}]}}