{"id":76015,"date":"2015-08-13T15:08:34","date_gmt":"2015-08-13T13:08:34","guid":{"rendered":"http:\/\/www.24zabrze.pl\/wiadomosci\/?p=76015"},"modified":"2015-08-13T19:31:38","modified_gmt":"2015-08-13T17:31:38","slug":"upaly-daja-sie-we-znaki-a-w-sklepach-brakuje-wentylatorow","status":"publish","type":"post","link":"https:\/\/www.24zabrze.pl\/wiadomosci\/upaly-daja-sie-we-znaki-a-w-sklepach-brakuje-wentylatorow\/","title":{"rendered":"Upa\u0142y daj\u0105 si\u0119 we znaki. A w sklepach brakuje wentylator\u00f3w"},"content":{"rendered":"<div class=\"zabrz-a6-z-nad-leadem-artykulow zabrz-entity-placement\" id=\"zabrz-3576660136\"><div class=\"zabrz-adlabel\"><span style=\"font-size: 9px\">REKLAMA<\/span><\/div><div id=\"zabrz-1638041897\" style=\"margin-bottom: 30px;margin-left: auto;margin-right: auto;text-align: center;\"><a data-no-instant=\"1\" href=\"https:\/\/dom100.eu\/\" rel=\"noopener\" class=\"a2t-link\" target=\"_blank\" aria-label=\"20260415 DOM100 D\"><img loading=\"lazy\" decoding=\"async\" src=\"https:\/\/www.24zabrze.pl\/wiadomosci\/wp-content\/uploads\/2026\/02\/20260415-DOM100-D.jpg\" alt=\"\"  srcset=\"https:\/\/www.24zabrze.pl\/wiadomosci\/wp-content\/uploads\/2026\/02\/20260415-DOM100-D.jpg 750w, https:\/\/www.24zabrze.pl\/wiadomosci\/wp-content\/uploads\/2026\/02\/20260415-DOM100-D-410x109.jpg 410w\" sizes=\"(max-width: 750px) 100vw, 750px\" class=\"no-lazyload\" width=\"750\" height=\"200\"  style=\"display: inline-block; max-width: 100%; height: auto;\" \/><\/a><\/div><\/div><h3>Kr\u00f3cej i na zmiany pracuj\u0105 urz\u0119dnicy, tempo zwalniaj\u0105 firmy i zak\u0142ady, w marketach klimatyzacja i energia dzia\u0142aj\u0105 na p\u00f3\u0142 gwizdka. I tylko cudem kupicie wentylator.<\/h3>\n<p>Polskie Sieci Elektroenergetyczne wprowadzi\u0142y od poniedzia\u0142ku stopie\u0144 zasilania 20, czyli najwi\u0119ksze z mo\u017cliwych ogranicze\u0144 w dostawach pr\u0105du. Na razie dotyczy to jedynie du\u017cych obiekt\u00f3w i zak\u0142ad\u00f3w przemys\u0142owych. Tam dostarczana jest tylko tzw. moc minimalna, kt\u00f3ra pozwala na podtrzymanie niezb\u0119dnych proces\u00f3w technologicznych. Sytuacja dotyczy godzin szczytu, wraca do normy po godz. 22.00.<\/p><div class=\"zabrz-a3-z-w-tresci-artykulow zabrz-entity-placement\" id=\"zabrz-3661714235\"><div class=\"zabrz-adlabel\"><span style=\"font-size: 9px\">REKLAMA<\/span><\/div><div id=\"zabrz-2607114527\" style=\"margin-bottom: 40px;margin-left: auto;margin-right: auto;text-align: center;\"><a data-no-instant=\"1\" href=\"https:\/\/ogrodyandersa.pl\/\" rel=\"noopener\" class=\"a2t-link\" target=\"_blank\" aria-label=\"20260415 Ogrody Andersa WYBIERZ MIESZKANIE D\"><img loading=\"lazy\" decoding=\"async\" src=\"https:\/\/www.24zabrze.pl\/wiadomosci\/wp-content\/uploads\/2026\/02\/20260415-Ogrody-Andersa-WYBIERZ-MIESZKANIE-D.jpg\" alt=\"\"  srcset=\"https:\/\/www.24zabrze.pl\/wiadomosci\/wp-content\/uploads\/2026\/02\/20260415-Ogrody-Andersa-WYBIERZ-MIESZKANIE-D.jpg 750w, https:\/\/www.24zabrze.pl\/wiadomosci\/wp-content\/uploads\/2026\/02\/20260415-Ogrody-Andersa-WYBIERZ-MIESZKANIE-D-410x109.jpg 410w\" sizes=\"(max-width: 750px) 100vw, 750px\" class=\"no-lazyload\" width=\"750\" height=\"200\"  style=\"display: inline-block; max-width: 100%; height: auto;\" \/><\/a><\/div><\/div>\n<p>Dla przyk\u0142adu, koksownia Jadwiga w Biskupicach ograniczy\u0142a produkcj\u0119 do minimum, by tylko nie doprowadzi\u0107 do zniszczenia urz\u0105dze\u0144. Podobnie jest w nale\u017c\u0105cej do zabrza\u0144skiej JSW Koks koksowni\u0105 D\u0119bie\u0144sko.<\/p>\n[pullquote align=&#8221;left&#8221; cite=&#8221;&#8221; link=&#8221;&#8221; color=&#8221;#afafff&#8221; class=&#8221;&#8221; size=&#8221;&#8221;]W centrach handlowych, jak M1, czy Platan ograniczone jest funkcjonowanie klimatyzacji, sklepy oszcz\u0119dzaj\u0105 energi\u0119.[\/pullquote]Z powodu upa\u0142\u00f3w, kr\u00f3cej, na zmiany, pracuj\u0105 pracownicy zabrza\u0144skiego Urz\u0119du Miejskiego. ? To wewn\u0119trzna regulacja, kt\u00f3ra w \u017caden spos\u00f3b nie zak\u0142\u00f3ca funkcjonowania Urz\u0119du Miejskiego ? zastrzega <strong>S\u0142awomir Gruszka<\/strong> z Wydzia\u0142u Kontakt\u00f3w Spo\u0142ecznych Urz\u0119du Miejskiego.<\/p>\n<p>W centrum miasta, na placu Wolno\u015bci i placu Teatralnym, miasto ustawi\u0142o zraszacze, pod kt\u00f3rymi mo\u017cna znale\u017a\u0107 chwilow\u0105 och\u0142od\u0119.<\/p>\n<p>Pr\u00f3\u017cno szuka\u0107 w marketach stoj\u0105cych wentylator\u00f3w. Wyprzedawane s\u0105 ostatnie partie tego deficytowego obecnie sprz\u0119tu. Ale mo\u017ce nie op\u0142aca si\u0119 ich kupowa\u0107. Upa\u0142y b\u0119d\u0105 towarzyszy\u0142y nam do niedzieli. Od poniedzia\u0142ku temperatura ma by\u0107 o 10 stopni ni\u017csza.<\/p>\n<p>(TK)<\/p>\n","protected":false},"excerpt":{"rendered":"<p>Kr\u00f3cej i na zmiany pracuj\u0105 urz\u0119dnicy, tempo zwalniaj\u0105 firmy i zak\u0142ady, w marketach klimatyzacja i energia dzia\u0142aj\u0105 na p\u00f3\u0142 gwizdka. I tylko cudem kupicie wentylator. Polskie Sieci Elektroenergetyczne wprowadzi\u0142y od poniedzia\u0142ku stopie\u0144 zasilania 20, czyli najwi\u0119ksze z mo\u017cliwych ogranicze\u0144 w dostawach pr\u0105du. Na razie dotyczy to jedynie du\u017cych obiekt\u00f3w i zak\u0142ad\u00f3w przemys\u0142owych. Tam dostarczana jest [&hellip;]<\/p>\n","protected":false},"author":4,"featured_media":76016,"comment_status":"closed","ping_status":"closed","sticky":false,"template":"","format":"standard","meta":{"_monsterinsights_skip_tracking":false,"_monsterinsights_sitenote_active":false,"_monsterinsights_sitenote_note":"","_monsterinsights_sitenote_category":0,"footnotes":"","_links_to":"","_links_to_target":""},"categories":[8,9,1],"tags":[],"class_list":["post-76015","post","type-post","status-publish","format-standard","has-post-thumbnail","hentry","category-referendum","category-stronaglowna","category-wszystko"],"_links":{"self":[{"href":"https:\/\/www.24zabrze.pl\/wiadomosci\/wp-json\/wp\/v2\/posts\/76015","targetHints":{"allow":["GET"]}}],"collection":[{"href":"https:\/\/www.24zabrze.pl\/wiadomosci\/wp-json\/wp\/v2\/posts"}],"about":[{"href":"https:\/\/www.24zabrze.pl\/wiadomosci\/wp-json\/wp\/v2\/types\/post"}],"author":[{"embeddable":true,"href":"https:\/\/www.24zabrze.pl\/wiadomosci\/wp-json\/wp\/v2\/users\/4"}],"replies":[{"embeddable":true,"href":"https:\/\/www.24zabrze.pl\/wiadomosci\/wp-json\/wp\/v2\/comments?post=76015"}],"version-history":[{"count":0,"href":"https:\/\/www.24zabrze.pl\/wiadomosci\/wp-json\/wp\/v2\/posts\/76015\/revisions"}],"wp:featuredmedia":[{"embeddable":true,"href":"https:\/\/www.24zabrze.pl\/wiadomosci\/wp-json\/wp\/v2\/media\/76016"}],"wp:attachment":[{"href":"https:\/\/www.24zabrze.pl\/wiadomosci\/wp-json\/wp\/v2\/media?parent=76015"}],"wp:term":[{"taxonomy":"category","embeddable":true,"href":"https:\/\/www.24zabrze.pl\/wiadomosci\/wp-json\/wp\/v2\/categories?post=76015"},{"taxonomy":"post_tag","embeddable":true,"href":"https:\/\/www.24zabrze.pl\/wiadomosci\/wp-json\/wp\/v2\/tags?post=76015"}],"curies":[{"name":"wp","href":"https:\/\/api.w.org\/{rel}","templated":true}]}}