{"id":75959,"date":"2015-08-10T12:18:49","date_gmt":"2015-08-10T10:18:49","guid":{"rendered":"http:\/\/www.24zabrze.pl\/wiadomosci\/?p=75959"},"modified":"2015-08-10T21:20:24","modified_gmt":"2015-08-10T19:20:24","slug":"markety-mnoza-sie-jak-grzyby-po-deszczu-aldi-lokuje-sie-przy-biedronce","status":"publish","type":"post","link":"https:\/\/www.24zabrze.pl\/wiadomosci\/markety-mnoza-sie-jak-grzyby-po-deszczu-aldi-lokuje-sie-przy-biedronce\/","title":{"rendered":"Markety mno\u017c\u0105 si\u0119, jak grzyby po deszczu. Aldi lokuje si\u0119 przy&#8230; Biedronce"},"content":{"rendered":"<div class=\"zabrz-a6-z-nad-leadem-artykulow zabrz-entity-placement\" id=\"zabrz-915358887\"><div class=\"zabrz-adlabel\"><span style=\"font-size: 9px\">REKLAMA<\/span><\/div><div id=\"zabrz-1909497245\" style=\"margin-bottom: 30px;margin-left: auto;margin-right: auto;text-align: center;\"><a data-no-instant=\"1\" href=\"https:\/\/dom100.eu\/\" rel=\"noopener\" class=\"a2t-link\" target=\"_blank\" aria-label=\"20260415 DOM100 D\"><img loading=\"lazy\" decoding=\"async\" src=\"https:\/\/www.24zabrze.pl\/wiadomosci\/wp-content\/uploads\/2026\/02\/20260415-DOM100-D.jpg\" alt=\"\"  srcset=\"https:\/\/www.24zabrze.pl\/wiadomosci\/wp-content\/uploads\/2026\/02\/20260415-DOM100-D.jpg 750w, https:\/\/www.24zabrze.pl\/wiadomosci\/wp-content\/uploads\/2026\/02\/20260415-DOM100-D-410x109.jpg 410w\" sizes=\"(max-width: 750px) 100vw, 750px\" class=\"no-lazyload\" width=\"750\" height=\"200\"  style=\"display: inline-block; max-width: 100%; height: auto;\" \/><\/a><\/div><\/div><h3> Do tego, \u017ce powstaje ich coraz wi\u0119cej, zd\u0105\u017cyli\u015bmy si\u0119 przyzwyczai\u0107. Rzadko jednak zdarza si\u0119, aby dwie dyskontowe sieci bezpo\u015brednio ze sob\u0105 s\u0105siadowa\u0142y. <\/h3>\n<p>Market nale\u017c\u0105cy do niemieckiego koncernu<strong> Aldi<\/strong> budowany jest przy ulicy Gda\u0144skiej, tu\u017c obok Multikina. Na logik\u0119, oba sklepy b\u0119d\u0105 obok siebie tak blisko, \u017ce w\u0142a\u015bciwie ich klienci powinni korzysta\u0107 z jednego parkingu, ale z uwagi na konkurencj\u0119, chyba nie b\u0119dzie to mo\u017cliwe. <\/p><div class=\"zabrz-a3-z-w-tresci-artykulow zabrz-entity-placement\" id=\"zabrz-3796658986\"><div class=\"zabrz-adlabel\"><span style=\"font-size: 9px\">REKLAMA<\/span><\/div><div id=\"zabrz-2535860920\" style=\"margin-bottom: 40px;margin-left: auto;margin-right: auto;text-align: center;\"><a data-no-instant=\"1\" href=\"https:\/\/ogrodyandersa.pl\/\" rel=\"noopener\" class=\"a2t-link\" target=\"_blank\" aria-label=\"20260415 Ogrody Andersa WYBIERZ MIESZKANIE D\"><img loading=\"lazy\" decoding=\"async\" src=\"https:\/\/www.24zabrze.pl\/wiadomosci\/wp-content\/uploads\/2026\/02\/20260415-Ogrody-Andersa-WYBIERZ-MIESZKANIE-D.jpg\" alt=\"\"  srcset=\"https:\/\/www.24zabrze.pl\/wiadomosci\/wp-content\/uploads\/2026\/02\/20260415-Ogrody-Andersa-WYBIERZ-MIESZKANIE-D.jpg 750w, https:\/\/www.24zabrze.pl\/wiadomosci\/wp-content\/uploads\/2026\/02\/20260415-Ogrody-Andersa-WYBIERZ-MIESZKANIE-D-410x109.jpg 410w\" sizes=\"(max-width: 750px) 100vw, 750px\" class=\"no-lazyload\" width=\"750\" height=\"200\"  style=\"display: inline-block; max-width: 100%; height: auto;\" \/><\/a><\/div><\/div>\n<p>Parkingi zostan\u0105 najprawdopodobniej od siebie odgrodzone. Projektant\u00f3w czeka jednak do\u015b\u0107 \u017cmudna praca, bo wej\u015bcia do obu market\u00f3w w linii prostej dzieli odleg\u0142o\u015b\u0107 raptem niespe\u0142na 50 metr\u00f3w. <\/p>\n<p>Dla porz\u0105dku statystycznego: w mie\u015bcie ilo\u015b\u0107 <strong>Biedronek<\/strong> uros\u0142a do kilkunastu. Dwa sklepy ma <strong>Aldi<\/strong>. Aktualnie budowany b\u0119dzie zatem trzecim. Na sw\u00f3j market wci\u0105\u017c czekaj\u0105 Biskupice. Tam powsta\u0107 ma <strong>Lidl<\/strong>, o czym niedawno informowali\u015bmy na portalu 24zabrze.pl.<\/p>\n<p>(TK)<\/p>\n","protected":false},"excerpt":{"rendered":"<p>Do tego, \u017ce powstaje ich coraz wi\u0119cej, zd\u0105\u017cyli\u015bmy si\u0119 przyzwyczai\u0107. Rzadko jednak zdarza si\u0119, aby dwie dyskontowe sieci bezpo\u015brednio ze sob\u0105 s\u0105siadowa\u0142y. Market nale\u017c\u0105cy do niemieckiego koncernu Aldi budowany jest przy ulicy Gda\u0144skiej, tu\u017c obok Multikina. Na logik\u0119, oba sklepy b\u0119d\u0105 obok siebie tak blisko, \u017ce w\u0142a\u015bciwie ich klienci powinni korzysta\u0107 z jednego parkingu, ale [&hellip;]<\/p>\n","protected":false},"author":4,"featured_media":75964,"comment_status":"closed","ping_status":"closed","sticky":false,"template":"","format":"standard","meta":{"_monsterinsights_skip_tracking":false,"_monsterinsights_sitenote_active":false,"_monsterinsights_sitenote_note":"","_monsterinsights_sitenote_category":0,"footnotes":"","_links_to":"","_links_to_target":""},"categories":[8,9,1],"tags":[],"class_list":["post-75959","post","type-post","status-publish","format-standard","has-post-thumbnail","hentry","category-referendum","category-stronaglowna","category-wszystko"],"_links":{"self":[{"href":"https:\/\/www.24zabrze.pl\/wiadomosci\/wp-json\/wp\/v2\/posts\/75959","targetHints":{"allow":["GET"]}}],"collection":[{"href":"https:\/\/www.24zabrze.pl\/wiadomosci\/wp-json\/wp\/v2\/posts"}],"about":[{"href":"https:\/\/www.24zabrze.pl\/wiadomosci\/wp-json\/wp\/v2\/types\/post"}],"author":[{"embeddable":true,"href":"https:\/\/www.24zabrze.pl\/wiadomosci\/wp-json\/wp\/v2\/users\/4"}],"replies":[{"embeddable":true,"href":"https:\/\/www.24zabrze.pl\/wiadomosci\/wp-json\/wp\/v2\/comments?post=75959"}],"version-history":[{"count":0,"href":"https:\/\/www.24zabrze.pl\/wiadomosci\/wp-json\/wp\/v2\/posts\/75959\/revisions"}],"wp:featuredmedia":[{"embeddable":true,"href":"https:\/\/www.24zabrze.pl\/wiadomosci\/wp-json\/wp\/v2\/media\/75964"}],"wp:attachment":[{"href":"https:\/\/www.24zabrze.pl\/wiadomosci\/wp-json\/wp\/v2\/media?parent=75959"}],"wp:term":[{"taxonomy":"category","embeddable":true,"href":"https:\/\/www.24zabrze.pl\/wiadomosci\/wp-json\/wp\/v2\/categories?post=75959"},{"taxonomy":"post_tag","embeddable":true,"href":"https:\/\/www.24zabrze.pl\/wiadomosci\/wp-json\/wp\/v2\/tags?post=75959"}],"curies":[{"name":"wp","href":"https:\/\/api.w.org\/{rel}","templated":true}]}}