{"id":75939,"date":"2015-08-08T12:27:54","date_gmt":"2015-08-08T10:27:54","guid":{"rendered":"http:\/\/www.24zabrze.pl\/wiadomosci\/?p=75939"},"modified":"2015-08-08T12:27:54","modified_gmt":"2015-08-08T10:27:54","slug":"premier-ewa-kopacz-nie-miala-watpliwosci-profesor-marian-zembala-jedynka-po-na-slasku","status":"publish","type":"post","link":"https:\/\/www.24zabrze.pl\/wiadomosci\/premier-ewa-kopacz-nie-miala-watpliwosci-profesor-marian-zembala-jedynka-po-na-slasku\/","title":{"rendered":"Premier Ewa Kopacz nie mia\u0142a w\u0105tpliwo\u015bci. Profesor Marian Zembala jedynk\u0105 PO na \u015al\u0105sku"},"content":{"rendered":"<div class=\"zabrz-a6-z-nad-leadem-artykulow zabrz-entity-placement\" id=\"zabrz-3751051005\"><div class=\"zabrz-adlabel\"><span style=\"font-size: 9px\">REKLAMA<\/span><\/div><div id=\"zabrz-3850428936\" style=\"margin-bottom: 30px;margin-left: auto;margin-right: auto;text-align: center;\"><a data-no-instant=\"1\" href=\"https:\/\/dom100.eu\/\" rel=\"noopener\" class=\"a2t-link\" target=\"_blank\" aria-label=\"20260415 DOM100 D\"><img loading=\"lazy\" decoding=\"async\" src=\"https:\/\/www.24zabrze.pl\/wiadomosci\/wp-content\/uploads\/2026\/02\/20260415-DOM100-D.jpg\" alt=\"\"  srcset=\"https:\/\/www.24zabrze.pl\/wiadomosci\/wp-content\/uploads\/2026\/02\/20260415-DOM100-D.jpg 750w, https:\/\/www.24zabrze.pl\/wiadomosci\/wp-content\/uploads\/2026\/02\/20260415-DOM100-D-410x109.jpg 410w\" sizes=\"(max-width: 750px) 100vw, 750px\" class=\"no-lazyload\" width=\"750\" height=\"200\"  style=\"display: inline-block; max-width: 100%; height: auto;\" \/><\/a><\/div><\/div><h3> Urz\u0119duj\u0105cy minister zdrowia zosta\u0142 liderem listy wyborczej w jesiennym wy\u015bcigu do parlamentu. Dotychczasowi rozgrywaj\u0105cy PO zostali daleko w tyle. <\/h3>\n<p>Najwi\u0119kszym przegranym w rywalizacji o liderowanie partii rz\u0105dz\u0105cej na \u015al\u0105sku to <strong>Tomasz Tomczykiewicz<\/strong>. O tym jednak, \u017ce pierwszego miejsca na li\u015bcie nie dostanie, spekulowano ju\u017c od d\u0142u\u017cszego czasu. <\/p><div class=\"zabrz-a3-z-w-tresci-artykulow zabrz-entity-placement\" id=\"zabrz-2161289883\"><div class=\"zabrz-adlabel\"><span style=\"font-size: 9px\">REKLAMA<\/span><\/div><div id=\"zabrz-4232463569\" style=\"margin-bottom: 40px;margin-left: auto;margin-right: auto;text-align: center;\"><a data-no-instant=\"1\" href=\"https:\/\/ogrodyandersa.pl\/\" rel=\"noopener\" class=\"a2t-link\" target=\"_blank\" aria-label=\"20260415 Ogrody Andersa WYBIERZ MIESZKANIE D\"><img loading=\"lazy\" decoding=\"async\" src=\"https:\/\/www.24zabrze.pl\/wiadomosci\/wp-content\/uploads\/2026\/02\/20260415-Ogrody-Andersa-WYBIERZ-MIESZKANIE-D.jpg\" alt=\"\"  srcset=\"https:\/\/www.24zabrze.pl\/wiadomosci\/wp-content\/uploads\/2026\/02\/20260415-Ogrody-Andersa-WYBIERZ-MIESZKANIE-D.jpg 750w, https:\/\/www.24zabrze.pl\/wiadomosci\/wp-content\/uploads\/2026\/02\/20260415-Ogrody-Andersa-WYBIERZ-MIESZKANIE-D-410x109.jpg 410w\" sizes=\"(max-width: 750px) 100vw, 750px\" class=\"no-lazyload\" width=\"750\" height=\"200\"  style=\"display: inline-block; max-width: 100%; height: auto;\" \/><\/a><\/div><\/div>\n<p><strong>Tomczykiewicz<\/strong> na skutek afery ta\u015bmowej znalaz\u0142 si\u0119 w\u015br\u00f3d os\u00f3b, kt\u00f3re musia\u0142y z\u0142o\u017cy\u0107 dymisj\u0119 (by\u0142 wiceministrem gospodarki). P\u00f3\u017aniej wsp\u00f3\u0142pracownicy premier <strong>E. Kopacz<\/strong> zacz\u0119li sugerowa\u0107, \u017ce liderzy regionalnych struktur jedynek mie\u0107 nie b\u0119d\u0105. Tomasz Tomczykiewicz otrzyma\u0142 drugie miejsce na li\u015bcie. <\/p>\n<p>&#8211; To nie tylko czas uk\u0142adania list, ale tak\u017ce wyci\u0105gania wniosk\u00f3w &#8211; argumentuje premier <strong>Ewa Kopacz<\/strong>.<\/p>\n<p>Zapowiedziano te\u017c, \u017ce zarz\u0105d krajowy mocno zmieni ustalone przez regionalne struktury listy. I tak w\u0142a\u015bnie si\u0119 sta\u0142o.<\/p>\n<p>Bynajmniej nie jest on jedynym przegranym w kontek\u015bcie listy wyborczej. Dalekie, jak na swoj\u0105 pozycj\u0119 w partii miejsce otrzyma\u0142 <strong>Marek W\u00f3jcik<\/strong>. Jest dopiero pi\u0105ty.<\/p>\n<p>Prof. <strong>Marian Zembala<\/strong> cieszy si\u0119 na \u015al\u0105sku ogromn\u0105 popularno\u015bci\u0105. Szefuj\u0105c \u015al\u0105skiemu Centrum Chor\u00f3b Serca w Zabrza uchodzi\u0142 za cz\u0142owieka stanowczego i charyzmatycznego. Jesieni\u0105 ubieg\u0142ego roku zdoby\u0142 mandat radnego sejmiku wojew\u00f3dztwa \u015bl\u0105skiego. <\/p>\n<p>(TK)<\/p>\n","protected":false},"excerpt":{"rendered":"<p>Urz\u0119duj\u0105cy minister zdrowia zosta\u0142 liderem listy wyborczej w jesiennym wy\u015bcigu do parlamentu. Dotychczasowi rozgrywaj\u0105cy PO zostali daleko w tyle. Najwi\u0119kszym przegranym w rywalizacji o liderowanie partii rz\u0105dz\u0105cej na \u015al\u0105sku to Tomasz Tomczykiewicz. O tym jednak, \u017ce pierwszego miejsca na li\u015bcie nie dostanie, spekulowano ju\u017c od d\u0142u\u017cszego czasu. Tomczykiewicz na skutek afery ta\u015bmowej znalaz\u0142 si\u0119 w\u015br\u00f3d [&hellip;]<\/p>\n","protected":false},"author":4,"featured_media":75944,"comment_status":"closed","ping_status":"closed","sticky":false,"template":"","format":"standard","meta":{"_monsterinsights_skip_tracking":false,"_monsterinsights_sitenote_active":false,"_monsterinsights_sitenote_note":"","_monsterinsights_sitenote_category":0,"footnotes":"","_links_to":"","_links_to_target":""},"categories":[8,9,1],"tags":[],"class_list":["post-75939","post","type-post","status-publish","format-standard","has-post-thumbnail","hentry","category-referendum","category-stronaglowna","category-wszystko"],"_links":{"self":[{"href":"https:\/\/www.24zabrze.pl\/wiadomosci\/wp-json\/wp\/v2\/posts\/75939","targetHints":{"allow":["GET"]}}],"collection":[{"href":"https:\/\/www.24zabrze.pl\/wiadomosci\/wp-json\/wp\/v2\/posts"}],"about":[{"href":"https:\/\/www.24zabrze.pl\/wiadomosci\/wp-json\/wp\/v2\/types\/post"}],"author":[{"embeddable":true,"href":"https:\/\/www.24zabrze.pl\/wiadomosci\/wp-json\/wp\/v2\/users\/4"}],"replies":[{"embeddable":true,"href":"https:\/\/www.24zabrze.pl\/wiadomosci\/wp-json\/wp\/v2\/comments?post=75939"}],"version-history":[{"count":0,"href":"https:\/\/www.24zabrze.pl\/wiadomosci\/wp-json\/wp\/v2\/posts\/75939\/revisions"}],"wp:featuredmedia":[{"embeddable":true,"href":"https:\/\/www.24zabrze.pl\/wiadomosci\/wp-json\/wp\/v2\/media\/75944"}],"wp:attachment":[{"href":"https:\/\/www.24zabrze.pl\/wiadomosci\/wp-json\/wp\/v2\/media?parent=75939"}],"wp:term":[{"taxonomy":"category","embeddable":true,"href":"https:\/\/www.24zabrze.pl\/wiadomosci\/wp-json\/wp\/v2\/categories?post=75939"},{"taxonomy":"post_tag","embeddable":true,"href":"https:\/\/www.24zabrze.pl\/wiadomosci\/wp-json\/wp\/v2\/tags?post=75939"}],"curies":[{"name":"wp","href":"https:\/\/api.w.org\/{rel}","templated":true}]}}