{"id":75931,"date":"2015-08-07T10:29:24","date_gmt":"2015-08-07T08:29:24","guid":{"rendered":"http:\/\/www.24zabrze.pl\/wiadomosci\/?p=75931"},"modified":"2015-08-07T10:29:24","modified_gmt":"2015-08-07T08:29:24","slug":"z-zabrza-pojedziemy-jednak-pendolino-ale-dopiero-w-zimie","status":"publish","type":"post","link":"https:\/\/www.24zabrze.pl\/wiadomosci\/z-zabrza-pojedziemy-jednak-pendolino-ale-dopiero-w-zimie\/","title":{"rendered":"Z Zabrza pojedziemy jednak pendolino. Ale dopiero&#8230; w zimie"},"content":{"rendered":"<div class=\"zabrz-a6-z-nad-leadem-artykulow zabrz-entity-placement\" id=\"zabrz-378571376\"><div class=\"zabrz-adlabel\"><span style=\"font-size: 9px\">REKLAMA<\/span><\/div><div id=\"zabrz-3310015615\" style=\"margin-bottom: 30px;margin-left: auto;margin-right: auto;text-align: center;\"><a data-no-instant=\"1\" href=\"https:\/\/dom100.eu\/\" rel=\"noopener\" class=\"a2t-link\" target=\"_blank\" aria-label=\"20260415 DOM100 D\"><img loading=\"lazy\" decoding=\"async\" src=\"https:\/\/www.24zabrze.pl\/wiadomosci\/wp-content\/uploads\/2026\/02\/20260415-DOM100-D.jpg\" alt=\"\"  srcset=\"https:\/\/www.24zabrze.pl\/wiadomosci\/wp-content\/uploads\/2026\/02\/20260415-DOM100-D.jpg 750w, https:\/\/www.24zabrze.pl\/wiadomosci\/wp-content\/uploads\/2026\/02\/20260415-DOM100-D-410x109.jpg 410w\" sizes=\"(max-width: 750px) 100vw, 750px\" class=\"no-lazyload\" width=\"750\" height=\"200\"  style=\"display: inline-block; max-width: 100%; height: auto;\" \/><\/a><\/div><\/div><h3> Dwa sk\u0142ady poci\u0105gu Express Intercity Premium b\u0119d\u0105 zatrzymywa\u0142y si\u0119 w Zabrzu od grudnia. Pierwotnie sp\u00f3\u0142ka PKP Intercity zak\u0142ada\u0142a, \u017ce raczej nie b\u0119dzie to mo\u017cliwe. <\/h3>\n<p>To dobra informacja dla pasa\u017cer\u00f3w, kt\u00f3rzy s\u0142u\u017cbowo musz\u0105 podr\u00f3\u017cowa\u0107 do Tr\u00f3jmiasta lub Warszawy. Pod koniec roku nie b\u0119d\u0105 ju\u017c musieli zaczyna\u0107 swojej eskapady od konieczno\u015bci jazdy do Katowic. <\/p><div class=\"zabrz-a3-z-w-tresci-artykulow zabrz-entity-placement\" id=\"zabrz-3367815772\"><div class=\"zabrz-adlabel\"><span style=\"font-size: 9px\">REKLAMA<\/span><\/div><div id=\"zabrz-2391769663\" style=\"margin-bottom: 40px;margin-left: auto;margin-right: auto;text-align: center;\"><a data-no-instant=\"1\" href=\"https:\/\/ogrodyandersa.pl\/\" rel=\"noopener\" class=\"a2t-link\" target=\"_blank\" aria-label=\"20260415 Ogrody Andersa WYBIERZ MIESZKANIE D\"><img loading=\"lazy\" decoding=\"async\" src=\"https:\/\/www.24zabrze.pl\/wiadomosci\/wp-content\/uploads\/2026\/02\/20260415-Ogrody-Andersa-WYBIERZ-MIESZKANIE-D.jpg\" alt=\"\"  srcset=\"https:\/\/www.24zabrze.pl\/wiadomosci\/wp-content\/uploads\/2026\/02\/20260415-Ogrody-Andersa-WYBIERZ-MIESZKANIE-D.jpg 750w, https:\/\/www.24zabrze.pl\/wiadomosci\/wp-content\/uploads\/2026\/02\/20260415-Ogrody-Andersa-WYBIERZ-MIESZKANIE-D-410x109.jpg 410w\" sizes=\"(max-width: 750px) 100vw, 750px\" class=\"no-lazyload\" width=\"750\" height=\"200\"  style=\"display: inline-block; max-width: 100%; height: auto;\" \/><\/a><\/div><\/div>\n<p>Nie oznacza to jednak zwi\u0119kszenia ilo\u015bci po\u0142\u0105cze\u0144 ze stolic\u0105 kraju. Sp\u00f3\u0142ka zamierza bowiem wycofa\u0107 poci\u0105g Intercity &#8220;G\u00f3rnik&#8221;, do kt\u00f3rego przez przez lata pasa\u017cerowie zd\u0105\u017cyli si\u0119 przyzwyczai\u0107. <\/p>\n<p>(TK)<\/p>\n","protected":false},"excerpt":{"rendered":"<p>Dwa sk\u0142ady poci\u0105gu Express Intercity Premium b\u0119d\u0105 zatrzymywa\u0142y si\u0119 w Zabrzu od grudnia. Pierwotnie sp\u00f3\u0142ka PKP Intercity zak\u0142ada\u0142a, \u017ce raczej nie b\u0119dzie to mo\u017cliwe. To dobra informacja dla pasa\u017cer\u00f3w, kt\u00f3rzy s\u0142u\u017cbowo musz\u0105 podr\u00f3\u017cowa\u0107 do Tr\u00f3jmiasta lub Warszawy. Pod koniec roku nie b\u0119d\u0105 ju\u017c musieli zaczyna\u0107 swojej eskapady od konieczno\u015bci jazdy do Katowic. Nie oznacza to [&hellip;]<\/p>\n","protected":false},"author":4,"featured_media":75932,"comment_status":"closed","ping_status":"closed","sticky":false,"template":"","format":"standard","meta":{"_monsterinsights_skip_tracking":false,"_monsterinsights_sitenote_active":false,"_monsterinsights_sitenote_note":"","_monsterinsights_sitenote_category":0,"footnotes":"","_links_to":"","_links_to_target":""},"categories":[8,9,1],"tags":[],"class_list":["post-75931","post","type-post","status-publish","format-standard","has-post-thumbnail","hentry","category-referendum","category-stronaglowna","category-wszystko"],"_links":{"self":[{"href":"https:\/\/www.24zabrze.pl\/wiadomosci\/wp-json\/wp\/v2\/posts\/75931","targetHints":{"allow":["GET"]}}],"collection":[{"href":"https:\/\/www.24zabrze.pl\/wiadomosci\/wp-json\/wp\/v2\/posts"}],"about":[{"href":"https:\/\/www.24zabrze.pl\/wiadomosci\/wp-json\/wp\/v2\/types\/post"}],"author":[{"embeddable":true,"href":"https:\/\/www.24zabrze.pl\/wiadomosci\/wp-json\/wp\/v2\/users\/4"}],"replies":[{"embeddable":true,"href":"https:\/\/www.24zabrze.pl\/wiadomosci\/wp-json\/wp\/v2\/comments?post=75931"}],"version-history":[{"count":0,"href":"https:\/\/www.24zabrze.pl\/wiadomosci\/wp-json\/wp\/v2\/posts\/75931\/revisions"}],"wp:featuredmedia":[{"embeddable":true,"href":"https:\/\/www.24zabrze.pl\/wiadomosci\/wp-json\/wp\/v2\/media\/75932"}],"wp:attachment":[{"href":"https:\/\/www.24zabrze.pl\/wiadomosci\/wp-json\/wp\/v2\/media?parent=75931"}],"wp:term":[{"taxonomy":"category","embeddable":true,"href":"https:\/\/www.24zabrze.pl\/wiadomosci\/wp-json\/wp\/v2\/categories?post=75931"},{"taxonomy":"post_tag","embeddable":true,"href":"https:\/\/www.24zabrze.pl\/wiadomosci\/wp-json\/wp\/v2\/tags?post=75931"}],"curies":[{"name":"wp","href":"https:\/\/api.w.org\/{rel}","templated":true}]}}