{"id":75867,"date":"2015-08-04T15:05:36","date_gmt":"2015-08-04T13:05:36","guid":{"rendered":"http:\/\/www.24zabrze.pl\/wiadomosci\/?p=75867"},"modified":"2015-08-05T09:25:03","modified_gmt":"2015-08-05T07:25:03","slug":"awaria-w-fortum-mozecie-nie-miec-cieplej-wody","status":"publish","type":"post","link":"https:\/\/www.24zabrze.pl\/wiadomosci\/awaria-w-fortum-mozecie-nie-miec-cieplej-wody\/","title":{"rendered":"Awaria w Fortum! Mo\u017cecie nie mie\u0107 ciep\u0142ej wody"},"content":{"rendered":"<div class=\"zabrz-a6-z-nad-leadem-artykulow zabrz-entity-placement\" id=\"zabrz-241405841\"><div class=\"zabrz-adlabel\"><span style=\"font-size: 9px\">REKLAMA<\/span><\/div><div id=\"zabrz-2296997935\" style=\"margin-bottom: 30px;margin-left: auto;margin-right: auto;text-align: center;\"><a data-no-instant=\"1\" href=\"https:\/\/dom100.eu\/\" rel=\"noopener\" class=\"a2t-link\" target=\"_blank\" aria-label=\"20260415 DOM100 D\"><img loading=\"lazy\" decoding=\"async\" src=\"https:\/\/www.24zabrze.pl\/wiadomosci\/wp-content\/uploads\/2026\/02\/20260415-DOM100-D.jpg\" alt=\"\"  srcset=\"https:\/\/www.24zabrze.pl\/wiadomosci\/wp-content\/uploads\/2026\/02\/20260415-DOM100-D.jpg 750w, https:\/\/www.24zabrze.pl\/wiadomosci\/wp-content\/uploads\/2026\/02\/20260415-DOM100-D-410x109.jpg 410w\" sizes=\"(max-width: 750px) 100vw, 750px\" class=\"no-lazyload\" width=\"750\" height=\"200\"  style=\"display: inline-block; max-width: 100%; height: auto;\" \/><\/a><\/div><\/div><h3> Je\u015bli ciep\u0142a woda trafia do waszych kran\u00f3w z tzw. nitki, to musicie liczy\u0107 si\u0119 z przerw\u0105 w jej dostawach. <\/h3>\n<p>Ciep\u0142ej wody nie b\u0119dzie do \u015brody. O awarii poinformowa\u0142 zabrza\u0144ski ZPEC w specjalnym komunikacie. Usterce uleg\u0142 jeden z kot\u0142\u00f3w. Problem dotyczy przede wszystkim os\u00f3b mieszkaj\u0105cych w zasobach Zabrza\u0144skiej Sp\u00f3\u0142dzielni Mieszkaniowej. <\/p><div class=\"zabrz-a3-z-w-tresci-artykulow zabrz-entity-placement\" id=\"zabrz-1512215872\"><div class=\"zabrz-adlabel\"><span style=\"font-size: 9px\">REKLAMA<\/span><\/div><div id=\"zabrz-1985737793\" style=\"margin-bottom: 40px;margin-left: auto;margin-right: auto;text-align: center;\"><a data-no-instant=\"1\" href=\"https:\/\/ogrodyandersa.pl\/\" rel=\"noopener\" class=\"a2t-link\" target=\"_blank\" aria-label=\"20260415 Ogrody Andersa WYBIERZ MIESZKANIE D\"><img loading=\"lazy\" decoding=\"async\" src=\"https:\/\/www.24zabrze.pl\/wiadomosci\/wp-content\/uploads\/2026\/02\/20260415-Ogrody-Andersa-WYBIERZ-MIESZKANIE-D.jpg\" alt=\"\"  srcset=\"https:\/\/www.24zabrze.pl\/wiadomosci\/wp-content\/uploads\/2026\/02\/20260415-Ogrody-Andersa-WYBIERZ-MIESZKANIE-D.jpg 750w, https:\/\/www.24zabrze.pl\/wiadomosci\/wp-content\/uploads\/2026\/02\/20260415-Ogrody-Andersa-WYBIERZ-MIESZKANIE-D-410x109.jpg 410w\" sizes=\"(max-width: 750px) 100vw, 750px\" class=\"no-lazyload\" width=\"750\" height=\"200\"  style=\"display: inline-block; max-width: 100%; height: auto;\" \/><\/a><\/div><\/div>\n<p>Ciep\u0142ej wody mo\u017ce nie by\u0107 w budynkach przy ulicach: Wolno\u015bci, Jod\u0142owej, Barlickiego, Hauptmana, \u015aw. Jacka, \u015aw. Kamila, Kruczej, Cisowej, Rymera, Kostki, Dzier\u017cona, 3 Maja, Jask\u00f3\u0142czej, Makoszowskiej, Matejki, Reymonta, Roosevelta, S\u0105dowej, placu Krakowskiego, Alei Korfantego, Cio\u0142kowskiego, Gagarina, Heweliusza, Kamiennej, Monte Cassino, Karola Miarki, Powsta\u0144c\u00f3w \u015al\u0105skich, placu Traugutta, \u0141anowej, Kotarbi\u0144skiego, Gda\u0144skiej, Tatarkiewicza, Sk\u0142odowskiej, Kochanowskiego, Szpitalnej, Jagiello\u0144skiej, Parku Hutniczego, placu Teatralnego, Hermisza, Damrota, Trocera i Dworskiej. <\/p>\n<p>Ciep\u0142a woda pop\u0142ynie z kran\u00f3w w \u015brod\u0119 po po\u0142udniu. <\/p>\n<p>(TK)<\/p>\n","protected":false},"excerpt":{"rendered":"<p>Je\u015bli ciep\u0142a woda trafia do waszych kran\u00f3w z tzw. nitki, to musicie liczy\u0107 si\u0119 z przerw\u0105 w jej dostawach. Ciep\u0142ej wody nie b\u0119dzie do \u015brody. O awarii poinformowa\u0142 zabrza\u0144ski ZPEC w specjalnym komunikacie. Usterce uleg\u0142 jeden z kot\u0142\u00f3w. Problem dotyczy przede wszystkim os\u00f3b mieszkaj\u0105cych w zasobach Zabrza\u0144skiej Sp\u00f3\u0142dzielni Mieszkaniowej. Ciep\u0142ej wody mo\u017ce nie by\u0107 w [&hellip;]<\/p>\n","protected":false},"author":4,"featured_media":75868,"comment_status":"closed","ping_status":"closed","sticky":false,"template":"","format":"standard","meta":{"_monsterinsights_skip_tracking":false,"_monsterinsights_sitenote_active":false,"_monsterinsights_sitenote_note":"","_monsterinsights_sitenote_category":0,"footnotes":"","_links_to":"","_links_to_target":""},"categories":[8,9,1],"tags":[],"class_list":["post-75867","post","type-post","status-publish","format-standard","has-post-thumbnail","hentry","category-referendum","category-stronaglowna","category-wszystko"],"_links":{"self":[{"href":"https:\/\/www.24zabrze.pl\/wiadomosci\/wp-json\/wp\/v2\/posts\/75867","targetHints":{"allow":["GET"]}}],"collection":[{"href":"https:\/\/www.24zabrze.pl\/wiadomosci\/wp-json\/wp\/v2\/posts"}],"about":[{"href":"https:\/\/www.24zabrze.pl\/wiadomosci\/wp-json\/wp\/v2\/types\/post"}],"author":[{"embeddable":true,"href":"https:\/\/www.24zabrze.pl\/wiadomosci\/wp-json\/wp\/v2\/users\/4"}],"replies":[{"embeddable":true,"href":"https:\/\/www.24zabrze.pl\/wiadomosci\/wp-json\/wp\/v2\/comments?post=75867"}],"version-history":[{"count":0,"href":"https:\/\/www.24zabrze.pl\/wiadomosci\/wp-json\/wp\/v2\/posts\/75867\/revisions"}],"wp:featuredmedia":[{"embeddable":true,"href":"https:\/\/www.24zabrze.pl\/wiadomosci\/wp-json\/wp\/v2\/media\/75868"}],"wp:attachment":[{"href":"https:\/\/www.24zabrze.pl\/wiadomosci\/wp-json\/wp\/v2\/media?parent=75867"}],"wp:term":[{"taxonomy":"category","embeddable":true,"href":"https:\/\/www.24zabrze.pl\/wiadomosci\/wp-json\/wp\/v2\/categories?post=75867"},{"taxonomy":"post_tag","embeddable":true,"href":"https:\/\/www.24zabrze.pl\/wiadomosci\/wp-json\/wp\/v2\/tags?post=75867"}],"curies":[{"name":"wp","href":"https:\/\/api.w.org\/{rel}","templated":true}]}}