{"id":75837,"date":"2015-08-03T04:39:06","date_gmt":"2015-08-03T02:39:06","guid":{"rendered":"http:\/\/www.24zabrze.pl\/wiadomosci\/?p=75837"},"modified":"2015-08-03T17:30:25","modified_gmt":"2015-08-03T15:30:25","slug":"legendarny-zabytek-dostal-drugie-zycie-laznia-lancuszkowa-bedzie-sluzyla-turystom-galeria","status":"publish","type":"post","link":"https:\/\/www.24zabrze.pl\/wiadomosci\/legendarny-zabytek-dostal-drugie-zycie-laznia-lancuszkowa-bedzie-sluzyla-turystom-galeria\/","title":{"rendered":"Legendarny zabytek dosta\u0142 drugie \u017cycie. \u0141a\u017ania \u0142a\u0144cuszkowa b\u0119dzie s\u0142u\u017cy\u0142a turystom [GALERIA]"},"content":{"rendered":"<div class=\"zabrz-a6-z-nad-leadem-artykulow zabrz-entity-placement\" id=\"zabrz-2727028180\"><div class=\"zabrz-adlabel\"><span style=\"font-size: 9px\">REKLAMA<\/span><\/div><div id=\"zabrz-1252292893\" style=\"margin-bottom: 30px;margin-left: auto;margin-right: auto;text-align: center;\"><a data-no-instant=\"1\" href=\"https:\/\/dom100.eu\/\" rel=\"noopener\" class=\"a2t-link\" target=\"_blank\" aria-label=\"20260415 DOM100 D\"><img loading=\"lazy\" decoding=\"async\" src=\"https:\/\/www.24zabrze.pl\/wiadomosci\/wp-content\/uploads\/2026\/02\/20260415-DOM100-D.jpg\" alt=\"\"  srcset=\"https:\/\/www.24zabrze.pl\/wiadomosci\/wp-content\/uploads\/2026\/02\/20260415-DOM100-D.jpg 750w, https:\/\/www.24zabrze.pl\/wiadomosci\/wp-content\/uploads\/2026\/02\/20260415-DOM100-D-410x109.jpg 410w\" sizes=\"(max-width: 750px) 100vw, 750px\" class=\"no-lazyload\" width=\"750\" height=\"200\"  style=\"display: inline-block; max-width: 100%; height: auto;\" \/><\/a><\/div><\/div><h3> Jeszcze niedawno by\u0142a kompletnie zrujnowana. Dzi\u015b jest jedn\u0105 z wizyt\u00f3wek turystyki poprzemys\u0142owej miasta.<\/h3>\n<p>Budynek dawnej \u0142a\u017ani \u0142a\u0144cuszkowej, zlokalizowany przy ulicy Wolno\u015bci w Zaborzu w bliskim s\u0105siedztwie hali Pogoni, by\u0142 jednym z obiekt\u00f3w Kopalni ?Kr\u00f3lowa Luiza&#8221;, kt\u00f3ry powsta\u0142 w 1791 roku, jako pierwszy zak\u0142ad pa\u0144stwowy na G\u00f3rnym \u015al\u0105sku, na pocz\u0105tku procesu industrializacji tego regionu w XIX i XX wieku. Dawniej budynek ten stanowi\u0142 g\u0142\u00f3wne zaplecze ?socjalne&#8221; kopalni. Przez ostatnie lata bardziej jednak straszy\u0142 wygl\u0105dem ni\u017c stanowi\u0142 wizyt\u00f3wk\u0119 miasta, ale to ju\u017c si\u0119 zmieni\u0142o. <\/p><div class=\"zabrz-a3-z-w-tresci-artykulow zabrz-entity-placement\" id=\"zabrz-897891438\"><div class=\"zabrz-adlabel\"><span style=\"font-size: 9px\">REKLAMA<\/span><\/div><div id=\"zabrz-661295617\" style=\"margin-bottom: 40px;margin-left: auto;margin-right: auto;text-align: center;\"><a data-no-instant=\"1\" href=\"https:\/\/ogrodyandersa.pl\/\" rel=\"noopener\" class=\"a2t-link\" target=\"_blank\" aria-label=\"20260415 Ogrody Andersa WYBIERZ MIESZKANIE D\"><img loading=\"lazy\" decoding=\"async\" src=\"https:\/\/www.24zabrze.pl\/wiadomosci\/wp-content\/uploads\/2026\/02\/20260415-Ogrody-Andersa-WYBIERZ-MIESZKANIE-D.jpg\" alt=\"\"  srcset=\"https:\/\/www.24zabrze.pl\/wiadomosci\/wp-content\/uploads\/2026\/02\/20260415-Ogrody-Andersa-WYBIERZ-MIESZKANIE-D.jpg 750w, https:\/\/www.24zabrze.pl\/wiadomosci\/wp-content\/uploads\/2026\/02\/20260415-Ogrody-Andersa-WYBIERZ-MIESZKANIE-D-410x109.jpg 410w\" sizes=\"(max-width: 750px) 100vw, 750px\" class=\"no-lazyload\" width=\"750\" height=\"200\"  style=\"display: inline-block; max-width: 100%; height: auto;\" \/><\/a><\/div><\/div>\n<p>&#8211; Projekt dotyczy nie tylko samej przebudowy, ale tak\u017ce zmiany sposobu jego u\u017cytkowania. \u0141a\u017ania zosta\u0142a zaadaptowana na cele muzealne, kulturalne, turystyczne i edukacyjne. Warto jednak zaznaczy\u0107, \u017ce przestrze\u0144 wewn\u0119trzna budynku zachowuje sw\u00f3j historyczny wygl\u0105d ? podkre\u015bla <strong>Andrzej Mitek<\/strong>, specjalista ds. komunikacji spo\u0142ecznej Muzeum G\u00f3rnictwa W\u0119glowego w Zabrzu. <\/p>\n<p>W budynku finalnie b\u0119dzie mie\u015bci\u0142 si\u0119 punkt obs\u0142ugi ruchu turystycznego i restauracja. <\/p>\n<p>&#8211; Tury\u015bci tam zakupi\u0105 bilet, pobior\u0105 kaski i przejd\u0105 naziemn\u0105 k\u0142adk\u0105 w kierunku szybu Carnall, kt\u00f3rym mo\u017cna zej\u015b\u0107 40 metr\u00f3w w g\u0142\u0105b na poziom sztolni. \u0141a\u017ania b\u0119dzie tym miejscem, w kt\u00f3rym zwiedzaj\u0105cy rozpoczn\u0105 przygod\u0119 ze Sztolni\u0105 Kr\u00f3lowa Luiza. W tej chwili mo\u017cna zwiedza\u0107 naziemn\u0105 stref\u0119, w tym dwie wystawy tematyczne ?Niezwyk\u0142a historia? i ?Kopalnia Edisona?, pokaz pracy zabytkowej maszyny parowej i wej\u015bcie na wie\u017c\u0119 szybow\u0105 szybu Carnall ? dodaje <strong>Andrzej Mitek.<\/strong><\/p>\n<p>Najtrudniejsze prace budowlane w \u0141a\u017ani zako\u0144czy\u0142y si\u0119 w po\u0142owie czerwca. Obj\u0119\u0142y one m.in. gruntow\u0105 modernizacj\u0119 elewacji budynku, fundament\u00f3w, dachu, okien oraz uporz\u0105dkowanie wn\u0119trza. Do ko\u0144ca wrze\u015bnia potrwaj\u0105 prace zwi\u0105zane z doposa\u017caniem obiektu m.in. w niezb\u0119dny sprz\u0119t, meble i wyposa\u017cenie zaplecza kuchni. Budynek zostanie dostosowany do potrzeb os\u00f3b niepe\u0142nosprawnych.<\/p>\n<p>\u0141a\u017ania jest cz\u0119\u015bci\u0105 Europejskiego O\u015brodka Kultury Technicznej i Turystyki Przemys\u0142owej &#8211; Skansen G\u00f3rniczy Kr\u00f3lowa Luiza w Zabrzu. Projekt wsp\u00f3\u0142finansuje Unia Europejska. Ca\u0142kowita warto\u015b\u0107 inwestycji wynosi blisko 7 mln z\u0142, z czego prawie 3,8 mln z\u0142 pochodzi z bud\u017cetu unijnego.<\/p>\n<p>Uruchomienie pierwszej podziemnej trasy turystycznej &#8211; od szybu Carnall przy ul. Wolno\u015bci do szybu Wilhelmina przy ul. Sienkiewicza planowane jest w 2016 roku. W tym etapie odwiedzaj\u0105cy przejd\u0105 g\u0142\u00f3wnym chodnikiem sztolni oraz wydr\u0105\u017conym w pok\u0142adzie w\u0119gla chodnikiem 510. <\/p>\n<div id='gallery-1' class='vce-gallery gallery galleryid-75837 gallery-columns-3 gallery-size-vce-lay-b'><div class=\"vce-gallery-big\"><div class=\"big-gallery-item item-0\" >\n\t\t\t<div class='gallery-icon'>\n\t\t\t\t<a href='https:\/\/www.24zabrze.pl\/wiadomosci\/wp-content\/uploads\/2015\/08\/1-nowa4.jpg'><img loading=\"lazy\" decoding=\"async\" width=\"810\" height=\"457\" src=\"https:\/\/www.24zabrze.pl\/wiadomosci\/wp-content\/uploads\/2015\/08\/1-nowa4-810x457.jpg\" class=\"attachment-vce-lay-a size-vce-lay-a\" alt=\"\" srcset=\"https:\/\/www.24zabrze.pl\/wiadomosci\/wp-content\/uploads\/2015\/08\/1-nowa4.jpg 810w, https:\/\/www.24zabrze.pl\/wiadomosci\/wp-content\/uploads\/2015\/08\/1-nowa4-768x433.jpg 768w, https:\/\/www.24zabrze.pl\/wiadomosci\/wp-content\/uploads\/2015\/08\/1-nowa4-410x232.jpg 410w, https:\/\/www.24zabrze.pl\/wiadomosci\/wp-content\/uploads\/2015\/08\/1-nowa4-806x455.jpg 806w\" sizes=\"auto, (max-width: 810px) 100vw, 810px\" \/><\/a>\n\t\t\t<\/div><\/div><div class=\"big-gallery-item item-1\" style=\"display:none;\">\n\t\t\t<div class='gallery-icon'>\n\t\t\t\t<a href='https:\/\/www.24zabrze.pl\/wiadomosci\/wp-content\/uploads\/2015\/08\/1-nowa3.jpg'><img loading=\"lazy\" decoding=\"async\" width=\"810\" height=\"457\" src=\"https:\/\/www.24zabrze.pl\/wiadomosci\/wp-content\/uploads\/2015\/08\/1-nowa3-810x457.jpg\" class=\"attachment-vce-lay-a size-vce-lay-a\" alt=\"\" srcset=\"https:\/\/www.24zabrze.pl\/wiadomosci\/wp-content\/uploads\/2015\/08\/1-nowa3.jpg 810w, https:\/\/www.24zabrze.pl\/wiadomosci\/wp-content\/uploads\/2015\/08\/1-nowa3-768x433.jpg 768w, https:\/\/www.24zabrze.pl\/wiadomosci\/wp-content\/uploads\/2015\/08\/1-nowa3-410x232.jpg 410w, https:\/\/www.24zabrze.pl\/wiadomosci\/wp-content\/uploads\/2015\/08\/1-nowa3-806x455.jpg 806w\" sizes=\"auto, (max-width: 810px) 100vw, 810px\" \/><\/a>\n\t\t\t<\/div><\/div><div class=\"big-gallery-item item-2\" style=\"display:none;\">\n\t\t\t<div class='gallery-icon'>\n\t\t\t\t<a href='https:\/\/www.24zabrze.pl\/wiadomosci\/wp-content\/uploads\/2015\/08\/1-nowa2.jpg'><img loading=\"lazy\" decoding=\"async\" width=\"810\" height=\"457\" src=\"https:\/\/www.24zabrze.pl\/wiadomosci\/wp-content\/uploads\/2015\/08\/1-nowa2-810x457.jpg\" class=\"attachment-vce-lay-a size-vce-lay-a\" alt=\"\" srcset=\"https:\/\/www.24zabrze.pl\/wiadomosci\/wp-content\/uploads\/2015\/08\/1-nowa2.jpg 810w, https:\/\/www.24zabrze.pl\/wiadomosci\/wp-content\/uploads\/2015\/08\/1-nowa2-768x433.jpg 768w, https:\/\/www.24zabrze.pl\/wiadomosci\/wp-content\/uploads\/2015\/08\/1-nowa2-410x232.jpg 410w, https:\/\/www.24zabrze.pl\/wiadomosci\/wp-content\/uploads\/2015\/08\/1-nowa2-806x455.jpg 806w\" sizes=\"auto, (max-width: 810px) 100vw, 810px\" \/><\/a>\n\t\t\t<\/div><\/div><div class=\"big-gallery-item item-3\" style=\"display:none;\">\n\t\t\t<div class='gallery-icon'>\n\t\t\t\t<a href='https:\/\/www.24zabrze.pl\/wiadomosci\/wp-content\/uploads\/2015\/08\/1-laznia07.jpg'><img loading=\"lazy\" decoding=\"async\" width=\"810\" height=\"457\" src=\"https:\/\/www.24zabrze.pl\/wiadomosci\/wp-content\/uploads\/2015\/08\/1-laznia07-810x457.jpg\" class=\"attachment-vce-lay-a size-vce-lay-a\" alt=\"\" srcset=\"https:\/\/www.24zabrze.pl\/wiadomosci\/wp-content\/uploads\/2015\/08\/1-laznia07.jpg 810w, https:\/\/www.24zabrze.pl\/wiadomosci\/wp-content\/uploads\/2015\/08\/1-laznia07-768x433.jpg 768w, https:\/\/www.24zabrze.pl\/wiadomosci\/wp-content\/uploads\/2015\/08\/1-laznia07-410x232.jpg 410w, https:\/\/www.24zabrze.pl\/wiadomosci\/wp-content\/uploads\/2015\/08\/1-laznia07-806x455.jpg 806w\" sizes=\"auto, (max-width: 810px) 100vw, 810px\" \/><\/a>\n\t\t\t<\/div><\/div><div class=\"big-gallery-item item-4\" style=\"display:none;\">\n\t\t\t<div class='gallery-icon'>\n\t\t\t\t<a href='https:\/\/www.24zabrze.pl\/wiadomosci\/wp-content\/uploads\/2015\/08\/1-laznia09.jpg'><img loading=\"lazy\" decoding=\"async\" width=\"810\" height=\"456\" src=\"https:\/\/www.24zabrze.pl\/wiadomosci\/wp-content\/uploads\/2015\/08\/1-laznia09-810x456.jpg\" class=\"attachment-vce-lay-a size-vce-lay-a\" alt=\"\" srcset=\"https:\/\/www.24zabrze.pl\/wiadomosci\/wp-content\/uploads\/2015\/08\/1-laznia09.jpg 810w, https:\/\/www.24zabrze.pl\/wiadomosci\/wp-content\/uploads\/2015\/08\/1-laznia09-768x432.jpg 768w, https:\/\/www.24zabrze.pl\/wiadomosci\/wp-content\/uploads\/2015\/08\/1-laznia09-410x232.jpg 410w, https:\/\/www.24zabrze.pl\/wiadomosci\/wp-content\/uploads\/2015\/08\/1-laznia09-808x455.jpg 808w\" sizes=\"auto, (max-width: 810px) 100vw, 810px\" \/><\/a>\n\t\t\t<\/div><\/div><div class=\"big-gallery-item item-5\" style=\"display:none;\">\n\t\t\t<div class='gallery-icon'>\n\t\t\t\t<a href='https:\/\/www.24zabrze.pl\/wiadomosci\/wp-content\/uploads\/2015\/08\/1-laznia05.jpg'><img loading=\"lazy\" decoding=\"async\" width=\"810\" height=\"456\" src=\"https:\/\/www.24zabrze.pl\/wiadomosci\/wp-content\/uploads\/2015\/08\/1-laznia05-810x456.jpg\" class=\"attachment-vce-lay-a size-vce-lay-a\" alt=\"\" srcset=\"https:\/\/www.24zabrze.pl\/wiadomosci\/wp-content\/uploads\/2015\/08\/1-laznia05.jpg 810w, https:\/\/www.24zabrze.pl\/wiadomosci\/wp-content\/uploads\/2015\/08\/1-laznia05-768x432.jpg 768w, https:\/\/www.24zabrze.pl\/wiadomosci\/wp-content\/uploads\/2015\/08\/1-laznia05-410x232.jpg 410w, https:\/\/www.24zabrze.pl\/wiadomosci\/wp-content\/uploads\/2015\/08\/1-laznia05-808x455.jpg 808w\" sizes=\"auto, (max-width: 810px) 100vw, 810px\" \/><\/a>\n\t\t\t<\/div><\/div><\/div><div class=\"vce-gallery-slider\" data-columns=\"3\"><figure class='gallery-item' data-item='0'>\n\t\t\t<div class='gallery-icon landscape'>\n\t\t\t\t<a href='https:\/\/www.24zabrze.pl\/wiadomosci\/wp-content\/uploads\/2015\/08\/1-nowa4.jpg'><img loading=\"lazy\" decoding=\"async\" width=\"375\" height=\"195\" src=\"https:\/\/www.24zabrze.pl\/wiadomosci\/wp-content\/uploads\/2015\/08\/1-nowa4-375x195.jpg\" class=\"attachment-vce-lay-b size-vce-lay-b\" alt=\"\" \/><\/a>\n\t\t\t<\/div><\/figure><figure class='gallery-item' data-item='1'>\n\t\t\t<div class='gallery-icon landscape'>\n\t\t\t\t<a href='https:\/\/www.24zabrze.pl\/wiadomosci\/wp-content\/uploads\/2015\/08\/1-nowa3.jpg'><img loading=\"lazy\" decoding=\"async\" width=\"375\" height=\"195\" src=\"https:\/\/www.24zabrze.pl\/wiadomosci\/wp-content\/uploads\/2015\/08\/1-nowa3-375x195.jpg\" class=\"attachment-vce-lay-b size-vce-lay-b\" alt=\"\" \/><\/a>\n\t\t\t<\/div><\/figure><figure class='gallery-item' data-item='2'>\n\t\t\t<div class='gallery-icon landscape'>\n\t\t\t\t<a href='https:\/\/www.24zabrze.pl\/wiadomosci\/wp-content\/uploads\/2015\/08\/1-nowa2.jpg'><img loading=\"lazy\" decoding=\"async\" width=\"375\" height=\"195\" src=\"https:\/\/www.24zabrze.pl\/wiadomosci\/wp-content\/uploads\/2015\/08\/1-nowa2-375x195.jpg\" class=\"attachment-vce-lay-b size-vce-lay-b\" alt=\"\" \/><\/a>\n\t\t\t<\/div><\/figure><figure class='gallery-item' data-item='3'>\n\t\t\t<div class='gallery-icon landscape'>\n\t\t\t\t<a href='https:\/\/www.24zabrze.pl\/wiadomosci\/wp-content\/uploads\/2015\/08\/1-laznia07.jpg'><img loading=\"lazy\" decoding=\"async\" width=\"375\" height=\"195\" src=\"https:\/\/www.24zabrze.pl\/wiadomosci\/wp-content\/uploads\/2015\/08\/1-laznia07-375x195.jpg\" class=\"attachment-vce-lay-b size-vce-lay-b\" alt=\"\" \/><\/a>\n\t\t\t<\/div><\/figure><figure class='gallery-item' data-item='4'>\n\t\t\t<div class='gallery-icon landscape'>\n\t\t\t\t<a href='https:\/\/www.24zabrze.pl\/wiadomosci\/wp-content\/uploads\/2015\/08\/1-laznia09.jpg'><img loading=\"lazy\" decoding=\"async\" width=\"375\" height=\"195\" src=\"https:\/\/www.24zabrze.pl\/wiadomosci\/wp-content\/uploads\/2015\/08\/1-laznia09-375x195.jpg\" class=\"attachment-vce-lay-b size-vce-lay-b\" alt=\"\" \/><\/a>\n\t\t\t<\/div><\/figure><figure class='gallery-item' data-item='5'>\n\t\t\t<div class='gallery-icon landscape'>\n\t\t\t\t<a href='https:\/\/www.24zabrze.pl\/wiadomosci\/wp-content\/uploads\/2015\/08\/1-laznia05.jpg'><img loading=\"lazy\" decoding=\"async\" width=\"375\" height=\"195\" src=\"https:\/\/www.24zabrze.pl\/wiadomosci\/wp-content\/uploads\/2015\/08\/1-laznia05-375x195.jpg\" class=\"attachment-vce-lay-b size-vce-lay-b\" alt=\"\" \/><\/a>\n\t\t\t<\/div><\/figure><\/div><\/div>\n(TK)<\/p>\n","protected":false},"excerpt":{"rendered":"<p>Jeszcze niedawno by\u0142a kompletnie zrujnowana. Dzi\u015b jest jedn\u0105 z wizyt\u00f3wek turystyki poprzemys\u0142owej miasta. Budynek dawnej \u0142a\u017ani \u0142a\u0144cuszkowej, zlokalizowany przy ulicy Wolno\u015bci w Zaborzu w bliskim s\u0105siedztwie hali Pogoni, by\u0142 jednym z obiekt\u00f3w Kopalni ?Kr\u00f3lowa Luiza&#8221;, kt\u00f3ry powsta\u0142 w 1791 roku, jako pierwszy zak\u0142ad pa\u0144stwowy na G\u00f3rnym \u015al\u0105sku, na pocz\u0105tku procesu industrializacji tego regionu w XIX [&hellip;]<\/p>\n","protected":false},"author":4,"featured_media":75838,"comment_status":"closed","ping_status":"closed","sticky":false,"template":"","format":"standard","meta":{"_monsterinsights_skip_tracking":false,"_monsterinsights_sitenote_active":false,"_monsterinsights_sitenote_note":"","_monsterinsights_sitenote_category":0,"footnotes":"","_links_to":"","_links_to_target":""},"categories":[8,9,1],"tags":[],"class_list":["post-75837","post","type-post","status-publish","format-standard","has-post-thumbnail","hentry","category-referendum","category-stronaglowna","category-wszystko"],"_links":{"self":[{"href":"https:\/\/www.24zabrze.pl\/wiadomosci\/wp-json\/wp\/v2\/posts\/75837","targetHints":{"allow":["GET"]}}],"collection":[{"href":"https:\/\/www.24zabrze.pl\/wiadomosci\/wp-json\/wp\/v2\/posts"}],"about":[{"href":"https:\/\/www.24zabrze.pl\/wiadomosci\/wp-json\/wp\/v2\/types\/post"}],"author":[{"embeddable":true,"href":"https:\/\/www.24zabrze.pl\/wiadomosci\/wp-json\/wp\/v2\/users\/4"}],"replies":[{"embeddable":true,"href":"https:\/\/www.24zabrze.pl\/wiadomosci\/wp-json\/wp\/v2\/comments?post=75837"}],"version-history":[{"count":0,"href":"https:\/\/www.24zabrze.pl\/wiadomosci\/wp-json\/wp\/v2\/posts\/75837\/revisions"}],"wp:featuredmedia":[{"embeddable":true,"href":"https:\/\/www.24zabrze.pl\/wiadomosci\/wp-json\/wp\/v2\/media\/75838"}],"wp:attachment":[{"href":"https:\/\/www.24zabrze.pl\/wiadomosci\/wp-json\/wp\/v2\/media?parent=75837"}],"wp:term":[{"taxonomy":"category","embeddable":true,"href":"https:\/\/www.24zabrze.pl\/wiadomosci\/wp-json\/wp\/v2\/categories?post=75837"},{"taxonomy":"post_tag","embeddable":true,"href":"https:\/\/www.24zabrze.pl\/wiadomosci\/wp-json\/wp\/v2\/tags?post=75837"}],"curies":[{"name":"wp","href":"https:\/\/api.w.org\/{rel}","templated":true}]}}